{"id":164191,"date":"2025-06-09T21:58:10","date_gmt":"2025-06-09T21:58:10","guid":{"rendered":"https:\/\/www.europesays.com\/fr\/164191\/"},"modified":"2025-06-09T21:58:10","modified_gmt":"2025-06-09T21:58:10","slug":"dans-le-village-bras-le-conseil-departemental-du-var-engage-pour-lequite-territoriale","status":"publish","type":"post","link":"https:\/\/www.europesays.com\/fr\/164191\/","title":{"rendered":"Dans le village Bras, le conseil d\u00e9partemental du Var engag\u00e9 pour l\u2019\u00e9quit\u00e9 territoriale"},"content":{"rendered":"<p>Le Pr\u00e9sident du D\u00e9partement du Var, Jean-Louis Masson, s\u2019est rendu dans le village de Bras, une commune qui a mis\u00e9 sur la r\u00e9novation et l\u2019am\u00e9lioration de son centre depuis quelques ann\u00e9es, et a entrepris de grands travaux. Cette visite s\u2019inscrit dans une d\u00e9marche visant \u00e0 favoriser l\u2019\u00e9quit\u00e9 territoriale, avec plusieurs rencontres programm\u00e9es dans diff\u00e9rents villages afin d\u2019assurer une pr\u00e9sence et un suivi sur l\u2019ensemble du territoire.<\/p>\n<p>Sous l\u2019impulsion du maire Franck Pero, Bras a b\u00e9n\u00e9fici\u00e9 ces derni\u00e8res ann\u00e9es d\u2019importantes subventions pour le financement de projets d\u2019am\u00e9nagement. Gr\u00e2ce \u00e0 une strat\u00e9gie de demande de financements aupr\u00e8s des diff\u00e9rentes autorit\u00e9s (Agglom\u00e9ration, D\u00e9partement, R\u00e9gion, \u00c9tat), la commune parvient \u00e0 obtenir jusqu\u2019\u00e0 80% de subventionnement pour la quasi-totalit\u00e9 de ses projets d\u2019investissements structurants. Ces fonds ont permis la mise en s\u00e9curit\u00e9 d\u2019axes routiers, la r\u00e9novation du centre du village et la gestion des urgences, comme l\u2019effondrement r\u00e9cent d\u2019un pont communal.<\/p>\n<p>Mesurer l\u2019impact des aides<\/p>\n<p>Accompagn\u00e9 du maire et des \u00e9lus locaux, Jean-Louis Masson a parcouru le village \u00e0 pied pour constater la bonne utilisation des subventions d\u00e9partementales. Il a r\u00e9affirm\u00e9 l\u2019importance de r\u00e9viser \u00e0 la hausse l\u2019aide aux communes: \u00ab\u00a0Nous tenons \u00e0 ce que l\u2019\u00e9quit\u00e9 territoriale soit respect\u00e9e, d\u2019une part, mais \u00e9galement que l\u2019aide aux communes soit revue \u00e0 la hausse.\u00a0\u00bb<\/p>\n<p>Dans sa volont\u00e9 de rapprocher les d\u00e9cisions politiques des r\u00e9alit\u00e9s locales, Jean-Louis Masson souhaite accorder davantage d\u2019initiatives aux d\u00e9l\u00e9gu\u00e9s d\u00e9partementaux, qui sont les plus \u00e0 m\u00eame de faire remonter les besoins et d\u00e9fis des communes varoises. Ainsi, le d\u00e9partement a attribu\u00e9 environ 380.000 euros \u00e0 Bras en 2024 pour soutenir ses projets, contre 308.000 euros en 2023 et 150.000 euros en 2022, illustrant un engagement croissant en faveur de la commune.<\/p>\n<p>Cette visite souligne une volont\u00e9 politique forte: r\u00e9\u00e9quilibrer l\u2019attention port\u00e9e aux territoires ruraux et accompagner leur d\u00e9veloppement, garantissant ainsi une dynamique territoriale \u00e9quitable entre les grandes villes et les petites communes.<\/p>\n","protected":false},"excerpt":{"rendered":"Le Pr\u00e9sident du D\u00e9partement du Var, Jean-Louis Masson, s\u2019est rendu dans le village de Bras, une commune qui&hellip;\n","protected":false},"author":2,"featured_media":164192,"comment_status":"","ping_status":"","sticky":false,"template":"","format":"standard","meta":{"footnotes":""},"categories":[9619],"tags":[1111,11,1777,674,1011,27,12,882,25,2310,3366],"class_list":{"0":"post-164191","1":"post","2":"type-post","3":"status-publish","4":"format-standard","5":"has-post-thumbnail","7":"category-toulon","8":"tag-actu","9":"tag-actualites","10":"tag-eu","11":"tag-europe","12":"tag-fr","13":"tag-france","14":"tag-news","15":"tag-provence-alpes-cote-dazur","16":"tag-republique-francaise","17":"tag-toulon","18":"tag-vie-locale"},"share_on_mastodon":{"url":"https:\/\/pubeurope.com\/@fr\/114655651680417680","error":""},"_links":{"self":[{"href":"https:\/\/www.europesays.com\/fr\/wp-json\/wp\/v2\/posts\/164191","targetHints":{"allow":["GET"]}}],"collection":[{"href":"https:\/\/www.europesays.com\/fr\/wp-json\/wp\/v2\/posts"}],"about":[{"href":"https:\/\/www.europesays.com\/fr\/wp-json\/wp\/v2\/types\/post"}],"author":[{"embeddable":true,"href":"https:\/\/www.europesays.com\/fr\/wp-json\/wp\/v2\/users\/2"}],"replies":[{"embeddable":true,"href":"https:\/\/www.europesays.com\/fr\/wp-json\/wp\/v2\/comments?post=164191"}],"version-history":[{"count":0,"href":"https:\/\/www.europesays.com\/fr\/wp-json\/wp\/v2\/posts\/164191\/revisions"}],"wp:featuredmedia":[{"embeddable":true,"href":"https:\/\/www.europesays.com\/fr\/wp-json\/wp\/v2\/media\/164192"}],"wp:attachment":[{"href":"https:\/\/www.europesays.com\/fr\/wp-json\/wp\/v2\/media?parent=164191"}],"wp:term":[{"taxonomy":"category","embeddable":true,"href":"https:\/\/www.europesays.com\/fr\/wp-json\/wp\/v2\/categories?post=164191"},{"taxonomy":"post_tag","embeddable":true,"href":"https:\/\/www.europesays.com\/fr\/wp-json\/wp\/v2\/tags?post=164191"}],"curies":[{"name":"wp","href":"https:\/\/api.w.org\/{rel}","templated":true}]}}