{"id":164195,"date":"2025-06-09T22:00:16","date_gmt":"2025-06-09T22:00:16","guid":{"rendered":"https:\/\/www.europesays.com\/fr\/164195\/"},"modified":"2025-06-09T22:00:16","modified_gmt":"2025-06-09T22:00:16","slug":"besoins-en-main-doeuvre-quels-sont-les-metiers-en-tension-a-montpellier","status":"publish","type":"post","link":"https:\/\/www.europesays.com\/fr\/164195\/","title":{"rendered":"Besoins en main-d\u2019\u0153uvre : quels sont les m\u00e9tiers en tension \u00e0 Montpellier ?"},"content":{"rendered":"<p>L\u2019\u00e9dition 2025 de l\u2019enqu\u00eate Besoins en main-d\u2019\u0153uvre (BMO) men\u00e9e par France Travail Occitanie livre une photographie d\u00e9taill\u00e9e des intentions de recrutement des entreprises dans le bassin d\u2019emploi de Montpellier. Cette \u00e9tude confirme la pr\u00e9dominance du secteur des services et l\u2019ampleur des tensions sur le march\u00e9 du travail. Elle pointe \u00e9galement une l\u00e9g\u00e8re progression des projets de recrutements saisonniers (+ 1,7 point), les recruteurs montpelli\u00e9rains exprimant cependant une majorit\u00e9 de besoins durables, notamment dans des m\u00e9tiers qualifi\u00e9s.<\/p>\n<p>74\u00a0% des embauches dans les services<\/p>\n<p>Comme au niveau national, les services concentrent toujours l\u2019essentiel des projets d\u2019embauche, puisqu\u2019ils r\u00e9unissent 74% des 22.620 intentions d\u00e9clar\u00e9es par les employeurs. Cette tendance structurelle s\u2019est accentu\u00e9e ces derni\u00e8res ann\u00e9es, port\u00e9e par les secteurs du soin, de l\u2019aide \u00e0 la personne, du commerce, du tourisme et de l\u2019\u00e9ducation. \u00c0 l\u2019inverse, la construction, d\u00e9j\u00e0 fragilis\u00e9e par la conjoncture, conna\u00eet un recul significatif de ses projets de recrutement (de 30\u00a0%).<\/p>\n<p>Parmi les m\u00e9tiers les plus demand\u00e9s dans la m\u00e9tropole (hors emplois saisonniers), on retrouve en t\u00eate ceux de l\u2019aide \u00e0 domicile, les agents d\u2019entretien, les conducteurs de v\u00e9hicules, les aides-soignants, ou encore les personnels de logistique. Autant de professions souvent touch\u00e9es par un d\u00e9ficit d\u2019attractivit\u00e9 ou des conditions de travail contraignantes. L\u2019enqu\u00eate BMO alerte d\u2019ailleurs sur les tensions croissantes dans certains secteurs, posant la question de l\u2019ad\u00e9quation entre l\u2019offre de formation, l\u2019\u00e9volution des comp\u00e9tences et les attentes des employeurs. Cinq m\u00e9tiers enregistrent par exemple des taux de difficult\u00e9 \u00e0 recruter sup\u00e9rieurs \u00e0 60\u00a0% (contre 47% en moyenne tous m\u00e9tiers confondus en Occitanie. Il s\u2019agit des\u00a0: m\u00e9tiers de la comptabilit\u00e9, des aides \u00e0 domiciles et des auxiliaires de vie, des coiffeurs et des esth\u00e9ticiens, du personnel de m\u00e9nage chez les particuliers, et enfin des assistantes maternelles et des auxiliaires de pu\u00e9riculture.<br class=\"autobr\"\/><br \/>\nIngrid Lemelle<\/p>\n<p>Infographie France Travail Occitanie<\/p>\n<p><strong>Pour en savoir plus\u00a0:<br class=\"autobr\"\/><br \/>\n<a href=\"https:\/\/www.toulemploi.fr\/Recrutements-en-Occitanie-moins-d-intentions-moins-de-tensions,46301\" class=\"spip_in\" target=\"_blank\" rel=\"noopener\">Recrutements en Occitanie\u00a0: moins d\u2019intentions et moins de tensions<\/a><br class=\"autobr\"\/><br \/>\n<a href=\"https:\/\/www.toulemploi.fr\/Quels-sont-les-secteurs-qui-recrutent-en-Haute-Garonne-en-2025,46604\" class=\"spip_in\" target=\"_blank\" rel=\"noopener\">Quels sont les secteurs qui recrutent en Haute-Garonne en 2025\u00a0?<\/a><\/strong><\/p>\n","protected":false},"excerpt":{"rendered":"L\u2019\u00e9dition 2025 de l\u2019enqu\u00eate Besoins en main-d\u2019\u0153uvre (BMO) men\u00e9e par France Travail Occitanie livre une photographie d\u00e9taill\u00e9e des&hellip;\n","protected":false},"author":2,"featured_media":164196,"comment_status":"","ping_status":"","sticky":false,"template":"","format":"standard","meta":{"footnotes":""},"categories":[9599],"tags":[1111,11,341,1777,674,1011,27,8688,2208,12,2680,7099,25],"class_list":{"0":"post-164195","1":"post","2":"type-post","3":"status-publish","4":"format-standard","5":"has-post-thumbnail","7":"category-montpellier","8":"tag-actu","9":"tag-actualites","10":"tag-emploi","11":"tag-eu","12":"tag-europe","13":"tag-fr","14":"tag-france","15":"tag-france-travail-occitanie","16":"tag-montpellier","17":"tag-news","18":"tag-occitanie","19":"tag-recrutement","20":"tag-republique-francaise"},"share_on_mastodon":{"url":"https:\/\/pubeurope.com\/@fr\/114655659556711958","error":""},"_links":{"self":[{"href":"https:\/\/www.europesays.com\/fr\/wp-json\/wp\/v2\/posts\/164195","targetHints":{"allow":["GET"]}}],"collection":[{"href":"https:\/\/www.europesays.com\/fr\/wp-json\/wp\/v2\/posts"}],"about":[{"href":"https:\/\/www.europesays.com\/fr\/wp-json\/wp\/v2\/types\/post"}],"author":[{"embeddable":true,"href":"https:\/\/www.europesays.com\/fr\/wp-json\/wp\/v2\/users\/2"}],"replies":[{"embeddable":true,"href":"https:\/\/www.europesays.com\/fr\/wp-json\/wp\/v2\/comments?post=164195"}],"version-history":[{"count":0,"href":"https:\/\/www.europesays.com\/fr\/wp-json\/wp\/v2\/posts\/164195\/revisions"}],"wp:featuredmedia":[{"embeddable":true,"href":"https:\/\/www.europesays.com\/fr\/wp-json\/wp\/v2\/media\/164196"}],"wp:attachment":[{"href":"https:\/\/www.europesays.com\/fr\/wp-json\/wp\/v2\/media?parent=164195"}],"wp:term":[{"taxonomy":"category","embeddable":true,"href":"https:\/\/www.europesays.com\/fr\/wp-json\/wp\/v2\/categories?post=164195"},{"taxonomy":"post_tag","embeddable":true,"href":"https:\/\/www.europesays.com\/fr\/wp-json\/wp\/v2\/tags?post=164195"}],"curies":[{"name":"wp","href":"https:\/\/api.w.org\/{rel}","templated":true}]}}