{"id":164205,"date":"2025-06-09T22:09:27","date_gmt":"2025-06-09T22:09:27","guid":{"rendered":"https:\/\/www.europesays.com\/fr\/164205\/"},"modified":"2025-06-09T22:09:27","modified_gmt":"2025-06-09T22:09:27","slug":"a-strasbourg-lete-sera-anime-et-100-gratuit","status":"publish","type":"post","link":"https:\/\/www.europesays.com\/fr\/164205\/","title":{"rendered":"\u00e0 Strasbourg, l\u2019\u00e9t\u00e9 sera anim\u00e9 et 100% gratuit"},"content":{"rendered":"<p class=\"p1\"><b>Le 27 mai dernier, Strasbourg d\u00e9voilait sa programmation estivale, version 2025. Un \u00e9v\u00e9nement plac\u00e9 sous le signe de la d\u00e9tente et de la relaxation, o\u00f9 la musique et le sport prennent une place importante. Petite pr\u00e9sentation du programme de l\u2019\u00e9t\u00e9, qui sera encore une fois 100% gratuit.<\/b><\/p>\n<p class=\"p1\">Apr\u00e8s une ann\u00e9e dense pass\u00e9e \u00e0 c\u00e9l\u00e9brer Strasbourg, Capitale mondiale du livre, notre ville n\u2019a d\u00e9sormais qu\u2019une id\u00e9e en t\u00eate : se d\u00e9tendre. Dot\u00e9e de ses lunettes de soleil, d\u2019un bob, d\u2019une glace et d\u2019une serviette de plage, <b>Strasbourg se met les doigts de pied en \u00e9ventail pour c\u00e9l\u00e9brer l\u2019\u00e9t\u00e9, \u00ab\u00a0un \u00e9t\u00e9 pour se d\u00e9tendre\u00a0\u00bb, th\u00e8me de l\u2019ann\u00e9e 2025<\/b>.<\/p>\n<p class=\"p1\">Au-del\u00e0 des incontournables avec les Docks d\u2019\u00e9t\u00e9, le FARSe, le 14 juillet ou le cin\u00e9 plein air, <b>la Ville a mis le sport et la musique au centre de sa programmation estivale<\/b>. Mais surtout, et c\u2019est l\u2019information num\u00e9ro 1 : une for\u00eat va s\u2019implanter tout l\u2019\u00e9t\u00e9 au pied de la cath\u00e9drale.<\/p>\n<p>    <img width=\"800\" height=\"600\" src=\"https:\/\/www.europesays.com\/fr\/wp-content\/uploads\/2025\/06\/img-8845-3-grande-800x600.jpeg\" class=\"attachment-image-size-L size-image-size-L\" alt=\"cath\u00e9drale\" decoding=\"async\" loading=\"lazy\"  \/>         \u00a9 Nicolas Kaspar \/ Pokaa <\/p>\n<p>Le gros temps fort : une for\u00eat place du Ch\u00e2teau<\/p>\n<p class=\"p1\">Le 1er avril 2021, <a href=\"https:\/\/pokaa.fr\/2021\/04\/01\/vegetalisation-29-arbres-seront-plantes-sur-le-parvis-de-la-cathedrale-debut-2022\/\" target=\"_blank\" rel=\"noopener nofollow\">Pokaa d\u00e9voilait que 29 arbres seraient plant\u00e9s sur le parvis de la cath\u00e9drale d\u00e9but 2022<\/a>. Un poisson d\u2019avril humoristique en bonne et due forme, <b>mais qui pr\u00e9sageait d\u2019une volont\u00e9 de v\u00e9g\u00e9taliser le secteur tr\u00e8s min\u00e9ral de la cath\u00e9drale, o\u00f9 il ne fait pas bon se poser en \u00e9t\u00e9<\/b>. Ainsi, pour cette \u00e9dition 2025 [et la suivante \u00e9galement, ndlr], la municipalit\u00e9 a choisi d\u2019installer une for\u00eat pas banale au pied de la cath\u00e9drale.<\/p>\n<p>                <img width=\"844\" height=\"500\" src=\"https:\/\/www.europesays.com\/fr\/wp-content\/uploads\/2025\/06\/capture-decran-2025-06-06-a-103632-844x500.png\" class=\"attachment-gallery size-gallery\" alt=\"foret cath\u00e9drale\" data-full-url=\"https:\/\/pokaa.fr\/wp-content\/uploads\/2025\/06\/06\/capture-decran-2025-06-06-a-103632-1500x889.png\" decoding=\"async\" loading=\"lazy\"  \/>            <\/p>\n<p>                <img width=\"893\" height=\"500\" src=\"https:\/\/www.europesays.com\/fr\/wp-content\/uploads\/2025\/06\/capture-decran-2025-06-06-a-103619-893x500.png\" class=\"attachment-gallery size-gallery\" alt=\"foret cath\u00e9drale\" data-full-url=\"https:\/\/pokaa.fr\/wp-content\/uploads\/2025\/06\/06\/capture-decran-2025-06-06-a-103619-1500x840.png\" decoding=\"async\" loading=\"lazy\"  \/>            <\/p>\n<p>                    \u00a9 Eventeam \/ Documents remis<\/p>\n<p class=\"p1\">Ainsi, <b>Der Wald \/ La For\u00eat \/ The Forest sera l\u2019exp\u00e9rience propos\u00e9e cet \u00e9t\u00e9 sur la place du Ch\u00e2teau, du 5 juillet au 31 ao\u00fbt<\/b>. Sorte de parcours immersif sur le th\u00e8me de la for\u00eat, elle \u00ab\u00a0plantera\u00a0\u00bb une demi-douzaine d\u2019arbres pas comme les autres sur la place. Comme il est \u00e9videmment impossible de planter des vrais, ceux-ci seront en bois orn\u00e9 de feuillages en aluminium. Petite surprise suppl\u00e9mentaire : <b>il se pourrait que certains d\u2019entre eux soient dot\u00e9s de la parole, pour raconter des contes \u00e0 celles et ceux qui sauraient tendre l\u2019oreille<\/b>.<\/p>\n<p class=\"p1\">Sur place, il y aura \u00e9videmment de quoi se poser, pour profiter du calme et de l\u2019ombre cr\u00e9\u00e9e par la sc\u00e9nographie, tandis que de vraies plantes seront \u00e9galement diss\u00e9min\u00e9es \u00e7\u00e0 et l\u00e0 pour rafra\u00eechir l\u2019atmosph\u00e8re. <b>La nuit tomb\u00e9e, La For\u00eat s\u2019illuminera comme dans un conte, pour proposer une autre ambiance<\/b>. Enfin, \u00e0 la fin de l\u2019\u00e9t\u00e9, les Strasbourgeois(es) pourront s\u2019approprier un petit morceau de cette \u00ab for\u00eat \u00bb en venant y cueillir la plante de leur choix. Plus de d\u00e9tails arrivent bient\u00f4t sur l\u2019inauguration.<\/p>\n<p>                <img width=\"894\" height=\"500\" src=\"https:\/\/www.europesays.com\/fr\/wp-content\/uploads\/2025\/06\/capture-decran-2025-06-06-a-103546-894x500.png\" class=\"attachment-gallery size-gallery\" alt=\"foret cath\u00e9drale\" data-full-url=\"https:\/\/pokaa.fr\/wp-content\/uploads\/2025\/06\/06\/capture-decran-2025-06-06-a-103546-1500x839.png\" decoding=\"async\" loading=\"lazy\"  \/>            <\/p>\n<p>                <img width=\"886\" height=\"500\" src=\"https:\/\/www.europesays.com\/fr\/wp-content\/uploads\/2025\/06\/capture-decran-2025-06-06-a-103600-886x500.png\" class=\"attachment-gallery size-gallery\" alt=\"foret cath\u00e9drale\" data-full-url=\"https:\/\/pokaa.fr\/wp-content\/uploads\/2025\/06\/06\/capture-decran-2025-06-06-a-103600-1500x847.png\" decoding=\"async\" loading=\"lazy\"  \/>            <\/p>\n<p>                    \u00a9 Eventeam \/ Documents remis<\/p>\n<p>Une semaine de la musique du 21 au 29 juin <\/p>\n<p class=\"p1\">L\u2019\u00e9t\u00e9 dernier, la Ville avait eu comme ambition de redonner du peps \u00e0 la F\u00eate de la musique, en la c\u00e9l\u00e9brant sur trois jours. Cette ann\u00e9e, <b>elle met les bouch\u00e9es doubles en proposant des animations musicales gratuites sur plus d\u2019une semaine, du 21 au 29 juin<\/b>. En premier lieu, bien \u00e9videmment, <b>la F\u00eate de la musique qui aura lieu le samedi 21 juin, d\u00e8s 19h, sur trois sc\u00e8nes d\u00e9couvertes (places Kl\u00e9ber, Gutenberg et Saint-Thomas), 11 sc\u00e8nes de partenaires et un peu partout dans l\u2019espace public<\/b>. On vous en dit plus bient\u00f4t.<\/p>\n<p class=\"p1\">Pour bien se remettre de nos \u00e9motions, d\u00e8s le lendemain,<b> trois temps forts seront organis\u00e9s dans les parcs de Strasbourg : \u00e0 l\u2019Orangerie, aux Contades et \u00e0 la Citadelle<\/b>. La semaine musicale qui d\u00e9bute ensuite le 23 juin verra notamment le r\u00e9seau des \u00e9coles de musique du territoire se mobiliser au c\u0153ur des EHPAD.<\/p>\n<p>                <img width=\"750\" height=\"500\" src=\"https:\/\/www.europesays.com\/fr\/wp-content\/uploads\/2025\/06\/fete-musique-2024-wilfried-rion-34-750x500.jpg\" class=\"attachment-gallery size-gallery\" alt=\"Foule \u00a9Wilfried RION\" data-full-url=\"https:\/\/pokaa.fr\/wp-content\/uploads\/2024\/06\/22\/fete-musique-2024-wilfried-rion-34.jpg\" decoding=\"async\" loading=\"lazy\"  \/>            <\/p>\n<p>                <img width=\"750\" height=\"500\" src=\"https:\/\/www.europesays.com\/fr\/wp-content\/uploads\/2025\/06\/fete-musique-2024-wilfried-rion-11-750x500.jpg\" class=\"attachment-gallery size-gallery\" alt=\"Foule \u00a9Wilfried RION\" data-full-url=\"https:\/\/pokaa.fr\/wp-content\/uploads\/2024\/06\/22\/fete-musique-2024-wilfried-rion-11.jpg\" decoding=\"async\" loading=\"lazy\"  \/>            <\/p>\n<p>                <img width=\"750\" height=\"500\" src=\"https:\/\/www.europesays.com\/fr\/wp-content\/uploads\/2025\/06\/fete-musique-2024-wilfried-rion-49-750x500.jpg\" class=\"attachment-gallery size-gallery\" alt=\"Pluie \u00a9Wilfried RION\" data-full-url=\"https:\/\/pokaa.fr\/wp-content\/uploads\/2024\/06\/22\/fete-musique-2024-wilfried-rion-49.jpg\" decoding=\"async\" loading=\"lazy\"  \/>            <\/p>\n<p>                    Une F\u00eate de la musique un peu arros\u00e9e en 2024. \u00a9 Wilfried Rion \/ Pokaa<\/p>\n<p class=\"p1\">Ensuite, <b>le week-end du 28 et 29 juin sera r\u00e9serv\u00e9 \u00e0 la traditionnelle Symphonie des arts au jardin des Deux-Rives<\/b>. Les Strasbourgeois(es) pourront assister \u00e0 plusieurs concerts sur les deux sc\u00e8nes du site avec plusieurs groupes locaux et \u00e0 un concert les pieds dans l\u2019herbe de l\u2019Orchestre philharmonique de Strasbourg le samedi soir. Plus d\u2019informations arrivent bient\u00f4t.<\/p>\n<p class=\"p1\">Pour terminer, en dehors de cette semaine sp\u00e9ciale musique, mais toujours dans le th\u00e8me : <b>le Kiosque en musique s\u2019installe au parc des Contades du 1er juin au 6 ao\u00fbt<\/b>, avec des concerts tous les dimanches du mois de juin \u00e0 17h, ainsi que des spectacles jeune public en juillet et d\u00e9but ao\u00fbt (tous les mercredis \u00e0 15h30 et \u00e0 17h, \u00e0 partir du 2 juillet). Enfin, au 5e Lieu, la cour se transformera en une sc\u00e8ne de spectacle vivant certains jeudis soirs de 18h \u00e0 19h.<\/p>\n<p>                <img width=\"750\" height=\"500\" src=\"https:\/\/www.europesays.com\/fr\/wp-content\/uploads\/2025\/06\/fete-musique-2024-wilfried-rion-60-750x500.jpg\" class=\"attachment-gallery size-gallery\" alt=\"Festif danse \u00a9Wilfried RION\" data-full-url=\"https:\/\/pokaa.fr\/wp-content\/uploads\/2024\/06\/22\/fete-musique-2024-wilfried-rion-60.jpg\" decoding=\"async\" loading=\"lazy\"  \/>            <\/p>\n<p>                <img width=\"750\" height=\"500\" src=\"https:\/\/www.europesays.com\/fr\/wp-content\/uploads\/2025\/06\/fete-musique-2024-wilfried-rion-7-750x500.jpg\" class=\"attachment-gallery size-gallery\" alt=\"Foule Musique \u00a9Wilfried RION\" data-full-url=\"https:\/\/pokaa.fr\/wp-content\/uploads\/2024\/06\/22\/fete-musique-2024-wilfried-rion-7.jpg\" decoding=\"async\" loading=\"lazy\"  \/>            <\/p>\n<p>                <img width=\"750\" height=\"500\" src=\"https:\/\/www.europesays.com\/fr\/wp-content\/uploads\/2025\/06\/fete-musique-2024-wilfried-rion-66-750x500.jpg\" class=\"attachment-gallery size-gallery\" alt=\"Musique Orchestre \u00a9Wilfried RION\" data-full-url=\"https:\/\/pokaa.fr\/wp-content\/uploads\/2024\/06\/22\/fete-musique-2024-wilfried-rion-66.jpg\" decoding=\"async\" loading=\"lazy\"  \/>            <\/p>\n<p>                    \u00a9 Wilfried Rion \/ Pokaa<\/p>\n<p>Le sport \u00e0 l\u2019honneur<\/p>\n<p class=\"p1\">Alors que Zeus tr\u00f4ne d\u00e9sormais fi\u00e8rement sur la terrasse du Palais Rohan, les Jeux olympiques n\u2019ont pas \u00e9t\u00e9 oubli\u00e9s \u00e0 Strasbourg. Cet \u00e9t\u00e9, c\u2019est toute une programmation sportive qui est mise \u00e0 l\u2019honneur : apr\u00e8s les Journ\u00e9es olympiques et paralympiques du week-end dernier, <strong>la Ville met en place ses trois Plaines sportives du 9 juillet au 24 ao\u00fbt<\/strong>. Dans le d\u00e9tail :<\/p>\n<ul class=\"ul1\">\n<li class=\"li3\">Plaine sportive Baggersee : <b>du mercredi au dimanche, de 14h30 \u00e0 17h45<\/b>. Petite nouveaut\u00e9 ici : un parcours d\u2019orientation est propos\u00e9 pour partir \u00e0 l\u2019aventure.<\/li>\n<li class=\"li3\">Plaine sportive Hautepierre \u2013 Parc des sports : <b>du mercredi au vendredi, de 16h \u00e0 21h, les samedis et dimanches de 10h \u00e0 21h.<\/b><\/li>\n<li class=\"li3\">Plaine sportive Citadelle \u2013 Vauban : <b>les mercredis, jeudis, samedis de 14h \u00e0 17h et les vendredis et dimanches de 10h \u00e0 17h<\/b>.<\/li>\n<\/ul>\n<p>Pour apprendre aux plus jeunes \u00e0 nager, <b>l\u2019Eurom\u00e9tropole de Strasbourg reconduit son dispositif Carava\u2019nage, un bassin mobile de 6 m\u00e8tres de longueur et 2,5 m\u00e8tres de largeur<\/b>. Il sera du 7 au 18 juillet \u00e0 La Wantzenau, du 21 juillet au 1er ao\u00fbt \u00e0 Plobsheim, du 4 au 15 ao\u00fbt \u00e0 Strasbourg Neufeld et du 18 au 29 ao\u00fbt \u00e0 Oberschaeffolsheim.<\/p>\n<p>                <a href=\"https:\/\/pokaa.fr\/2025\/05\/16\/zeus-limpressionnant-cheval-metallique-de-2-metres-des-jo-sera-bientot-visible-a-strasbourg\/\" rel=\"nofollow noopener\" target=\"_blank\"><br \/>\n                    <img width=\"450\" height=\"270\" src=\"https:\/\/www.europesays.com\/fr\/wp-content\/uploads\/2025\/06\/capture-decran-2025-05-16-a-105714-450x270.png\" class=\"attachment-card-horizontal--same-subject size-card-horizontal--same-subject wp-post-image\" alt=\"\" decoding=\"async\" loading=\"lazy\"\/>                <\/a><\/p>\n<p>                <img width=\"375\" height=\"500\" src=\"https:\/\/www.europesays.com\/fr\/wp-content\/uploads\/2025\/06\/500737436-1236494734804477-7996398053397654222-n-375x500.jpg\" class=\"attachment-gallery size-gallery\" alt=\"zeus cheval m\u00e9tallique jo\" data-full-url=\"https:\/\/pokaa.fr\/wp-content\/uploads\/2025\/06\/06\/500737436-1236494734804477-7996398053397654222-n.jpg\" decoding=\"async\" loading=\"lazy\"  \/>            <\/p>\n<p>                <img width=\"375\" height=\"500\" src=\"https:\/\/www.europesays.com\/fr\/wp-content\/uploads\/2025\/06\/500080598-1236494778137806-6561741285119918025-n-375x500.jpg\" class=\"attachment-gallery size-gallery\" alt=\"zeus cheval m\u00e9tallique jo\" data-full-url=\"https:\/\/pokaa.fr\/wp-content\/uploads\/2025\/06\/06\/500080598-1236494778137806-6561741285119918025-n.jpg\" decoding=\"async\" loading=\"lazy\"  \/>            <\/p>\n<p>                <img width=\"375\" height=\"500\" src=\"https:\/\/www.europesays.com\/fr\/wp-content\/uploads\/2025\/06\/493682454-1236494741471143-1405836041691176805-n-375x500.jpg\" class=\"attachment-gallery size-gallery\" alt=\"zeus cheval m\u00e9tallique jo\" data-full-url=\"https:\/\/pokaa.fr\/wp-content\/uploads\/2025\/06\/06\/493682454-1236494741471143-1405836041691176805-n.jpg\" decoding=\"async\" loading=\"lazy\"  \/>            <\/p>\n<p>                    \u00a9 Pokaa<\/p>\n<p>Cin\u00e9 plein air, Docks d\u2019\u00e9t\u00e9 et FARSe : les incontournables reviennent<\/p>\n<p class=\"p1\">Pour terminer, comment ne pas revenir sur les incontournables de notre ville ? <b>Comme chaque ann\u00e9e, les Docks d\u2019\u00e9t\u00e9 reviennent pour mettre un peu de plage dans nos vies, du 5 juillet au 31 ao\u00fbt<\/b>. Les Strasbourgeois(es) et touristes pourront ainsi profiter de la plage \u00e9ph\u00e9m\u00e8re en acc\u00e8s libre de 8h du matin \u00e0 minuit. La base nautique sera quant \u00e0 elle ouverte du dimanche au jeudi, de 15h \u00e0 19h, et les vendredis et samedis, de 15h \u00e0 21h.<\/p>\n<p class=\"p1\">Les c\u00e9l\u00e9brations du 14 juillet commenceront sous les coups de 20h, si la m\u00e9t\u00e9o le veut bien. <b>Il y aura d\u2019abord un concert qui emm\u00e8nera la place du Mar\u00e9chal-de-Lattre-de-Tassigny dans une ambiance festive avec le traditionnel bal populaire<\/b>, gratuit et ouvert \u00e0 toutes et tous. \u00c0 partir de 22h30, un tir de feu d\u2019artifice sera lanc\u00e9 de la place de l\u2019\u00c9toile, agr\u00e9ment\u00e9 comme l\u2019an dernier de s\u00e9quences avec des drones [ce qui avait d\u2019ailleurs \u00e9t\u00e9 un succ\u00e8s, ndlr].<\/p>\n<p>    <img width=\"800\" height=\"532\" src=\"https:\/\/www.europesays.com\/fr\/wp-content\/uploads\/2025\/06\/220719_pka_strasbourg_ete-15.jpg\" class=\"attachment-image-size-L size-image-size-L\" alt=\"Strasbourg \u00e9t\u00e9 feu d\u2019artifices du 14 juillet\" decoding=\"async\" loading=\"lazy\"  \/>         \u00a9 Adrien Labit \/ Pokaa <\/p>\n<p class=\"p1\">On encha\u00eene ensuite avec le FARSe, qui f\u00eatera cette ann\u00e9e ses 10 ans d\u2019existence. <b>On peut alors s\u2019attendre \u00e0 une \u00e9dition plus que sp\u00e9ciale les vendredi 29, samedi 30 et dimanche 31 ao\u00fbt<\/b>. Plus de 50 repr\u00e9sentations, des compagnies locales, nationales et internationales, avec un seul mot d\u2019ordre selon Axel Goepfer, son directeur : faire jubiler les Strasbourgeois(es). On a h\u00e2te et, comme toujours, c\u2019est enti\u00e8rement gratuit. L\u00e0 encore, on vous en parlera bient\u00f4t plus en d\u00e9tails.<\/p>\n<p class=\"p1\">Enfin, les cin\u00e9s plein air organis\u00e9s par les Films du spectre et Speaker reviennent pour une nouvelle \u00e9dition, <b>avec 9 projections organis\u00e9es chaque vendredi du 4 juillet au 29 ao\u00fbt<\/b>. Pour l\u2019occasion, l\u2019\u00e9v\u00e9nement ira au Heyritz, \u00e0 Cronenbourg, \u00e0 l\u2019Orangerie, au Neuhof, au Neudorf, \u00e0 Hautepierre, au Port du Rhin et \u00e0 Koenigshoffen. On vous d\u00e9taillera \u00e7a assez rapidement.<\/p>\n<p>    <img width=\"800\" height=\"533\" src=\"https:\/\/www.europesays.com\/fr\/wp-content\/uploads\/2025\/06\/dsc-1905-avec-accentuation-bruit-800x533.jpg\" class=\"attachment-image-size-L size-image-size-L\" alt=\"farse spectacle feu fuuu compagnie titanos\" decoding=\"async\" loading=\"lazy\"  \/>         \u00a9 Mathilde Cybulski \/ Pokaa <\/p>\n<p><strong>Rendez-vous le 5 juillet pour le lancement officiel de l\u2019\u00e9t\u00e9 strasbourgeois. En esp\u00e9rant que le soleil soit de la partie !<\/strong><\/p>\n<p>            \u00c9t\u00e9 2025 &#8211; Un \u00e9t\u00e9 pour se d\u00e9tendre<\/p>\n<p>            Quoi ? <\/p>\n<p>Programmation estivale de la Ville de Strasbourg<\/p>\n<p>                Quand ?<\/p>\n<p>Du 5 juillet au 31 ao\u00fbt<\/p>\n<p>            o\u00f9 ?<\/p>\n<p>Aux quatre coins de Strasbourg<\/p>\n<p>                Plus d&rsquo;infos ?<\/p>\n<p>100% gratuit<br \/>Le programme complet arrive bient\u00f4t et sera disponible <a href=\"https:\/\/ete.strasbourg.eu\/\" target=\"_blank\" rel=\"noopener nofollow\">en cliquant ici<\/a><\/p>\n","protected":false},"excerpt":{"rendered":"Le 27 mai dernier, Strasbourg d\u00e9voilait sa programmation estivale, version 2025. Un \u00e9v\u00e9nement plac\u00e9 sous le signe de&hellip;\n","protected":false},"author":2,"featured_media":164206,"comment_status":"","ping_status":"","sticky":false,"template":"","format":"standard","meta":{"footnotes":""},"categories":[2820],"tags":[1111,11,251,2883,17545,1777,674,3696,1011,27,775,12,25,640],"class_list":{"0":"post-164205","1":"post","2":"type-post","3":"status-publish","4":"format-standard","5":"has-post-thumbnail","7":"category-strasbourg","8":"tag-actu","9":"tag-actualites","10":"tag-culture","11":"tag-ete","12":"tag-ete-2025","13":"tag-eu","14":"tag-europe","15":"tag-evenements","16":"tag-fr","17":"tag-france","18":"tag-grand-est","19":"tag-news","20":"tag-republique-francaise","21":"tag-strasbourg"},"share_on_mastodon":{"url":"https:\/\/pubeurope.com\/@fr\/114655695486151548","error":""},"_links":{"self":[{"href":"https:\/\/www.europesays.com\/fr\/wp-json\/wp\/v2\/posts\/164205","targetHints":{"allow":["GET"]}}],"collection":[{"href":"https:\/\/www.europesays.com\/fr\/wp-json\/wp\/v2\/posts"}],"about":[{"href":"https:\/\/www.europesays.com\/fr\/wp-json\/wp\/v2\/types\/post"}],"author":[{"embeddable":true,"href":"https:\/\/www.europesays.com\/fr\/wp-json\/wp\/v2\/users\/2"}],"replies":[{"embeddable":true,"href":"https:\/\/www.europesays.com\/fr\/wp-json\/wp\/v2\/comments?post=164205"}],"version-history":[{"count":0,"href":"https:\/\/www.europesays.com\/fr\/wp-json\/wp\/v2\/posts\/164205\/revisions"}],"wp:featuredmedia":[{"embeddable":true,"href":"https:\/\/www.europesays.com\/fr\/wp-json\/wp\/v2\/media\/164206"}],"wp:attachment":[{"href":"https:\/\/www.europesays.com\/fr\/wp-json\/wp\/v2\/media?parent=164205"}],"wp:term":[{"taxonomy":"category","embeddable":true,"href":"https:\/\/www.europesays.com\/fr\/wp-json\/wp\/v2\/categories?post=164205"},{"taxonomy":"post_tag","embeddable":true,"href":"https:\/\/www.europesays.com\/fr\/wp-json\/wp\/v2\/tags?post=164205"}],"curies":[{"name":"wp","href":"https:\/\/api.w.org\/{rel}","templated":true}]}}