{"id":164213,"date":"2025-06-09T22:13:17","date_gmt":"2025-06-09T22:13:17","guid":{"rendered":"https:\/\/www.europesays.com\/fr\/164213\/"},"modified":"2025-06-09T22:13:17","modified_gmt":"2025-06-09T22:13:17","slug":"plusieurs-kilometres-de-bouchons-en-loire-atlantique-retrouvez-la-carte-de-la-circulation-en","status":"publish","type":"post","link":"https:\/\/www.europesays.com\/fr\/164213\/","title":{"rendered":"Plusieurs kilom\u00e8tres de bouchons en Loire-Atlantique: retrouvez la carte de la circulation en"},"content":{"rendered":"<p>La fr\u00e9quentation des zones c\u00f4ti\u00e8res sera privil\u00e9gi\u00e9e et la circulation sera difficile surtout si la m\u00e9t\u00e9o est favorable. Bingo. L<a href=\"https:\/\/www.bison-fute.gouv.fr\/du-06-06-au-09-06.html\" target=\"_blank\" rel=\"nofollow noopener\">es pr\u00e9visions de Bison Fut\u00e9<\/a> \u00e9taient juste, avec une m\u00e9t\u00e9o au rendez-vous pour ce lundi de Pentec\u00f4te. Plusieurs kilom\u00e8tres de bouchons sont enregistr\u00e9s par Bison Fut\u00e9.<\/p>\n<p>Carte de la circulation en direct<\/p>\n<p>Voici les routes \u00e0 \u00e9viter, si vous le pouvez, en ce lundi 9 juin 2025.<\/p>\n<\/p>\n<p>Sur le p\u00e9riph\u00e9rique<\/p>\n<p>Bison fut\u00e9 note un bouchon de 2,5 km sur le p\u00e9riph\u00e9rique de Nantes vers 16 h, entre la porte d\u2019Orvault vers la porte d\u2019Anjou, dans le sens int\u00e9rieur (entre Bouguenais et Saint-Herblain).<\/p>\n<p>??Sur la RN 165<\/p>\n<p>Vers 16 h , un bouchon de 3 km sur la N165 est not\u00e9 entre de Brest vers Nantes (sens ouest-est), entre Vigneux-de-Bretagne et Saint-\u00c9tienne-de-Montluc. A 17 h, l\u2019embouteillage atteint pr\u00e8s de 11 km. A 19 h, le bouchon est de 12 km. <strong>A 20 h,<\/strong> la tendance est \u00e0 l\u2019am\u00e9lioration, note Bison fut\u00e9, <strong>avec 5,8 km de bouchons<\/strong>. \u00c0 noter que la circulation est ferm\u00e9e dans un sens \u00e0 hauteur de Sautron pour des travaux. <a href=\"https:\/\/vannes.maville.com\/actu\/actudet_-travaux-pres-du-peripherique-de-nantes-pourquoi-la-circulation-va-autant-se-compliquer-_52710-6830270_actu.Htm\" target=\"_blank\" rel=\"nofollow noopener\">Plus d\u2019informations sur ce chantier \u00e0 lire ici.<\/a><\/p>\n<p>Sur l\u2019A83<\/p>\n<p>Un bouchon de 3,3 km est enregistr\u00e9 sur l\u2019A83, de Niort vers Nantes (sens sud-nord), entre Les Sorini\u00e8res et Vertou.<\/p>\n<p>\u00a0<\/p>\n","protected":false},"excerpt":{"rendered":"La fr\u00e9quentation des zones c\u00f4ti\u00e8res sera privil\u00e9gi\u00e9e et la circulation sera difficile surtout si la m\u00e9t\u00e9o est favorable.&hellip;\n","protected":false},"author":2,"featured_media":164214,"comment_status":"","ping_status":"","sticky":false,"template":"","format":"standard","meta":{"footnotes":""},"categories":[2818],"tags":[1111,11,7050,11617,3542,814,1777,674,1011,27,29006,3047,766,12,2636,25],"class_list":{"0":"post-164213","1":"post","2":"type-post","3":"status-publish","4":"format-standard","5":"has-post-thumbnail","7":"category-nantes","8":"tag-actu","9":"tag-actualites","10":"tag-bouchons","11":"tag-carte","12":"tag-circulation","13":"tag-direct","14":"tag-eu","15":"tag-europe","16":"tag-fr","17":"tag-france","18":"tag-kilometres","19":"tag-loire-atlantique","20":"tag-nantes","21":"tag-news","22":"tag-pays-de-la-loire","23":"tag-republique-francaise"},"share_on_mastodon":{"url":"https:\/\/pubeurope.com\/@fr\/114655710688398693","error":""},"_links":{"self":[{"href":"https:\/\/www.europesays.com\/fr\/wp-json\/wp\/v2\/posts\/164213","targetHints":{"allow":["GET"]}}],"collection":[{"href":"https:\/\/www.europesays.com\/fr\/wp-json\/wp\/v2\/posts"}],"about":[{"href":"https:\/\/www.europesays.com\/fr\/wp-json\/wp\/v2\/types\/post"}],"author":[{"embeddable":true,"href":"https:\/\/www.europesays.com\/fr\/wp-json\/wp\/v2\/users\/2"}],"replies":[{"embeddable":true,"href":"https:\/\/www.europesays.com\/fr\/wp-json\/wp\/v2\/comments?post=164213"}],"version-history":[{"count":0,"href":"https:\/\/www.europesays.com\/fr\/wp-json\/wp\/v2\/posts\/164213\/revisions"}],"wp:featuredmedia":[{"embeddable":true,"href":"https:\/\/www.europesays.com\/fr\/wp-json\/wp\/v2\/media\/164214"}],"wp:attachment":[{"href":"https:\/\/www.europesays.com\/fr\/wp-json\/wp\/v2\/media?parent=164213"}],"wp:term":[{"taxonomy":"category","embeddable":true,"href":"https:\/\/www.europesays.com\/fr\/wp-json\/wp\/v2\/categories?post=164213"},{"taxonomy":"post_tag","embeddable":true,"href":"https:\/\/www.europesays.com\/fr\/wp-json\/wp\/v2\/tags?post=164213"}],"curies":[{"name":"wp","href":"https:\/\/api.w.org\/{rel}","templated":true}]}}