{"id":164227,"date":"2025-06-09T22:22:12","date_gmt":"2025-06-09T22:22:12","guid":{"rendered":"https:\/\/www.europesays.com\/fr\/164227\/"},"modified":"2025-06-09T22:22:12","modified_gmt":"2025-06-09T22:22:12","slug":"sur-le-vieux-port-de-marseille-des-milliers-de-personnes-pour-soutenir-la-flottille-de-la-liberte-arretee-au-large-de-gaza","status":"publish","type":"post","link":"https:\/\/www.europesays.com\/fr\/164227\/","title":{"rendered":"Sur le Vieux-Port de Marseille, des milliers de personnes pour \u00ab\u00a0soutenir la flottille de la libert\u00e9\u00a0\u00bb arr\u00eat\u00e9e au large de Gaza"},"content":{"rendered":"<p>L\u2019appel avait \u00e9t\u00e9 lanc\u00e9 \u00e0 la h\u00e2te \u00ab\u00a0pour soutenir <a href=\"https:\/\/www.laprovence.com\/article\/france-monde\/8383134133798414\/le-bateau-pour-gaza-intercepte-par-israel-ses-passagers-invites-a-retourner-chez-eux\" target=\"_blank\" rel=\"noopener\">la flottille de la libert\u00e9<\/a> et l\u2019arrestation de son \u00e9quipage par les autorit\u00e9s isra\u00e9liennes\u00a0\u00bb, dans<a href=\"https:\/\/www.laprovence.com\/article\/france-monde\/22184801790228\/le-bateau-pour-gaza-de-greta-thunberg-deroute-dans-la-nuit-de-dimanche-a-lundi-par-les-autorites-israeliennes\" target=\"_blank\" rel=\"noopener\"> la nuit de dimanche \u00e0 lundi<\/a>. Mais quelques messages sur les r\u00e9seaux sociaux ont suffi \u00e0 rassembler des milliers de Marseillais sur le Vieux-Port &#8211; la pr\u00e9fecture de police avance 950 participants &#8211; avant qu&rsquo;ils ne prennent la direction de la place Castellane ce lundi 9 juin en fin d\u2019apr\u00e8s-midi.<\/p>\n","protected":false},"excerpt":{"rendered":"L\u2019appel avait \u00e9t\u00e9 lanc\u00e9 \u00e0 la h\u00e2te \u00ab\u00a0pour soutenir la flottille de la libert\u00e9 et l\u2019arrestation de son&hellip;\n","protected":false},"author":2,"featured_media":164228,"comment_status":"","ping_status":"","sticky":false,"template":"","format":"standard","meta":{"footnotes":""},"categories":[2814],"tags":[17,1111,11,154,1777,674,1011,27,884,16755,12,3744,471,882,16,25,13699,133],"class_list":{"0":"post-164227","1":"post","2":"type-post","3":"status-publish","4":"format-standard","5":"has-post-thumbnail","7":"category-marseille","8":"tag-17","9":"tag-actu","10":"tag-actualites","11":"tag-des","12":"tag-eu","13":"tag-europe","14":"tag-fr","15":"tag-france","16":"tag-marseille","17":"tag-milliers","18":"tag-news","19":"tag-personnes","20":"tag-pour","21":"tag-provence-alpes-cote-dazur","22":"tag-region","23":"tag-republique-francaise","24":"tag-soutenir","25":"tag-video"},"share_on_mastodon":{"url":"https:\/\/pubeurope.com\/@fr\/114655746067784852","error":""},"_links":{"self":[{"href":"https:\/\/www.europesays.com\/fr\/wp-json\/wp\/v2\/posts\/164227","targetHints":{"allow":["GET"]}}],"collection":[{"href":"https:\/\/www.europesays.com\/fr\/wp-json\/wp\/v2\/posts"}],"about":[{"href":"https:\/\/www.europesays.com\/fr\/wp-json\/wp\/v2\/types\/post"}],"author":[{"embeddable":true,"href":"https:\/\/www.europesays.com\/fr\/wp-json\/wp\/v2\/users\/2"}],"replies":[{"embeddable":true,"href":"https:\/\/www.europesays.com\/fr\/wp-json\/wp\/v2\/comments?post=164227"}],"version-history":[{"count":0,"href":"https:\/\/www.europesays.com\/fr\/wp-json\/wp\/v2\/posts\/164227\/revisions"}],"wp:featuredmedia":[{"embeddable":true,"href":"https:\/\/www.europesays.com\/fr\/wp-json\/wp\/v2\/media\/164228"}],"wp:attachment":[{"href":"https:\/\/www.europesays.com\/fr\/wp-json\/wp\/v2\/media?parent=164227"}],"wp:term":[{"taxonomy":"category","embeddable":true,"href":"https:\/\/www.europesays.com\/fr\/wp-json\/wp\/v2\/categories?post=164227"},{"taxonomy":"post_tag","embeddable":true,"href":"https:\/\/www.europesays.com\/fr\/wp-json\/wp\/v2\/tags?post=164227"}],"curies":[{"name":"wp","href":"https:\/\/api.w.org\/{rel}","templated":true}]}}