{"id":164229,"date":"2025-06-09T22:23:10","date_gmt":"2025-06-09T22:23:10","guid":{"rendered":"https:\/\/www.europesays.com\/fr\/164229\/"},"modified":"2025-06-09T22:23:10","modified_gmt":"2025-06-09T22:23:10","slug":"il-y-a-plus-de-chances-que-jy-aille-confie-jean-michel-aulas","status":"publish","type":"post","link":"https:\/\/www.europesays.com\/fr\/164229\/","title":{"rendered":"\u00ab Il y a plus de chances que j&rsquo;y aille \u00bb, confie Jean-Michel Aulas"},"content":{"rendered":"<p>Ce lundi 9 juin, interrog\u00e9 frontalement par le journal L\u2019Equipe quant \u00e0 sa potentielle candidature aux \u00e9lections municipales 2026 de Lyon, <a href=\"https:\/\/www.leprogres.fr\/p\/jean-michel-aulas\" target=\"_blank\" rel=\"nofollow noopener\">Jean-Michel Aulas<\/a> a apport\u00e9 une r\u00e9ponse qui ne laisse plus gu\u00e8re de place au doute\u00a0: il \u00ab nous a confirm\u00e9,\u00a0\u00e0 sa mani\u00e8re, qu&rsquo;il allait tr\u00e8s probablement se lancer dans la course \u00e0 la mairie de Lyon\u00a0\u00bb, <a href=\"https:\/\/www.lequipe.fr\/Football\/Actualites\/-il-y-a-plus-de-chances-que-j-y-aille-jean-michel-aulas-va-probablement-se-lancer-dans-la-course-a-la-mairie-de-lyon\/1568988\" target=\"_blank\" rel=\"nofollow noopener\">\u00e9crit le journal sportif<\/a>.<\/p>\n<p>En lui demandant s\u2019il avait pris conseil aupr\u00e8s de l&rsquo;ancien pr\u00e9sident de la F\u00e9d\u00e9ration fran\u00e7aise de football No\u00ebl Le Gra\u00ebt, lui-m\u00eame ancien maire de Guingamp, l\u2019ancien dirigeant de l\u2019Olympique lyonnais r\u00e9pond\u00a0:\u00a0\u00ab Il m&rsquo;a f\u00e9licit\u00e9, mais je ne lui ai pas demand\u00e9 conseil, parce que Guingamp et Lyon, ce n&rsquo;est pas comparable.\u00a0\u00bb<\/p>\n<p>F\u00e9licit\u00e9\u00a0? Mais pour quoi exactement\u00a0? Pouss\u00e9 plus avant, Jean-Michel Aulas finit par conc\u00e9der\u00a0: \u00ab\u00a0Il me conna\u00eet et donc, il sait qu&rsquo;il y a plus de chances que j&rsquo;y aille que de chances que je n&rsquo;y aille pas. \u00bb<\/p>\n","protected":false},"excerpt":{"rendered":"Ce lundi 9 juin, interrog\u00e9 frontalement par le journal L\u2019Equipe quant \u00e0 sa potentielle candidature aux \u00e9lections municipales&hellip;\n","protected":false},"author":2,"featured_media":164230,"comment_status":"","ping_status":"","sticky":false,"template":"","format":"standard","meta":{"footnotes":""},"categories":[1889],"tags":[1111,11,2430,2757,4188,1777,674,107,1011,27,2428,12,316,25,2429],"class_list":{"0":"post-164229","1":"post","2":"type-post","3":"status-publish","4":"format-standard","5":"has-post-thumbnail","7":"category-lyon","8":"tag-actu","9":"tag-actualites","10":"tag-auvergne-rhone-alpes","11":"tag-edition-lyon-villeurbanne","12":"tag-elections-municipales","13":"tag-eu","14":"tag-europe","15":"tag-fil-info","16":"tag-fr","17":"tag-france","18":"tag-lyon","19":"tag-news","20":"tag-politique","21":"tag-republique-francaise","22":"tag-rhone"},"share_on_mastodon":{"url":"https:\/\/pubeurope.com\/@fr\/114655750020588238","error":""},"_links":{"self":[{"href":"https:\/\/www.europesays.com\/fr\/wp-json\/wp\/v2\/posts\/164229","targetHints":{"allow":["GET"]}}],"collection":[{"href":"https:\/\/www.europesays.com\/fr\/wp-json\/wp\/v2\/posts"}],"about":[{"href":"https:\/\/www.europesays.com\/fr\/wp-json\/wp\/v2\/types\/post"}],"author":[{"embeddable":true,"href":"https:\/\/www.europesays.com\/fr\/wp-json\/wp\/v2\/users\/2"}],"replies":[{"embeddable":true,"href":"https:\/\/www.europesays.com\/fr\/wp-json\/wp\/v2\/comments?post=164229"}],"version-history":[{"count":0,"href":"https:\/\/www.europesays.com\/fr\/wp-json\/wp\/v2\/posts\/164229\/revisions"}],"wp:featuredmedia":[{"embeddable":true,"href":"https:\/\/www.europesays.com\/fr\/wp-json\/wp\/v2\/media\/164230"}],"wp:attachment":[{"href":"https:\/\/www.europesays.com\/fr\/wp-json\/wp\/v2\/media?parent=164229"}],"wp:term":[{"taxonomy":"category","embeddable":true,"href":"https:\/\/www.europesays.com\/fr\/wp-json\/wp\/v2\/categories?post=164229"},{"taxonomy":"post_tag","embeddable":true,"href":"https:\/\/www.europesays.com\/fr\/wp-json\/wp\/v2\/tags?post=164229"}],"curies":[{"name":"wp","href":"https:\/\/api.w.org\/{rel}","templated":true}]}}