{"id":164231,"date":"2025-06-09T22:24:16","date_gmt":"2025-06-09T22:24:16","guid":{"rendered":"https:\/\/www.europesays.com\/fr\/164231\/"},"modified":"2025-06-09T22:24:16","modified_gmt":"2025-06-09T22:24:16","slug":"toujours-des-difficultes-sur-la7-2h10-pour-faire-orange-lyon","status":"publish","type":"post","link":"https:\/\/www.europesays.com\/fr\/164231\/","title":{"rendered":"toujours des difficult\u00e9s sur l&rsquo;A7, 2h10 pour faire Orange-Lyon"},"content":{"rendered":"<p>Le trafic est toujours compliqu\u00e9 sur l&rsquo;A7, en direction de Lyon, o\u00f9 plusieurs ralentissements sont actuellement observ\u00e9s par Bison fut\u00e9. Des ralentissements sur 9,5 km entre Donz\u00e8re et Allan (Dr\u00f4me) rallongent ainsi le temps de trajet de plusieurs minutes, tandis qu&rsquo;entre Savasse et Livron-sur-Dr\u00f4me, les automobilistes circulent en accord\u00e9on sur 25 km.<\/p>\n<p>Au total, il faut ainsi compter 2h45 pour rejoindre Lyon depuis Orange, contre 1h35 actuellement.<\/p>\n<p>Ce contenu est bloqu\u00e9 car vous n&rsquo;avez pas accept\u00e9 les cookies et autres traceurs.<\/p>\n<p>En cliquant sur \u00ab J\u2019accepte \u00bb, les cookies et autres traceurs seront d\u00e9pos\u00e9s et vous pourrez visualiser les contenus  (<a href=\"\" class=\"consentModule_policy\" target=\"_blank\" title=\"Consulter la politique de protection des donn\u00e9es du fournisseur\">plus d&rsquo;informations<\/a>).<\/p>\n<p>En cliquant sur \u00ab J\u2019accepte tous les cookies \u00bb, vous autorisez des d\u00e9p\u00f4ts de cookies et autres traceurs pour le stockage de vos donn\u00e9es sur nos sites et applications \u00e0 des fins de personnalisation et de ciblage publicitaire.<\/p>\n<p class=\"consentModule_secondaryText\">Vous gardez la possibilit\u00e9 de retirer votre consentement \u00e0 tout moment en consultant notre <a href=\"https:\/\/www.ledauphine.com\/protection-des-donnees\" target=\"_blank\" title=\"Consulter notre politique de protection des donn\u00e9es\" rel=\"noopener\">politique de protection des donn\u00e9es<\/a>. <br \/>&#13;<br \/>\n            <a href=\"https:\/\/www.ledauphine.com\/transport\/2025\/06\/09\/javascript:Didomi.notice.show()\" class=\"consentModule_cmp\" target=\"_blank\" rel=\"noopener\">G\u00e9rer mes choix<\/a>&#13;\n        <\/p>\n<p>&#13;<br \/>\n                        J&rsquo;accepte&#13;<br \/>\n            J&rsquo;accepte tous les cookies&#13;\n        <\/p>\n","protected":false},"excerpt":{"rendered":"Le trafic est toujours compliqu\u00e9 sur l&rsquo;A7, en direction de Lyon, o\u00f9 plusieurs ralentissements sont actuellement observ\u00e9s par&hellip;\n","protected":false},"author":2,"featured_media":164232,"comment_status":"","ping_status":"","sticky":false,"template":"","format":"standard","meta":{"footnotes":""},"categories":[1889],"tags":[1111,11,4646,2430,2730,3827,4645,6436,3859,2737,2735,111,1777,674,107,1011,27,108,2428,12,25,2803,2733,4520],"class_list":{"0":"post-164231","1":"post","2":"type-post","3":"status-publish","4":"format-standard","5":"has-post-thumbnail","7":"category-lyon","8":"tag-actu","9":"tag-actualites","10":"tag-ardeche","11":"tag-auvergne-rhone-alpes","12":"tag-drome","13":"tag-edition-annonay-nord-ardeche","14":"tag-edition-aubenas-privas-vallee-du-rhone","15":"tag-edition-montelimar-drome-provencale","16":"tag-edition-provencale","17":"tag-edition-romans-nord-drome","18":"tag-edition-valence-rhone-crussol-vallee-de-la-drome","19":"tag-edition-vienne-roussillon","20":"tag-eu","21":"tag-europe","22":"tag-fil-info","23":"tag-fr","24":"tag-france","25":"tag-isere","26":"tag-lyon","27":"tag-news","28":"tag-republique-francaise","29":"tag-transport","30":"tag-valence","31":"tag-vaucluse"},"share_on_mastodon":{"url":"https:\/\/pubeurope.com\/@fr\/114655753873964227","error":""},"_links":{"self":[{"href":"https:\/\/www.europesays.com\/fr\/wp-json\/wp\/v2\/posts\/164231","targetHints":{"allow":["GET"]}}],"collection":[{"href":"https:\/\/www.europesays.com\/fr\/wp-json\/wp\/v2\/posts"}],"about":[{"href":"https:\/\/www.europesays.com\/fr\/wp-json\/wp\/v2\/types\/post"}],"author":[{"embeddable":true,"href":"https:\/\/www.europesays.com\/fr\/wp-json\/wp\/v2\/users\/2"}],"replies":[{"embeddable":true,"href":"https:\/\/www.europesays.com\/fr\/wp-json\/wp\/v2\/comments?post=164231"}],"version-history":[{"count":0,"href":"https:\/\/www.europesays.com\/fr\/wp-json\/wp\/v2\/posts\/164231\/revisions"}],"wp:featuredmedia":[{"embeddable":true,"href":"https:\/\/www.europesays.com\/fr\/wp-json\/wp\/v2\/media\/164232"}],"wp:attachment":[{"href":"https:\/\/www.europesays.com\/fr\/wp-json\/wp\/v2\/media?parent=164231"}],"wp:term":[{"taxonomy":"category","embeddable":true,"href":"https:\/\/www.europesays.com\/fr\/wp-json\/wp\/v2\/categories?post=164231"},{"taxonomy":"post_tag","embeddable":true,"href":"https:\/\/www.europesays.com\/fr\/wp-json\/wp\/v2\/tags?post=164231"}],"curies":[{"name":"wp","href":"https:\/\/api.w.org\/{rel}","templated":true}]}}