{"id":164235,"date":"2025-06-09T22:28:12","date_gmt":"2025-06-09T22:28:12","guid":{"rendered":"https:\/\/www.europesays.com\/fr\/164235\/"},"modified":"2025-06-09T22:28:12","modified_gmt":"2025-06-09T22:28:12","slug":"emmanuel-macron-denonce-un-scandale-et-une-honte","status":"publish","type":"post","link":"https:\/\/www.europesays.com\/fr\/164235\/","title":{"rendered":"Emmanuel Macron d\u00e9nonce un \u00ab\u00a0scandale\u00a0\u00bb et une \u00ab\u00a0honte\u00a0\u00bb"},"content":{"rendered":"<p>Les condamnations se multiplient quelques heures apr\u00e8s <a href=\"https:\/\/fr.news.yahoo.com\/isra%C3%ABl-intercepte-bateau-gaza-greta-051232999.html\" data-ylk=\"slk:l\u2019interception de l&#039;arm\u00e9e isra\u00e9lienne du navire humanitaire Madleen;elm:context_link;itc:0;sec:content-canvas;outcm:mb_qualified_link;_E:mb_qualified_link;ct:story;\" class=\"link  yahoo-link\" target=\"_blank\" rel=\"noopener\"><strong>l\u2019interception de l&rsquo;arm\u00e9e isra\u00e9lienne du navire humanitaire Madleen<\/strong><\/a>, qui tentait de rallier Gaza avec 12 militants \u00e0 son bord, dont l&rsquo;eurod\u00e9put\u00e9e franco-palestinienne Rima Hassan et l&rsquo;activiste su\u00e9doise du climat Greta Thunberg.<\/p>\n<p>Le yacht battant pavillon britannique et g\u00e9r\u00e9 par l&rsquo;organisation pro-palestinienne Freedom Flotilla Coalition (FFC), avait pour objectif de livrer une quantit\u00e9 symbolique d&rsquo;aide aux Gazaouis et de sensibiliser la communaut\u00e9 internationale \u00e0 la crise humanitaire qui y s\u00e9vit.<\/p>\n<p>Le groupe qui a appareill\u00e9 le voilier, affirme que l&rsquo;arraisonnement a \u00e9t\u00e9 effectu\u00e9 dans les eaux internationales et d\u00e9nonce \u00e0 ce titre une violation des lois maritimes.<\/p>\n<p>Le navire a \u00e9t\u00e9 escort\u00e9 vers le port d&rsquo;Ashdod par les autorit\u00e9s isra\u00e9liennes, et l&rsquo;\u00c9tat h\u00e9breu a demand\u00e9 aux 12 passagers de \u00ab\u00a0retourner dans leurs pays\u00a0\u00bb.\u00a0\u00bb<\/p>\n<p>\u00ab\u00a0La France est vigilante et aux c\u00f4t\u00e9s de tous ses ressortissants\u00a0\u00bb<\/p>\n<p>Paris a imm\u00e9diatement appel\u00e9 \u00e0 un retour rapide des six passagers fran\u00e7ais du navire.<\/p>\n<p>\u00ab\u00a0Le pr\u00e9sident de la R\u00e9publique a demand\u00e9 de permettre, dans les plus brefs d\u00e9lais, le retour en France de nos six ressortissants fran\u00e7ais dont le bateau a \u00e9t\u00e9 intercept\u00e9 au large de la bande de Gaza par les autorit\u00e9s isra\u00e9liennes\u00a0\u00bb, a d\u00e9clar\u00e9 lundi l&rsquo;\u00c9lys\u00e9e dans un communiqu\u00e9.<\/p>\n<p>Dans la soir\u00e9e de lundi, en marge de la conf\u00e9rence de l&rsquo;ONU sur les oc\u00e9ans qui s&rsquo;est ouverte \u00e0 Nice, Emmanuel Macron a d\u00e9clar\u00e9 que la France \u00e9tait \u00ab\u00a0vigilante\u00a0\u00bb et \u00ab\u00a0aux c\u00f4t\u00e9s de tous ses ressortissants qui sont en danger\u00a0\u00bb, ajoutant que Paris a pass\u00e9 \u00ab\u00a0tous les messages\u00a0\u00bb pour que la protection des activistes fran\u00e7ais arr\u00eat\u00e9s soit \u00ab\u00a0assur\u00e9e\u00a0\u00bb.<\/p>\n<p>Le pr\u00e9sident de la R\u00e9publique a \u00e9galement r\u00e9it\u00e9r\u00e9 ses critiques \u00e0 l&rsquo;\u00e9gard du gouvernement isra\u00e9lien :<\/p>\n<blockquote class=\"caas-blockquote\">\n<p>La France appelle \u00e0 un cessez-le-feu au plus vite et \u00e0 la lev\u00e9e du blocus humanitaire, le scandale, l&rsquo;inacceptable qui se joue \u00e0 Gaza, c&rsquo;est cela. Et c&rsquo;est ce qui, depuis d\u00e9but mars, est une honte.<\/p>\n<\/blockquote>\n<p>Plus t\u00f4t, le ministre fran\u00e7ais des Affaires \u00e9trang\u00e8res Jean-No\u00ebl Barrot a par ailleurs demand\u00e9 \u00e0 Isra\u00ebl d&rsquo;accorder une protection consulaire aux passagers pour assurer leur s\u00e9curit\u00e9.<\/p>\n<p>\u00ab\u00a0Notre consulat a demand\u00e9 \u00e0 pouvoir leur rendre visite d\u00e8s lors qu&rsquo;ils auront rejoint le port d\u2019Ashdod, en vue de s&rsquo;assurer de leur situation et de faciliter leur retour rapide en France\u00a0\u00bb, a-t-il indiqu\u00e9. Le quai d&rsquo;Orsay avait \u00ab\u00a0alert\u00e9\u00a0\u00bb les participants fran\u00e7ais \u00e0 l&rsquo;op\u00e9ration des risques qu&rsquo;ils encouraient en tentant de se rendre \u00e0 Gaza, a \u00e9galement indiqu\u00e9 le chef de la diplomatie fran\u00e7aise.<\/p>\n<p>Peu apr\u00e8s l&rsquo;interception du Madleen, les autorit\u00e9s isra\u00e9liennes ont publi\u00e9 une vid\u00e9o montrant les passagers du navire recevant de l&rsquo;eau et de la nourriture, et assur\u00e9 qu&rsquo;ils \u00e9taient \u00ab\u00a0tous sains et saufs\u00a0\u00bb.<\/p>\n<p>\u00ab\u00a0Le spectacle est termin\u00e9\u00a0\u00bb, ajoute le minist\u00e8re isra\u00e9lien des Affaires \u00e9trang\u00e8res, qui d\u00e9nonce une op\u00e9ration de \u00ab\u00a0provocation m\u00e9diatique\u00a0\u00bb \u00e0 des fins de \u00ab\u00a0publicit\u00e9\u00a0\u00bb.<\/p>\n<p>La Pr\u00e9sidente du Parlement europ\u00e9en, Roberta Metsola, a d\u00e9clar\u00e9 \u00e0 Euronews \u00eatre \u00ab\u00a0en contact permanent\u00a0\u00bb avec Isra\u00ebl au sujet de Rima Hassan.<\/p>\n<p>Dans le m\u00eame temps, les autorit\u00e9s espagnoles ont convoqu\u00e9 lundi le charg\u00e9 d&rsquo;affaires d&rsquo;Isra\u00ebl \u00e0 Madrid, Dan Poraz. Un activiste et m\u00e9canicien naval espagnol, Sergio Toribio, se trouvait \u00e0 bord du Madleen lors de son interception.<\/p>\n<p>Au c\u0153ur de l&rsquo;op\u00e9ration controvers\u00e9e, une eurod\u00e9put\u00e9e fran\u00e7aise<\/p>\n<p>L&rsquo;engagement farouche de l&rsquo;eurod\u00e9put\u00e9e Rima Hassan en faveur de Gaza l&rsquo;a souvent plac\u00e9e au centre de controverses en France.<\/p>\n<p>En f\u00e9vrier, la juriste et eurod\u00e9put\u00e9e, n\u00e9e en 1992 dans un camp de r\u00e9fugi\u00e9s en Syrie, avait suscit\u00e9 un toll\u00e9 en estimant que le Hamas menait \u00ab\u00a0une action l\u00e9gitime du point de vue du droit international\u00a0\u00bb.<\/p>\n<p>\u00ab\u00a0La question du droit international, c\u2019est une boussole, tout le monde doit se tenir \u00e0 cette boussole\u00a0: la l\u00e9gitimit\u00e9 de la lutte arm\u00e9e dans un contexte de colonisation, elle est extr\u00eamement claire, et c\u2019est ma position\u00a0\u00bb, avait-elle d\u00e9clar\u00e9 au micro de Sud Radio.<\/p>\n<p>Un signalement au parquet pour \u00ab\u00a0apologie du terrorisme\u00a0\u00bb avait \u00e9t\u00e9 fait par le ministre de l&rsquo;Int\u00e9rieur Bruno Retailleau.<\/p>\n<p>Les figures de l&rsquo;extr\u00eame droite, telles que Marion Mar\u00e9chal ou le d\u00e9put\u00e9 RN Jean-Philippe Tanguy avaient m\u00eame demand\u00e9 la d\u00e9ch\u00e9ance de nationalit\u00e9 de Rima Hassan.<\/p>\n<p>\u00ab\u00a0C\u2019est impossible, je suis n\u00e9e apatride\u00a0\u00bb, a <a href=\"https:\/\/x.com\/RimaHas\/status\/1896276407313158290\" rel=\"nofollow noopener\" target=\"_blank\" data-ylk=\"slk:rappel\u00e9;elm:context_link;itc:0;sec:content-canvas\" class=\"link \">rappel\u00e9<\/a> l&rsquo;int\u00e9ress\u00e9e sur X.<\/p>\n<p>L&rsquo;\u00e9lue LFI avait toutefois qualifi\u00e9 de \u00ab\u00a0crimes de guerre\u00a0\u00bb les exactions commises par le mouvement islamiste palestinien en Isra\u00ebl le\u00a07\u00a0octobre\u00a02023, qui ont co\u00fbt\u00e9 la vie \u00e0 plus de 1 200 personnes, en grande majorit\u00e9 des civils.<\/p>\n<p>Au Parlement europ\u00e9en, elle avait auparavant vot\u00e9 contre une r\u00e9solution demandant la lib\u00e9ration de l&rsquo;\u00e9crivain franco-alg\u00e9rien Boualem Sansal, emprisonn\u00e9 en Alg\u00e9rie depuis novembre.<\/p>\n<p>Selon Rima Hassan, l&rsquo;affaire avait \u00e9t\u00e9 \u00ab\u00a0instrumentalis\u00e9e\u00a0\u00bb par la droite fran\u00e7aise dans le contexte d&rsquo;un bras de fer entre Bruno Retailleau et Alger sur fond de diff\u00e9rends migratoires.<\/p>\n<p><b class=\"c-widget-related__title__text\">Related<\/b><\/p>\n<p>Des manifestants demandent la lib\u00e9ration des membres de la \u00ab\u00a0Flottille pour Gaza\u00a0\u00bb<\/p>\n<p>La France Insoumise, dont Rima Hassan est membre, d\u00e9nonce \u00ab\u00a0l&rsquo;arrestation ill\u00e9gale de 12 humanitaires et activistes pacifistes\u00a0\u00bb, reprenant les accusations de la FFC, selon lesquelles l&rsquo;interception aurait \u00e9t\u00e9 effectu\u00e9e dans les eaux internationales.<\/p>\n<p>La cheffe de file des d\u00e9put\u00e9s LFI, Mathilde Panot, juge, par ailleurs, insuffisante la r\u00e9ponse officielle de la France.<\/p>\n<p>Le parti de gauche radicale exhorte par ailleurs la communaut\u00e9 internationale \u00e0 \u00ab\u00a0condamner fermement\u00a0\u00bb cette arrestation et appelle ses sympathisants \u00e0 <a href=\"https:\/\/x.com\/FranceInsoumise\/status\/1931945356289253675\" rel=\"nofollow noopener\" target=\"_blank\" data-ylk=\"slk:participer \u00e0 un rassemblement;elm:context_link;itc:0;sec:content-canvas\" class=\"link \"><strong>participer \u00e0 un rassemblement<\/strong><\/a> \u00e0 18 heures lundi, sur la Place de la R\u00e9publique \u00e0 Paris. Des manifestations se sont \u00e9galement tenues dans d&rsquo;autres villes.<\/p>\n<p>D\u00e9non\u00e7ant un \u00ab\u00a0m\u00e9pris du droit humanitaire\u00a0\u00bb, la secr\u00e9taire nationale des \u00c9cologistes Marine Tondelier, appelle \u00e9galement \u00ab\u00a0la France, l\u2019Europe, l\u2019ONU et toutes celles et ceux que cela choque [\u00e0] monter au cr\u00e9neau pour s\u2019assurer de la s\u00e9curit\u00e9 des membres de l\u2019\u00e9quipage\u00a0\u00bb.<\/p>\n<p>\u00ab\u00a0Qu\u2019un \u00c9tat dirig\u00e9 par <a href=\"https:\/\/fr.news.yahoo.com\/mandats-darr%C3%AAt-cpi-contre-netanyahu-125617436.html\" data-ylk=\"slk:un homme recherch\u00e9 par la CPI;elm:context_link;itc:0;sec:content-canvas;outcm:mb_qualified_link;_E:mb_qualified_link;ct:story;\" class=\"link  yahoo-link\" target=\"_blank\" rel=\"noopener\"><strong>un homme recherch\u00e9 par la CPI<\/strong><\/a> se permette d\u2019arr\u00eater 6 ressortissants fran\u00e7ais dont une d\u00e9put\u00e9e europ\u00e9enne, un m\u00e9decin, un journaliste et un humanitaire en dit beaucoup sur le monde dans lequel nous vivons\u00a0\u00bb, ajoute-t-elle.<\/p>\n<p>Enfin, le Parti socialiste, par l&rsquo;interm\u00e9diaire de sa Premi\u00e8re secr\u00e9taire d\u00e9l\u00e9gu\u00e9e Johanna Rolland, <a href=\"https:\/\/x.com\/Johanna_Rolland\/status\/1932014924416561561\" rel=\"nofollow noopener\" target=\"_blank\" data-ylk=\"slk:d\u00e9nonce;elm:context_link;itc:0;sec:content-canvas\" class=\"link \">d\u00e9nonce<\/a> \u00ab\u00a0une nouvelle violation du droit international de la part du gouvernement isra\u00e9lien\u00a0\u00bb.<\/p>\n<p>\u00ab\u00a0Les gouvernements ne peuvent garder le silence. La communaut\u00e9 internationale ne peut d\u00e9tourner plus longtemps le regard. Le blocus de l&rsquo;aide humanitaire doit cesser !\u00a0\u00bb, poursuit-elle.<\/p>\n","protected":false},"excerpt":{"rendered":"Les condamnations se multiplient quelques heures apr\u00e8s l\u2019interception de l&rsquo;arm\u00e9e isra\u00e9lienne du navire humanitaire Madleen, qui tentait de&hellip;\n","protected":false},"author":2,"featured_media":164236,"comment_status":"","ping_status":"","sticky":false,"template":"","format":"standard","meta":{"footnotes":""},"categories":[1888],"tags":[1111,1928,11,1927,1013,1073,1777,674,1011,27,665,25409,29695,12,1926,626,1925,10253,25,15442],"class_list":{"0":"post-164235","1":"post","2":"type-post","3":"status-publish","4":"format-standard","5":"has-post-thumbnail","7":"category-paris","8":"tag-actu","9":"tag-actu-paris","10":"tag-actualites","11":"tag-actualites-paris","12":"tag-bruno-retailleau","13":"tag-emmanuel-macron","14":"tag-eu","15":"tag-europe","16":"tag-fr","17":"tag-france","18":"tag-gaza","19":"tag-gouvernement-israelien","20":"tag-le-spectacle-est-termine","21":"tag-news","22":"tag-news-paris","23":"tag-paris","24":"tag-paris-news","25":"tag-president-de-la-republique","26":"tag-republique-francaise","27":"tag-rima-hassan"},"share_on_mastodon":{"url":"https:\/\/pubeurope.com\/@fr\/114655769591054518","error":""},"_links":{"self":[{"href":"https:\/\/www.europesays.com\/fr\/wp-json\/wp\/v2\/posts\/164235","targetHints":{"allow":["GET"]}}],"collection":[{"href":"https:\/\/www.europesays.com\/fr\/wp-json\/wp\/v2\/posts"}],"about":[{"href":"https:\/\/www.europesays.com\/fr\/wp-json\/wp\/v2\/types\/post"}],"author":[{"embeddable":true,"href":"https:\/\/www.europesays.com\/fr\/wp-json\/wp\/v2\/users\/2"}],"replies":[{"embeddable":true,"href":"https:\/\/www.europesays.com\/fr\/wp-json\/wp\/v2\/comments?post=164235"}],"version-history":[{"count":0,"href":"https:\/\/www.europesays.com\/fr\/wp-json\/wp\/v2\/posts\/164235\/revisions"}],"wp:featuredmedia":[{"embeddable":true,"href":"https:\/\/www.europesays.com\/fr\/wp-json\/wp\/v2\/media\/164236"}],"wp:attachment":[{"href":"https:\/\/www.europesays.com\/fr\/wp-json\/wp\/v2\/media?parent=164235"}],"wp:term":[{"taxonomy":"category","embeddable":true,"href":"https:\/\/www.europesays.com\/fr\/wp-json\/wp\/v2\/categories?post=164235"},{"taxonomy":"post_tag","embeddable":true,"href":"https:\/\/www.europesays.com\/fr\/wp-json\/wp\/v2\/tags?post=164235"}],"curies":[{"name":"wp","href":"https:\/\/api.w.org\/{rel}","templated":true}]}}