{"id":164249,"date":"2025-06-09T22:35:27","date_gmt":"2025-06-09T22:35:27","guid":{"rendered":"https:\/\/www.europesays.com\/fr\/164249\/"},"modified":"2025-06-09T22:35:27","modified_gmt":"2025-06-09T22:35:27","slug":"allemagne-france-0-2-maignan-brille-mbappe-marque-et-la-france-arrache-la-troisieme-place-en-ligue-des-nations","status":"publish","type":"post","link":"https:\/\/www.europesays.com\/fr\/164249\/","title":{"rendered":"Allemagne &#8211; France (0-2) : Maignan brille, Mbapp\u00e9 marque&#8230; et la France arrache la troisi\u00e8me place en Ligue des nations"},"content":{"rendered":"<p class=\"paragraph text_align_left\">Si les Bleus savent pourquoi ils ont perdu jeudi contre l\u2019Espagne (5-4), il n\u2019est pas s\u00fbr qu\u2019ils comprendront pourquoi <a href=\"https:\/\/www.leparisien.fr\/sports\/football\/equipe-de-france\/allemagne-france-la-video-du-joli-50e-but-de-kylian-mbappe-avec-les-bleus-08-06-2025-NED2ZOEB4VCNNOCAPOIAH65KYU.php\" target=\"_self\" rel=\"noopener\">ils ont gagn\u00e9 contre l\u2019Allemagne ce dimanche<\/a> (2-0). Apr\u00e8s avoir \u00e9t\u00e9 balay\u00e9s par les Harlem Globetrotters du jeu, ils ont arrach\u00e9 la troisi\u00e8me place en Ligue des nations avec du talent et beaucoup de r\u00e9ussite. De mani\u00e8re irrationnelle et spectaculaire, un combo magique. <\/p>\n<p class=\"paragraph text_align_left\">On aurait cru voir le foot de s\u00e9lection ou de clubs dans les ann\u00e9es 1980 \u00e0 l\u2019envers quand les \u00e9quipes fran\u00e7aises dominaient sans \u00eatre r\u00e9compens\u00e9es. Il a fallu des \u00e9normes parades de <a href=\"https:\/\/www.leparisien.fr\/sports\/football\/mike-maignan\/\" target=\"_blank\" rel=\"noreferrer noopener\">Mike Maignan<\/a>, le sens des feintes et du but dans un petit espace pour <a href=\"https:\/\/www.leparisien.fr\/sports\/football\/kylian-mbappe\/\" target=\"_blank\" rel=\"noreferrer noopener\">Kylian Mbapp\u00e9<\/a>, pas mal d\u2019interventions de la VAR favorables aux hommes de Didier Deschamps, un poteau pour Florian Wirtz et l\u2019affaire \u00e9tait jou\u00e9e.<\/p>\n<p class=\"paragraph text_align_left\">Cette victoire tricolore n\u2019indique rien, ni renouveau ni solutions collectives. La connexion entre les quatre attaquants A a paru faible et les contres rat\u00e9s dans des proportions inqui\u00e9tantes de la seconde p\u00e9riode ont ajout\u00e9 au tableau d\u00e9sertique de leur entente. Une semaine apr\u00e8s l\u2019explosion en finale de la Ligue des champions avec l\u2019Inter Milan, <a href=\"https:\/\/www.leparisien.fr\/sports\/football\/ligue-des-champions\/une-question-de-feeling-pourquoi-marcus-thuram-a-prefere-signer-a-linter-milan-plutot-quau-psg-en-2023-31-05-2025-CBX7WDOSOVDRDNBDO5UDM656RU.php\" target=\"_blank\" rel=\"noreferrer noopener\">Marcus Thuram<\/a> a trouv\u00e9 les airs, le poteau ou Marc-Andr\u00e9 Ter Stegen, selon le triple principe qui revient toujours au m\u00eame : il reste maudit en \u00e9quipe de France. <\/p>\n<p class=\"paragraph text_align_left\">Les Bleus ont retrouv\u00e9 un grand gardien mais Maignan donne plus souvent en s\u00e9lection dans l\u2019excellent que dans le m\u00e9diocre comme jeudi face \u00e0 la Roja. Et avec <a href=\"https:\/\/www.leparisien.fr\/sports\/football\/equipe-de-france\/allemagne-france-le-defenseur-loic-bade-titulaire-pour-sa-premiere-selection-08-06-2025-7V7CLUN5IVGGHHEQR7JZAYTNSU.php\" target=\"_blank\" rel=\"noreferrer noopener\">Lo\u00efc Bad\u00e9<\/a>, ils ont r\u00e9cup\u00e9r\u00e9 un d\u00e9fenseur central \u00e0 la hauteur d\u2019une premi\u00e8re cape et qui a donn\u00e9 envie d\u2019\u00eatre revu. Il a mieux d\u00e9fendu tout seul que les quatre aper\u00e7us en demi-finale de la comp\u00e9tition, ce qui r\u00e9v\u00e8le \u00e0 la fois sa puissance et l\u2019indigence du quatuor choisi jeudi.<\/p>\n<p>Avec d\u2019autres hommes pour les \u00e9liminatoires du Mondial 2026<\/p>\n<p class=\"paragraph text_align_left\">Malgr\u00e9 son but, dans son style et c\u00f4t\u00e9 gauche comme une piq\u00fbre de rappel de ses meilleures ann\u00e9es, <a href=\"https:\/\/www.leparisien.fr\/sports\/football\/equipe-de-france\/allemagne-france-je-suis-plus-dans-loeil-du-cyclone-mais-ca-me-plait-juge-kylian-mbappe-07-06-2025-2D4RFGRDR5DFHFZKIFTF6P3GKU.php\" target=\"_blank\" rel=\"noreferrer noopener\">le capitaine<\/a> n\u2019a pas r\u00e9ussi \u00e0 aider le jeu \u00e0 se d\u00e9ployer, ratant des passes, manquant d\u2019appels tranchants et plusieurs fois le cadre dans des face-\u00e0-face avec le portier de Barcelone qu\u2019il aime tant. Malgr\u00e9 tout, il n\u2019avait pas marqu\u00e9 dans le jeu depuis plus d\u2019un an (5 juin 2024 contre le Luxembourg), se rajoute une passe d\u00e9cisive pour Michael Olise (0-2, 84e) et son but est \u00e0 l\u2019image de l\u2019ensemble de la performance des Bleus : elle leur fait du bien et ram\u00e8ne un peu de sourire dans la derni\u00e8re s\u00e9quence internationale de la saison. <\/p>\n<p class=\"title-embed-dailymotion lp-color-text lp-f-subtitle-04\">Vid\u00e9oBallon d&rsquo;or : Mbapp\u00e9 vote Ousmane Demb\u00e9l\u00e9<\/p>\n<p class=\"paragraph text_align_left\">Ils sont encore tr\u00e8s loin de l\u2019Espagne, m\u00eame s\u2019ils ne sont pas les seuls, et viendront avec d\u2019autres hommes pour les \u00e9liminatoires du Mondial 2026 \u00e0 la rentr\u00e9e et aux Etats-Unis s\u2019ils se qualifient, ce qui ne posera aucun probl\u00e8me.<\/p>\n<p class=\"paragraph text_align_left\">Devant 51313 spectateurs (dont 6733 Fran\u00e7ais) d\u00e9pit\u00e9s de voir l\u2019Allemagne conc\u00e9der deux revers dans la semaine \u00e0 domicile et demeurer impuissante dans les grands tournois ou ce qui y ressemble, les hommes de Deschamps r\u00e9ussissent \u00e0 repartir gonfl\u00e9s du pays, avec de meilleures situations devant le but apr\u00e8s la pause dont une vol\u00e9e couch\u00e9e du num\u00e9ro 9 madril\u00e8ne sur un service de D\u00e9sir\u00e9 Dou\u00e9, entrant impeccable. L\u2019\u00e9quipe de France r\u00e9pond encore pr\u00e9sent.<\/p>\n","protected":false},"excerpt":{"rendered":"Si les Bleus savent pourquoi ils ont perdu jeudi contre l\u2019Espagne (5-4), il n\u2019est pas s\u00fbr qu\u2019ils comprendront&hellip;\n","protected":false},"author":2,"featured_media":164250,"comment_status":"","ping_status":"","sticky":false,"template":"","format":"standard","meta":{"footnotes":""},"categories":[1587],"tags":[11,672,1804,1805,1803,27345,1777,674,63,1801,12,1802,60],"class_list":{"0":"post-164249","1":"post","2":"type-post","3":"status-publish","4":"format-standard","5":"has-post-thumbnail","7":"category-allemagne","8":"tag-actualites","9":"tag-allemagne","10":"tag-bundesrepublik-deutschland","11":"tag-de","12":"tag-deutschland","13":"tag-equipe_france_foot","14":"tag-eu","15":"tag-europe","16":"tag-football","17":"tag-germany","18":"tag-news","19":"tag-republique-federale-dallemagne","20":"tag-sports"},"share_on_mastodon":{"url":"https:\/\/pubeurope.com\/@fr\/114655797298749125","error":""},"_links":{"self":[{"href":"https:\/\/www.europesays.com\/fr\/wp-json\/wp\/v2\/posts\/164249","targetHints":{"allow":["GET"]}}],"collection":[{"href":"https:\/\/www.europesays.com\/fr\/wp-json\/wp\/v2\/posts"}],"about":[{"href":"https:\/\/www.europesays.com\/fr\/wp-json\/wp\/v2\/types\/post"}],"author":[{"embeddable":true,"href":"https:\/\/www.europesays.com\/fr\/wp-json\/wp\/v2\/users\/2"}],"replies":[{"embeddable":true,"href":"https:\/\/www.europesays.com\/fr\/wp-json\/wp\/v2\/comments?post=164249"}],"version-history":[{"count":0,"href":"https:\/\/www.europesays.com\/fr\/wp-json\/wp\/v2\/posts\/164249\/revisions"}],"wp:featuredmedia":[{"embeddable":true,"href":"https:\/\/www.europesays.com\/fr\/wp-json\/wp\/v2\/media\/164250"}],"wp:attachment":[{"href":"https:\/\/www.europesays.com\/fr\/wp-json\/wp\/v2\/media?parent=164249"}],"wp:term":[{"taxonomy":"category","embeddable":true,"href":"https:\/\/www.europesays.com\/fr\/wp-json\/wp\/v2\/categories?post=164249"},{"taxonomy":"post_tag","embeddable":true,"href":"https:\/\/www.europesays.com\/fr\/wp-json\/wp\/v2\/tags?post=164249"}],"curies":[{"name":"wp","href":"https:\/\/api.w.org\/{rel}","templated":true}]}}