{"id":16426,"date":"2025-04-11T03:28:10","date_gmt":"2025-04-11T03:28:10","guid":{"rendered":"https:\/\/www.europesays.com\/fr\/16426\/"},"modified":"2025-04-11T03:28:10","modified_gmt":"2025-04-11T03:28:10","slug":"allain-bougrain-dubourg-presidera-la-29e-edition-du-festival-du-livre-de-nice-du-30-mai-au-1er-juin","status":"publish","type":"post","link":"https:\/\/www.europesays.com\/fr\/16426\/","title":{"rendered":"Allain Bougrain-Dubourg pr\u00e9sidera la 29e \u00e9dition du Festival du livre de Nice du 30 mai au 1er juin"},"content":{"rendered":"<p>\u00c0 deux mois de l\u2019ouverture de la 3e Conf\u00e9rence des Nations Unies sur l\u2019Oc\u00e9an (UNOC-3) qui se tiendra \u00e0 Nice du 9 au 13 juin et o\u00f9 se discuteront les actions n\u00e9cessaires pour prot\u00e9ger, conserver et utiliser durablement les oc\u00e9ans et les ressources marines, le choix du pr\u00e9sident du 29e Festival du Livre de Nice r\u00e9sonne en forme de signe fort: il s\u2019est port\u00e9 sur Allain Bougrain-Dubourg, personnalit\u00e9 engag\u00e9e s\u2019il en est.<\/p>\n<p>Articul\u00e9e autour du th\u00e8me \u00ab\u00a0Prendre le large\u00a0\u00bb, cette 29e \u00e9dition ouvre ainsi grand l\u2019horizon litt\u00e9raire. Car de son premier livre, L\u2019agonie des b\u00e9b\u00e9s phoques (Presses de la Cit\u00e9, 1978) \u00e0 son Dictionnaire amoureux de la vie sauvage (Plon, 2024) le m\u00e9diatique pr\u00e9sident de la Ligue de protection des oiseaux (LPO) auteur d\u2019une vingtaine d\u2019ouvrages, a depuis l\u2019enfance des combats qui l\u2019entra\u00eenent loin dans la d\u00e9fense de toutes les esp\u00e8ces et de leur fragile biotope. Journaliste, producteur et r\u00e9alisateur de t\u00e9l\u00e9vision, Allain Bougrain-Dubourg n\u2019a eu de cesse de partager son enthousiasme et ses convictions. Notamment sur RTL, o\u00f9 il aborde les d\u00e9fis environnementaux auxquels nous sommes confront\u00e9s chaque samedi dans On refait la plan\u00e8te. \u00ab\u00a0Aimer, souffrir, tricher, aider, rire ne sont pas le propre de l\u2019homme, mart\u00e8le-t-il. Les b\u00eates empruntent nos travers \u00e0 moins que ce soient nous qui, plus probablement, les avons plagi\u00e9s.\u00a0\u00bb<\/p>\n<p>Plac\u00e9 sous la direction artistique de Franz-Olivier Giesbert, le Festival du Livre de Nice, qui sera inaugur\u00e9 le vendredi 30 mai, accueillera, jusqu\u2019au 1er juin, plus de 200 \u00e9crivains. Rencontres, d\u00e9dicaces, lectures, spectacles, animations, d\u00e9couvertes et d\u00e9bats seront au programme de cette 29e \u00e9dition \u00e0 d\u00e9couvrir prochainement sur www.nice.fr et www.lefestivaldulivredenice.com.<\/p>\n","protected":false},"excerpt":{"rendered":"\u00c0 deux mois de l\u2019ouverture de la 3e Conf\u00e9rence des Nations Unies sur l\u2019Oc\u00e9an (UNOC-3) qui se tiendra&hellip;\n","protected":false},"author":2,"featured_media":16427,"comment_status":"","ping_status":"","sticky":false,"template":"","format":"standard","meta":{"footnotes":""},"categories":[2819],"tags":[1111,11,251,1777,674,1011,27,1351,12,2401,882,25,3366],"class_list":{"0":"post-16426","1":"post","2":"type-post","3":"status-publish","4":"format-standard","5":"has-post-thumbnail","7":"category-nice","8":"tag-actu","9":"tag-actualites","10":"tag-culture","11":"tag-eu","12":"tag-europe","13":"tag-fr","14":"tag-france","15":"tag-litterature","16":"tag-news","17":"tag-nice","18":"tag-provence-alpes-cote-dazur","19":"tag-republique-francaise","20":"tag-vie-locale"},"share_on_mastodon":{"url":"https:\/\/pubeurope.com\/@fr\/114317210631397087","error":""},"_links":{"self":[{"href":"https:\/\/www.europesays.com\/fr\/wp-json\/wp\/v2\/posts\/16426","targetHints":{"allow":["GET"]}}],"collection":[{"href":"https:\/\/www.europesays.com\/fr\/wp-json\/wp\/v2\/posts"}],"about":[{"href":"https:\/\/www.europesays.com\/fr\/wp-json\/wp\/v2\/types\/post"}],"author":[{"embeddable":true,"href":"https:\/\/www.europesays.com\/fr\/wp-json\/wp\/v2\/users\/2"}],"replies":[{"embeddable":true,"href":"https:\/\/www.europesays.com\/fr\/wp-json\/wp\/v2\/comments?post=16426"}],"version-history":[{"count":0,"href":"https:\/\/www.europesays.com\/fr\/wp-json\/wp\/v2\/posts\/16426\/revisions"}],"wp:featuredmedia":[{"embeddable":true,"href":"https:\/\/www.europesays.com\/fr\/wp-json\/wp\/v2\/media\/16427"}],"wp:attachment":[{"href":"https:\/\/www.europesays.com\/fr\/wp-json\/wp\/v2\/media?parent=16426"}],"wp:term":[{"taxonomy":"category","embeddable":true,"href":"https:\/\/www.europesays.com\/fr\/wp-json\/wp\/v2\/categories?post=16426"},{"taxonomy":"post_tag","embeddable":true,"href":"https:\/\/www.europesays.com\/fr\/wp-json\/wp\/v2\/tags?post=16426"}],"curies":[{"name":"wp","href":"https:\/\/api.w.org\/{rel}","templated":true}]}}