{"id":164260,"date":"2025-06-09T22:41:10","date_gmt":"2025-06-09T22:41:10","guid":{"rendered":"https:\/\/www.europesays.com\/fr\/164260\/"},"modified":"2025-06-09T22:41:10","modified_gmt":"2025-06-09T22:41:10","slug":"le-carrefour-de-la-foux-dans-le-golfe-de-saint-tropez-clignotera-jusqua-mi-juin","status":"publish","type":"post","link":"https:\/\/www.europesays.com\/fr\/164260\/","title":{"rendered":"Le carrefour de la Foux dans le Golfe de Saint-Tropez clignotera jusqu\u2019\u00e0 mi-juin"},"content":{"rendered":"<p>Un simple clignotement peut cr\u00e9er la confusion et des engagements dangereux. La lumi\u00e8re orange sur une partie des feux du Croisement de La Foux, renvoie les usagers \u00e0 leurs le\u00e7ons de conduite.<\/p>\n<p>\u00c0 qui la priorit\u00e9? (un indice: v\u00e9rifier les pointill\u00e9s sur le sol). La situation dure depuis la semaine derni\u00e8re \u00e0 cause d\u2019une panne provoqu\u00e9e par un dysfonctionnement d\u2019un appareil central du r\u00e9seau g\u00e9r\u00e9 par le D\u00e9partement.<\/p>\n<p>\u00ab\u00a0Au carrefour de la Foux, situ\u00e9 sur les communes de Gassin et Cogolin, un ensemble de huit feux sont g\u00e9r\u00e9s par un contr\u00f4leur (mat\u00e9riel \u00e9lectronique) localis\u00e9 dans une armoire. Ce dernier pr\u00e9sente de par son anciennet\u00e9 des faiblesses au point de g\u00e9n\u00e9rer des dysfonctionnements devenus trop fr\u00e9quents ces derniers temps\u00a0\u00bb, expertise la Direction des infrastructures et de la mobilit\u00e9.<\/p>\n<p>                                <b>Un probl\u00e8me trop fr\u00e9quent<\/b><\/p>\n<p>En effet, les usagers sont habitu\u00e9s \u00e0 ces pannes ponctuelles qui \u00e9taient r\u00e9gl\u00e9es au bout de quelques heures ou quelques jours avec un simple d\u00e9pannage. L\u2019ann\u00e9e derni\u00e8re, \u00e0 la m\u00eame p\u00e9riode, un l\u00e9zard qui s\u2019\u00e9tait gliss\u00e9 dans l\u2019\u00e9lectronique avait carr\u00e9ment grill\u00e9 les feux.<\/p>\n<p>Mais cette fois, l\u2019intervention sera plus cons\u00e9quente, le contr\u00f4leur sera enti\u00e8rement remplac\u00e9 pour \u00e9viter que la situation ne se reproduise.<\/p>\n<p>Une op\u00e9ration chiffr\u00e9e \u00e0 6.150 euros. La pi\u00e8ce sera remplac\u00e9e imm\u00e9diatement une fois re\u00e7ue. Le retour \u00e0 la normale est pr\u00e9vu pour le 16 juin.<\/p>\n","protected":false},"excerpt":{"rendered":"Un simple clignotement peut cr\u00e9er la confusion et des engagements dangereux. La lumi\u00e8re orange sur une partie des&hellip;\n","protected":false},"author":2,"featured_media":164261,"comment_status":"","ping_status":"","sticky":false,"template":"","format":"standard","meta":{"footnotes":""},"categories":[1418],"tags":[1011,27,1472,803,60],"class_list":{"0":"post-164260","1":"post","2":"type-post","3":"status-publish","4":"format-standard","5":"has-post-thumbnail","7":"category-golf","8":"tag-fr","9":"tag-france","10":"tag-golf","11":"tag-info-trafic","12":"tag-sports"},"share_on_mastodon":{"url":"https:\/\/pubeurope.com\/@fr\/114655820783351927","error":""},"_links":{"self":[{"href":"https:\/\/www.europesays.com\/fr\/wp-json\/wp\/v2\/posts\/164260","targetHints":{"allow":["GET"]}}],"collection":[{"href":"https:\/\/www.europesays.com\/fr\/wp-json\/wp\/v2\/posts"}],"about":[{"href":"https:\/\/www.europesays.com\/fr\/wp-json\/wp\/v2\/types\/post"}],"author":[{"embeddable":true,"href":"https:\/\/www.europesays.com\/fr\/wp-json\/wp\/v2\/users\/2"}],"replies":[{"embeddable":true,"href":"https:\/\/www.europesays.com\/fr\/wp-json\/wp\/v2\/comments?post=164260"}],"version-history":[{"count":0,"href":"https:\/\/www.europesays.com\/fr\/wp-json\/wp\/v2\/posts\/164260\/revisions"}],"wp:featuredmedia":[{"embeddable":true,"href":"https:\/\/www.europesays.com\/fr\/wp-json\/wp\/v2\/media\/164261"}],"wp:attachment":[{"href":"https:\/\/www.europesays.com\/fr\/wp-json\/wp\/v2\/media?parent=164260"}],"wp:term":[{"taxonomy":"category","embeddable":true,"href":"https:\/\/www.europesays.com\/fr\/wp-json\/wp\/v2\/categories?post=164260"},{"taxonomy":"post_tag","embeddable":true,"href":"https:\/\/www.europesays.com\/fr\/wp-json\/wp\/v2\/tags?post=164260"}],"curies":[{"name":"wp","href":"https:\/\/api.w.org\/{rel}","templated":true}]}}