{"id":164276,"date":"2025-06-09T22:50:09","date_gmt":"2025-06-09T22:50:09","guid":{"rendered":"https:\/\/www.europesays.com\/fr\/164276\/"},"modified":"2025-06-09T22:50:09","modified_gmt":"2025-06-09T22:50:09","slug":"lily-la-fille-la-fille-metisse-de-patrick-sebastien-brise-le-silence-a-18-ans","status":"publish","type":"post","link":"https:\/\/www.europesays.com\/fr\/164276\/","title":{"rendered":"Lily, la fille \u00ab\u00a0la fille m\u00e9tisse\u00a0\u00bb de Patrick S\u00e9bastien brise le silence \u00e0 18 ans"},"content":{"rendered":"<p>Ces derni\u00e8res semaines, <strong>Patrick S\u00e9bastien<\/strong> a<br \/>\nfait parler de lui avec la sortie de son 23\u1d49 album studio, Ol\u00e9<br \/>\nos\u00e9 (chansons tr\u00e8s crues in\u00e9dites et interdites).<br \/>\nFid\u00e8le \u00e0 son style d\u00e9complex\u00e9, il assume pleinement le ton de ce<br \/>\ndisque. Un choix qui s\u2019av\u00e8re payant puisque certains titres comme<br \/>\nLa Qu\u00e9quette \u00e0 Raoul, Est-ce que tu l\u00a0\u00bbas vu ? ou encore<br \/>\nPetit spermatozo\u00efde ont rapidement g\u00e9n\u00e9r\u00e9 <strong>des<br \/>\nmillions de vues sur les r\u00e9seaux sociaux<\/strong>. Pourtant, malgr\u00e9<br \/>\nce succ\u00e8s populaire, le septuag\u00e9naire continue d\u2019attirer son lot de<br \/>\ncritiques, une constante dans sa carri\u00e8re.<\/p>\n<p>Lors d\u2019une interview accord\u00e9e \u00e0 La D\u00e9p\u00eache du Midi mardi<br \/>\ndernier, l\u2019artiste de 71 ans est revenu sur ces attaques<br \/>\nr\u00e9currentes. \u00ab\u00a0\u00c7a fait 50 ans qu&rsquo;on me traite de beauf, de<br \/>\nblaireau, d&rsquo;inculte&#8230;\u00a0\u00bb, d\u00e9clare-t-il sans d\u00e9tour. Face \u00e0 ces<br \/>\njugements, il r\u00e9pond avec humour et fermet\u00e9 : \u00ab\u00a0Alors inculte&#8230;<br \/>\nJe dois \u00eatre le seul mec qui a gagn\u00e9 trois fois Question pour un<br \/>\nchampion, j&rsquo;ai une culture g\u00e9n\u00e9rale assez costaud\u00a0\u00bb. Et de<br \/>\nrappeler qu\u2019au-del\u00e0 de son image, il d\u00e9fend des valeurs qui lui<br \/>\ntiennent \u00e0 c\u0153ur : \u00ab\u00a0<strong>Je ne bois pas, je ne me drogue<br \/>\npas<\/strong>, je ne suis pas violent, je suis un humaniste, je<br \/>\nsoutiens la cause LGBT.\u00a0\u00bb<\/p>\n<p>Patrick S\u00e9bastien tacle ses d\u00e9tracteurs<\/p>\n<p>Patrick S\u00e9bastien ne cache rien de sa vision de la vie ni des<br \/>\ncritiques qui l\u2019accompagnent depuis toujours. \u00ab\u00a0Toute ma vie,<br \/>\nj&rsquo;ai essay\u00e9 de faire du bien aux gens\u00a0\u00bb, confie-t-il, en<br \/>\nassumant totalement les sujets l\u00e9gers ou crus de ses chansons. Il<br \/>\nse d\u00e9fend aussi face \u00e0 l\u2019\u00e9tiquette de beauf : \u00ab\u00a0Le cul j&rsquo;en<br \/>\nparle, je le vis comme beaucoup de gens, sans plus, <strong>c&rsquo;est<br \/>\n\u00e7a \u00eatre un beauf ?<\/strong> Je vous le souhaite \u00e0 tous.\u00a0\u00bb<br \/>\nMalgr\u00e9 les drames qu\u2019il a travers\u00e9s, il insiste : \u00ab\u00a0J&rsquo;arrive \u00e0<br \/>\n71 ans, sans came, sans psychiatre, sans alcool\u2026 je suis<br \/>\ndebout.\u00a0\u00bb Ce regard parfois blessant du public, notamment pour<br \/>\nses enfants, l\u2019a longtemps touch\u00e9, mais aujourd\u2019hui, il relativise<br \/>\n: \u00ab\u00a0Je suis ce que je suis. Je n&rsquo;ai jamais voulu masquer mes<br \/>\ntrucs. J&rsquo;ai des qualit\u00e9s et des d\u00e9fauts, je vous les montre. Comme<br \/>\ntout le monde.\u00a0\u00bb<\/p>\n<p>L\u2019ancien animateur du Plus grand cabaret du monde porte<br \/>\naussi un jugement sans d\u00e9tour sur ceux qui le d\u00e9nigrent : \u00ab\u00a0Le<br \/>\npremier pilier de la b\u00eatise, c&rsquo;est de juger avec d\u00e9dain<br \/>\nl&rsquo;intelligence des autres. Tous ces gens qui jugent comme \u00e7a, ce<br \/>\nsont des mecs qui ont une haute id\u00e9e d&rsquo;eux-m\u00eames. <strong>C&rsquo;est des<br \/>\nsous-merdes !<\/strong>\u00a0\u00bb Derri\u00e8re cette franchise, <a href=\"https:\/\/www.melty.fr\/people\/patrick-sebastien-sans-filtre-sur-sa-vie-privee-jai-pris-un-oreiller-jai-essaye-de-letouffer-2234332.html\" target=\"_blank\" rel=\"noopener\"><br \/>\ncelui qui a noy\u00e9 ses blessures dans l&rsquo;alcool<\/a> rappelle que la<br \/>\nc\u00e9l\u00e9brit\u00e9 touche aussi ses proches. Lors d\u2019une interview avec le<br \/>\nmagazine Gala, il a ouvert les portes de son quotidien, aux c\u00f4t\u00e9s<br \/>\nde sa famille. Dans cet \u00e9change sinc\u00e8re, sa fille<br \/>\n<strong>Lily<\/strong> a notamment r\u00e9v\u00e9l\u00e9 avoir \u00e9t\u00e9 confront\u00e9e \u00e0 un<br \/>\nharc\u00e8lement quotidien, illustrant combien les critiques publiques<br \/>\npeuvent laisser des traces bien au-del\u00e0 de la sph\u00e8re<br \/>\nm\u00e9diatique.<\/p>\n<p>Une situation qui affecte sa fille Lily<\/p>\n<p>Entre Lily et son p\u00e8re Patrick S\u00e9bastien, la complicit\u00e9 est<br \/>\nforte, mais cette relation n\u2019a pas emp\u00each\u00e9 l\u2019\u00e9mergence de blessures<br \/>\nprofondes. Lors d\u2019un entretien accord\u00e9 au magazine Gala,<br \/>\nla jeune fille a confi\u00e9 avoir subi un lourd harc\u00e8lement. \u00c0 l\u2019\u00e9cole,<br \/>\nelle a souvent \u00e9t\u00e9 la cible de moqueries et de remarques<br \/>\nd\u00e9sobligeantes en raison de la notori\u00e9t\u00e9 et de l\u2019image publique de<br \/>\nson p\u00e8re. \u00ab\u00a0\u00c7a n&rsquo;a pas \u00e9t\u00e9 simple. <strong>J&rsquo;ai \u00e9t\u00e9 harcel\u00e9e \u00e0<br \/>\nl&rsquo;\u00e9cole, on me renvoyait tout le temps aux Sardines et \u00e0 l&rsquo;image<br \/>\ncens\u00e9ment &lsquo;beauf&rsquo; de mon p\u00e8re<\/strong>\u00ab\u00a0, a-t-elle expliqu\u00e9.<br \/>\nElle a \u00e9galement tenu \u00e0 nuancer cette image souvent caricaturale :<br \/>\n\u00ab\u00a0Les gens ne connaissent pas le vrai Patrick. Celui qui passe<br \/>\nson temps dans notre maison du Lot, enferm\u00e9 dans son bureau, \u00e0<br \/>\ncr\u00e9er, \u00e9crire des textes, faire des mots crois\u00e9s et \u00e9couter<br \/>\nBarbara.\u00a0\u00bb<\/p>\n<p>\u00ab\u00a0Enfant m\u00e9tisse de Patrick S\u00e9bastien, Lily Boutot affirme<br \/>\navoir souffert de la notori\u00e9t\u00e9 de son p\u00e8re. En interviews, elle<br \/>\n\u00e9voque \u00e0 quel point cela a \u00e9t\u00e9 difficile pour elle. Notamment les<br \/>\nbrimades, les chansons des &lsquo;Sardines&rsquo; qu&rsquo;on lui chantait \u00e0<br \/>\ntue-t\u00eate, sans oublier le fait qu&rsquo;on qualifie sans cesse son p\u00e8re<br \/>\nde &lsquo;beauf'\u00a0\u00bb, nous a pr\u00e9cis\u00e9 le journaliste Jason Mathurin,<br \/>\n<a href=\"https:\/\/www.nextplz.fr\/people\/493300-ca-na-pas-ete-simple-lily-la-fille-metisse-de-patrick-sebastien-revele-ses-blessures-les-plus-intimes-a-18-ans\" target=\"_blank\" rel=\"noopener\">sp\u00e9cialiste people chez<br \/>\nNextPlz<\/a>.<\/p>\n<p>Cette situation a profond\u00e9ment touch\u00e9 le producteur, lui-m\u00eame<br \/>\nr\u00e9guli\u00e8rement vis\u00e9 par les critiques. Tr\u00e8s sensible \u00e0 ce que sa<br \/>\nfille a pu vivre, il ne cache pas son \u00e9motion lorsqu\u2019il aborde ce<br \/>\nsujet. D\u2019ailleurs, l&rsquo;auteur-compositeur n\u2019a pas h\u00e9sit\u00e9 \u00e0 prendre la<br \/>\nparole r\u00e9cemment pour exprimer son ressenti sur ce genre<br \/>\nd\u2019attaques, lors de son dernier passage \u00e0 la t\u00e9l\u00e9vision. Une<br \/>\nmani\u00e8re pour lui de d\u00e9fendre non seulement son image, <strong>mais<br \/>\naussi celle de ses proches<\/strong>, souvent injustement entra\u00een\u00e9s<br \/>\ndans la tourmente m\u00e9diatique.<\/p>\n<p><strong>\u00ab\u00a0Originaire de Tahiti, Lily a \u00e9t\u00e9 adopt\u00e9e en 2007<br \/>\npar Patrick S\u00e9bastien et sa compagne de l&rsquo;\u00e9poque, Nathalie Boutot.<br \/>\nLily n&rsquo;a d&rsquo;ailleurs pas pris le nom de plume son p\u00e8re, sans doute<br \/>\npour \u00e9viter qu&rsquo;on ne l&#8217;emb\u00eate avec\u00a0\u00bb<\/strong>, ajoute Jason<br \/>\nMathurin, que nous avons interrog\u00e9 \u00e0 ce sujet.<\/p>\n<p>La question du racisme en France agace<br \/>\nPatrick S\u00e9bastien<\/p>\n<p>Pendant que le Festival de Cannes battait son plein,<br \/>\n<strong>Mathieu Kassovitz<\/strong> a d\u00e9clench\u00e9 une vive controverse<br \/>\nen d\u00e9non\u00e7ant un \u00ab\u00a0probl\u00e8me de racisme\u00a0\u00bb en France. Lors<br \/>\nd\u2019une interview sur LCI, <a href=\"https:\/\/www.melty.fr\/people\/mathieu-kassovitz-victime-dagressions-sexuelles-denonce-gens-tres-connus-2130846.html\" target=\"_blank\" rel=\"noopener\"><br \/>\nl\u2019acteur victime d&rsquo;agressions sexuelles<\/a> a provoqu\u00e9 de<br \/>\nnombreuses r\u00e9actions en d\u00e9clarant : \u00ab\u00a0<strong>Je pense qu\u2019il n\u2019y<br \/>\na plus de Fran\u00e7ais de souche<\/strong>, enfin si cela s\u2019appelle des<br \/>\nfins de race, ils vont se m\u00e9langer avec les autres.\u00a0\u00bb Des<br \/>\npropos qui n\u2019ont pas manqu\u00e9 de faire r\u00e9agir Patrick S\u00e9bastien.<br \/>\nConnu pour son franc-parler, l\u2019ex-animateur de France T\u00e9l\u00e9visions a<br \/>\nr\u00e9pondu sans d\u00e9tour \u00e0 ces affirmations.<\/p>\n<p>Le mois dernier, sur le plateau de Face \u00e0 l&rsquo;info sur CNews, le<br \/>\nnatif de Brive-la-Gaillarde a exprim\u00e9 son incompr\u00e9hension et son<br \/>\nd\u00e9saccord. Choqu\u00e9 par les paroles de Kassovitz, il a pris exemple<br \/>\nsur sa propre famille : \u00ab\u00a0Moi, j&rsquo;ai trois enfants. <strong>Il y<br \/>\nen a deux qui sont blancs et ma fille qui est m\u00e9tisse<\/strong>. Je<br \/>\nme vois mal expliquer \u00e0 deux de mes enfants : &lsquo;Vous \u00eates des fins<br \/>\nde race&rsquo; et expliquer \u00e0 l&rsquo;autre : &lsquo;Non non, tu es sup\u00e9rieure&rsquo;. \u00c7a<br \/>\nne tient pas debout.\u00a0\u00bb Une d\u00e9claration qui refl\u00e8te son<br \/>\nengagement contre les discours racistes et les jugements bas\u00e9s sur<br \/>\nl\u2019origine. Fid\u00e8le \u00e0 son habitude, Patrick S\u00e9bastien n\u2019a pas h\u00e9sit\u00e9<br \/>\n\u00e0 se faire entendre sur ce sujet sensible, marquant une fois de<br \/>\nplus sa position claire face \u00e0 ce type de pol\u00e9mique.<\/p>\n","protected":false},"excerpt":{"rendered":"Ces derni\u00e8res semaines, Patrick S\u00e9bastien a fait parler de lui avec la sortie de son 23\u1d49 album studio,&hellip;\n","protected":false},"author":2,"featured_media":164277,"comment_status":"","ping_status":"","sticky":false,"template":"","format":"standard","meta":{"footnotes":""},"categories":[1359],"tags":[58,59,1011,27,23735,6097,973],"class_list":{"0":"post-164276","1":"post","2":"type-post","3":"status-publish","4":"format-standard","5":"has-post-thumbnail","7":"category-people","8":"tag-divertissement","9":"tag-entertainment","10":"tag-fr","11":"tag-france","12":"tag-mathieu-kassovitz","13":"tag-patrick-sebastien","14":"tag-people"},"share_on_mastodon":{"url":"https:\/\/pubeurope.com\/@fr\/114655856098052742","error":""},"_links":{"self":[{"href":"https:\/\/www.europesays.com\/fr\/wp-json\/wp\/v2\/posts\/164276","targetHints":{"allow":["GET"]}}],"collection":[{"href":"https:\/\/www.europesays.com\/fr\/wp-json\/wp\/v2\/posts"}],"about":[{"href":"https:\/\/www.europesays.com\/fr\/wp-json\/wp\/v2\/types\/post"}],"author":[{"embeddable":true,"href":"https:\/\/www.europesays.com\/fr\/wp-json\/wp\/v2\/users\/2"}],"replies":[{"embeddable":true,"href":"https:\/\/www.europesays.com\/fr\/wp-json\/wp\/v2\/comments?post=164276"}],"version-history":[{"count":0,"href":"https:\/\/www.europesays.com\/fr\/wp-json\/wp\/v2\/posts\/164276\/revisions"}],"wp:featuredmedia":[{"embeddable":true,"href":"https:\/\/www.europesays.com\/fr\/wp-json\/wp\/v2\/media\/164277"}],"wp:attachment":[{"href":"https:\/\/www.europesays.com\/fr\/wp-json\/wp\/v2\/media?parent=164276"}],"wp:term":[{"taxonomy":"category","embeddable":true,"href":"https:\/\/www.europesays.com\/fr\/wp-json\/wp\/v2\/categories?post=164276"},{"taxonomy":"post_tag","embeddable":true,"href":"https:\/\/www.europesays.com\/fr\/wp-json\/wp\/v2\/tags?post=164276"}],"curies":[{"name":"wp","href":"https:\/\/api.w.org\/{rel}","templated":true}]}}