{"id":164285,"date":"2025-06-09T22:55:25","date_gmt":"2025-06-09T22:55:25","guid":{"rendered":"https:\/\/www.europesays.com\/fr\/164285\/"},"modified":"2025-06-09T22:55:25","modified_gmt":"2025-06-09T22:55:25","slug":"cinema-the-legend-of-zelda-le-film-live-action-va-se-faire-desirer-un-peu-plus-longtemps","status":"publish","type":"post","link":"https:\/\/www.europesays.com\/fr\/164285\/","title":{"rendered":"CINEMA : The Legend of Zelda, le film live-action va se faire d\u00e9sirer un peu plus longtemps"},"content":{"rendered":"<p style=\"text-align: justify;\">Le jour de la cl\u00f4ture de son ann\u00e9e fiscale, le 31 mars dernier, Nintendo annon\u00e7ait par l&rsquo;interm\u00e9diaire de sa nouvelle application\u00a0<a target=\"_blank\" href=\"https:\/\/www.gamergen.com\/actualites\/nintendo-today-nouvelle-application-rien-rater-actualite-firme-plombier-339256-1\" title=\"Nintendo Today! : voici une nouvelle application pour ne rien rater de l&#039;actualit\u00e9 de la firme au plombier\" rel=\"noopener\">Nintendo Today!<\/a>\u00a0que <strong>le <a href=\"https:\/\/gamergen.com\/actualites\/the-legend-of-zelda-film-live-action-officialise-premieres-infos-334152-1\" title=\"The Legend of Zelda : un film en live-action officialis\u00e9, premi\u00e8res infos !\" target=\"_blank\" rel=\"noopener\">long-m\u00e9trage live-action\u00a0The Legend of Zelda<\/a> de\u00a0Wes Ball sortirait le\u00a026 mars 2027 en salles<\/strong>, quand bien m\u00eame rien n&rsquo;a pour le moment \u00e9t\u00e9 tourn\u00e9 et que nous ne savons rien du casting, \u00e0 l&rsquo;exception d&rsquo;une r\u00e9cente rumeur ayant fait pol\u00e9mique. Si jamais vous l&rsquo;attendez, <strong>il va toutefois falloir patienter un peu plus puisque sa date vient d&rsquo;\u00eatre repouss\u00e9e<\/strong>. Notez que toutes les dates dans cet article sont celles pour l&rsquo;Am\u00e9rique du Nord.<\/p>\n<p>&#13;<\/p>\n<blockquote class=\"twitter-tweet\" data-conversation=\"none\"><p>&#13;<\/p>\n<p lang=\"en\" dir=\"ltr\">This is Miyamoto. For production reasons, we are changing the release date of the live-action film of The Legend of Zelda to May 7, 2027. It will be some weeks later than the release timing we originally announced, and we will take the extra time to make the film as good as it\u2026<\/p>\n<p>&#13;<br \/>\n\u2014 \u4efb\u5929\u5802\u682a\u5f0f\u4f1a\u793e (@Nintendo) <a target=\"_blank\" href=\"https:\/\/twitter.com\/Nintendo\/status\/1932075231885382103?ref_src=twsrc%5Etfw\" rel=\"noopener\">June 9, 2025<\/a><\/p><\/blockquote>\n<p>&#13;<\/p>\n<p style=\"text-align: justify;\">C&rsquo;est Shigeru Miyamoto qui a annonc\u00e9 la nouvelle sur Twitter \/ X, avec <strong>une excuse pour le moins curieuse compte tenu du fait que le report n&rsquo;est que de six semaines<\/strong>, soit tr\u00e8s peu dans l&rsquo;industrie cin\u00e9matographique.<\/p>\n<p>&#13;<\/p>\n<blockquote><p>&#13;<\/p>\n<p style=\"text-align: justify;\">Ici Miyamoto. Pour des raisons de production, <strong>nous reportons la date de sortie du film live-action The Legend of Zelda au 7 mai 2027<\/strong>. Ce sera quelques semaines plus tard que pr\u00e9vu, et nous prendrons le temps n\u00e9cessaire pour que le film soit le meilleur possible. Merci de votre patience.<\/p>\n<p>&#13;\n<\/p><\/blockquote>\n<p>&#13;<\/p>\n<p style=\"text-align: justify;\">Des facteurs externes bien plus tangibles pourraient toutefois \u00eatre la cause de ce d\u00e9lai. Pour commencer,\u00a0<strong>Sonic 4, le film est attendu le\u00a019 mars 2027, mais l&rsquo;information \u00e9tait d\u00e9j\u00e0 connue depuis le d\u00e9but d&rsquo;ann\u00e9e<\/strong>, donc ce n&rsquo;est sans doute pas une peur du h\u00e9risson bleu de SEGA, m\u00eame s&rsquo;il est plus avis\u00e9 de s&rsquo;en \u00e9loigner.<\/p>\n<p>&#13;<\/p>\n<p style=\"text-align: justify;\">Non, depuis fin mars, Warner Bros. Pictures a annonc\u00e9\u00a0<strong><a target=\"_blank\" href=\"https:\/\/www.gamergen.com\/actualites\/cinema-godzilla-kong-supernova-warner-bros-tease-prochain-film-monsterverse-339734-1\" title=\"CINEMA : Godzilla x Kong: Supernova, Warner Bros. tease d\u00e9j\u00e0 le prochain film du MonsterVerse\" rel=\"noopener\">Godzilla x Kong: Supernova<\/a> qui devrait justement sortir le 26 mars 2027 \u00e0 en croire le teaser<\/strong>. Comme ses pr\u00e9d\u00e9cesseurs, <strong>il devrait \u00eatre diffus\u00e9 en IMAX<\/strong>, ce qui pourrait contrarier les plans de Sony Pictures et Nintendo, m\u00eame si rien n&#8217;emp\u00eache deux projets de sortir le m\u00eame jour et d&rsquo;en b\u00e9n\u00e9ficier, mais cela se ressent forc\u00e9ment dans certains \u00e9tablissements. Par ailleurs, <strong>il occupe donc d\u00e9sormais le cr\u00e9neau laiss\u00e9 vacant par\u00a0<a target=\"_blank\" href=\"https:\/\/www.gamergen.com\/actualites\/cinema-avengers-doomsday-et-secret-wars-sont-pres-sortir-lourds-reports-annonces-339893-1\" title=\"CINEMA : Avengers: Doomsday et Secret Wars ne sont pas pr\u00e8s de sortir, de lourds reports annonc\u00e9s !\" rel=\"noopener\">Avengers: Secret Wars, report\u00e9 assez r\u00e9cemment<\/a><\/strong>. Cette annonce est donc sans doute un moyen de faire passer au plus vite le message \u00e0 la concurrence et ainsi \u00e9viter une trop forte comp\u00e9tition au box-office lors de son premier week-end d&rsquo;exploitation.<\/p>\n<p>&#13;<\/p>\n<p style=\"text-align: justify;\">C\u00f4t\u00e9 jeux vid\u00e9o, le dernier titre en date (outre les Switch 2 Edition) est <strong>The Legends of Zelda: Echoes of Wisdom<\/strong>, vendu 44,49\u00a0\u20ac <a target=\"_blank\" href=\"https:\/\/www.amazon.fr\/Legends-Zelda-Echoes-Wisdom\/dp\/B0D7HQ7GSB?tag=m01f1-21\" rel=\"noopener\">sur Amazon<\/a> et <a target=\"_blank\" href=\"https:\/\/www.awin1.com\/cread.php?awinmid=6948&amp;awinaffid=568839&amp;clickref=&amp;ued=https%3A%2F%2Fwww.cdiscount.com%2Fjeux-pc-video-console%2Fnintendo-switch%2Fthe-legend-of-zelda-echoes-of-wisdom-jeu-ninten%2Ff-10328-ninzeldaechos.html%23mpos%3D0%7Ccd\" rel=\"noopener\">chez Cdiscount<\/a>.<\/p>\n<p>&#13;<\/p>\n<p>Lire aussi :\u00a0<a href=\"https:\/\/gamergen.com\/actualites\/cinema-super-mario-bros-le-film-2-trouve-veritable-titre-pas-etonnant-qui-risque-creer-quelques-confusions-339775-1\" title=\"CINEMA : Super Mario Bros. Le Film 2 se trouve un v\u00e9ritable titre pas si \u00e9tonnant, qui risque de cr\u00e9er quelques confusions\" target=\"_blank\" rel=\"noopener\"><strong>CINEMA : Super Mario Bros. Le Film 2 se trouve un v\u00e9ritable titre pas si \u00e9tonnant, qui risque de cr\u00e9er quelques confusions<\/strong><\/a><\/p>\n<tr>\n<td style=\"text-align: center; background-color: #000000;\" colspan=\"3\"><img loading=\"lazy\" decoding=\"async\" class=\"b-lazy\" src=\"https:\/\/www.europesays.com\/fr\/wp-content\/uploads\/2025\/06\/alexandre-samson-image-redacteur_0096005A00950925.jpg\" alt=\"redacteur vignette\" layout=\"fixed\" width=\"150\" height=\"90\"\/>Alexandre SAMSON (Omega Law)<br \/>R\u00e9dacteur<\/td>\n<\/tr>\n<tr>\n<td colspan=\"3\">Accro \u00e0 Assassin&rsquo;s Creed et Destiny, grand amateur de RPG et passionn\u00e9 d&rsquo;exp\u00e9riences vid\u00e9oludiques en g\u00e9n\u00e9ral. Lecteur de comics (DC) et de divers mangas (One Piece !). Chimiste de formation et Whovian dans l&rsquo;\u00e2me.<\/td>\n<\/tr>\n<tr>\n<td style=\"text-align: center;width: 83px;\"><strong>Me suivre<\/strong> :<\/td>\n<td style=\"text-align: center;\"><a target=\"_blank\" href=\"https:\/\/twitter.com\/OmegaLaw_\" title=\"Twitter Gamergen\" rel=\"noopener\"><img decoding=\"async\" class=\"b-lazy\" src=\"https:\/\/www.europesays.com\/fr\/wp-content\/uploads\/2025\/06\/00CE003F00826910.png\" alt=\"Twitter Gamergen\" style=\"margin:0 5px;width:110px;\"\/><\/a><a target=\"_blank\" href=\"https:\/\/www.instagram.com\/omegalaw_\/\" title=\"Instagram Gamergen\" rel=\"noopener\"><img decoding=\"async\" class=\"b-lazy\" src=\"https:\/\/www.europesays.com\/fr\/wp-content\/uploads\/2025\/06\/00CE003F00827194.png\" alt=\"Instagram Gamergen\" style=\"margin:0 5px;width:110px;\"\/><\/a><\/td>\n<\/tr>\n<p>            <script async src=\"https:\/\/platform.twitter.com\/widgets.js\" charset=\"utf-8\"><\/script><script async src=\"\/\/www.instagram.com\/embed.js\"><\/script><\/p>\n","protected":false},"excerpt":{"rendered":"Le jour de la cl\u00f4ture de son ann\u00e9e fiscale, le 31 mars dernier, Nintendo annon\u00e7ait par l&rsquo;interm\u00e9diaire de&hellip;\n","protected":false},"author":2,"featured_media":164286,"comment_status":"","ping_status":"","sticky":false,"template":"","format":"standard","meta":{"footnotes":""},"categories":[1354],"tags":[631,29715,650,29717,29722,58,59,4560,2081,1346,1011,27,29719,820,26189,2456,29723,1360,2596,29720,27233,378,24384,29718,29716,3989,29714,29721,29562],"class_list":{"0":"post-164285","1":"post","2":"type-post","3":"status-publish","4":"format-standard","5":"has-post-thumbnail","7":"category-films","8":"tag-action","9":"tag-arad-productions","10":"tag-cinema","11":"tag-date-de-sortie","12":"tag-desirer","13":"tag-divertissement","14":"tag-entertainment","15":"tag-faire","16":"tag-film","17":"tag-films","18":"tag-fr","19":"tag-france","20":"tag-legend","21":"tag-live","22":"tag-live-action","23":"tag-long-metrage","24":"tag-longtemps","25":"tag-movies","26":"tag-nintendo","27":"tag-of","28":"tag-peu","29":"tag-plus","30":"tag-report","31":"tag-shigeru-miyamoto","32":"tag-sony-pictures","33":"tag-the","34":"tag-the-legend-of-zelda","35":"tag-va","36":"tag-zelda"},"share_on_mastodon":{"url":"https:\/\/pubeurope.com\/@fr\/114655875896611387","error":""},"_links":{"self":[{"href":"https:\/\/www.europesays.com\/fr\/wp-json\/wp\/v2\/posts\/164285","targetHints":{"allow":["GET"]}}],"collection":[{"href":"https:\/\/www.europesays.com\/fr\/wp-json\/wp\/v2\/posts"}],"about":[{"href":"https:\/\/www.europesays.com\/fr\/wp-json\/wp\/v2\/types\/post"}],"author":[{"embeddable":true,"href":"https:\/\/www.europesays.com\/fr\/wp-json\/wp\/v2\/users\/2"}],"replies":[{"embeddable":true,"href":"https:\/\/www.europesays.com\/fr\/wp-json\/wp\/v2\/comments?post=164285"}],"version-history":[{"count":0,"href":"https:\/\/www.europesays.com\/fr\/wp-json\/wp\/v2\/posts\/164285\/revisions"}],"wp:featuredmedia":[{"embeddable":true,"href":"https:\/\/www.europesays.com\/fr\/wp-json\/wp\/v2\/media\/164286"}],"wp:attachment":[{"href":"https:\/\/www.europesays.com\/fr\/wp-json\/wp\/v2\/media?parent=164285"}],"wp:term":[{"taxonomy":"category","embeddable":true,"href":"https:\/\/www.europesays.com\/fr\/wp-json\/wp\/v2\/categories?post=164285"},{"taxonomy":"post_tag","embeddable":true,"href":"https:\/\/www.europesays.com\/fr\/wp-json\/wp\/v2\/tags?post=164285"}],"curies":[{"name":"wp","href":"https:\/\/api.w.org\/{rel}","templated":true}]}}