{"id":164293,"date":"2025-06-09T22:59:09","date_gmt":"2025-06-09T22:59:09","guid":{"rendered":"https:\/\/www.europesays.com\/fr\/164293\/"},"modified":"2025-06-09T22:59:09","modified_gmt":"2025-06-09T22:59:09","slug":"watchos-26-les-apple-watch-evoluent-mais-sans-faire-leur-revolution","status":"publish","type":"post","link":"https:\/\/www.europesays.com\/fr\/164293\/","title":{"rendered":"watchOS 26 : les Apple Watch \u00e9voluent, mais sans faire leur r\u00e9volution"},"content":{"rendered":"<p class=\"ed__a-p ed__bdy__l\">watchOS 26 n\u2019a clairement pas \u00e9t\u00e9 la vedette de la <a href=\"https:\/\/www.lesnumeriques.com\/mobilite\/apple-keynote-e183677.html\" title=\"WWDC 2025 : ce que l&#039;on attend de la conf\u00e9rence d&#039;Apple\" rel=\"nofollow noopener\" target=\"_blank\">WWDC 2025<\/a>. Il a en effet fallu \u00e0 peine une dizaine de minutes pour que l\u2019entreprise de Tim Cook pr\u00e9sente les nouveaut\u00e9s \u00e0 venir sur les Apple Watch. Interface, entra\u00eenement, widgets, gestes, notifications\u2026 Voici le r\u00e9cap\u2019 !<\/p>\n<p>Toutes les nouveaut\u00e9s de watchOS 26 annonc\u00e9es par Apple<\/p>\n<p class=\"ed__a-p ed__bdy__l\">Rentrons directement dans le vif du sujet avec la premi\u00e8re nouveaut\u00e9 d\u2019Apple : un design unifi\u00e9 entre tous les produits Apple en 2025, baptis\u00e9 <a href=\"https:\/\/www.lesnumeriques.com\/telephone-portable\/wwdc-2025-apple-offre-a-ios-un-design-tout-en-transparence-n237884.html\" title=\"iOS 26 : Apple offre \u00e0 son interface un design tout en transparence\" rel=\"nofollow noopener\" target=\"_blank\">Liquid Glass<\/a>. Jeux de transparence, de lumi\u00e8re et de rondeur sont ainsi au rendez-vous pour r\u00e9inventer l\u2019interface de watchOS 26.<\/p>\n<p class=\"ed__a-p ed__bdy__l\">C\u00f4t\u00e9 fonctionnalit\u00e9s, le gros plus de cette ann\u00e9e s\u2019appelle Workout Buddy. Il s\u2019agit tout simplement d\u2019un assistant con\u00e7u pour motiver les utilisateurs pendant leurs entra\u00eenements. En plus d\u2019encouragements, ce compagnon de l&rsquo;<a href=\"https:\/\/www.lesnumeriques.com\/montre-connectee\/apple-watch-series-10-p75486\/test.html\" title=\"Apple Watch Series\u00a010\u00a0: la reine des montres connect\u00e9es tarde encore \u00e0 devenir imp\u00e9ratrice\" rel=\"nofollow noopener\" target=\"_blank\">Apple Watch<\/a> partage des donn\u00e9es en temps r\u00e9el telles que le rythme, la distance, les calories br\u00fbl\u00e9es ou encore les objectifs atteints. Seule ombre au tableau : la fonctionnalit\u00e9 ne sera disponible qu\u2019en anglais au lancement.<\/p>\n<p class=\"ed__a-p ed__bdy__l\">L\u2019application Exercices a ensuite droit \u00e0 une interface \u00e9pur\u00e9e, une nouvelle organisation et la suggestion automatique de musiques et de podcasts, bas\u00e9es sur vos \u00e9coutes pr\u00e9c\u00e9dentes lors de vos s\u00e9ances.<\/p>\n<p class=\"ed__a-p ed__bdy__l\">Du c\u00f4t\u00e9 des widgets, ils \u00e9voluent avec la possibilit\u00e9 de fusionner les donn\u00e9es de diff\u00e9rentes applications pour anticiper vos besoins selon vos habitudes. watchOS 26 pourra m\u00eame sugg\u00e9rer automatiquement une application sur votre cadran, et ce, gr\u00e2ce \u00e0 une analyse de votre routine lui permettant de deviner ce dont vous avez besoin \u00e0 un instant T.<\/p>\n<p class=\"ed__a-p ed__bdy__l\">Pour les notifications, leur volume s\u2019adapte maintenant au niveau sonore ambiant. Il est \u00e9galement possible de les ignorer en faisant un simple mouvement de rotation poignet vers l\u2019arri\u00e8re. Cela marche aussi pour couper une alarme ou un appel. Dernier point : l\u2019application Messages introduit la traduction en temps r\u00e9el des messages ainsi que l\u2019ajout de fonds d\u2019\u00e9cran personnalis\u00e9s pour chaque discussion.<\/p>\n<p class=\"ed__a-p ed__bdy__l\">watchOS 26 est d\u2019ores et d\u00e9j\u00e0 disponible en b\u00eata d\u00e9veloppeur, puis arrivera d\u00e8s le mois prochain en b\u00eata publique avant d\u2019apporter la version finale \u00e0 la rentr\u00e9e 2025 pour la sortie des Apple Watch Series 11 et <a href=\"https:\/\/www.lesnumeriques.com\/montre-connectee\/l-apple-watch-ultra-3-s-annonce-mieux-connectee-et-plus-riche-en-fonctions-sante-n230708.html\" title=\"L&#039;Apple Watch Ultra\u00a03 s&#039;annonce mieux connect\u00e9e et plus riche en fonctions sant\u00e9\" rel=\"nofollow noopener\" target=\"_blank\">Ultra 3<\/a>.<\/p>\n","protected":false},"excerpt":{"rendered":"watchOS 26 n\u2019a clairement pas \u00e9t\u00e9 la vedette de la WWDC 2025. Il a en effet fallu \u00e0&hellip;\n","protected":false},"author":2,"featured_media":164294,"comment_status":"","ping_status":"","sticky":false,"template":"","format":"standard","meta":{"footnotes":""},"categories":[7],"tags":[1011,27,43,40,41,39,42,44],"class_list":{"0":"post-164293","1":"post","2":"type-post","3":"status-publish","4":"format-standard","5":"has-post-thumbnail","7":"category-sciences-et-technologies","8":"tag-fr","9":"tag-france","10":"tag-science","11":"tag-science-and-technology","12":"tag-sciences","13":"tag-sciences-et-technologies","14":"tag-technologies","15":"tag-technology"},"share_on_mastodon":{"url":"https:\/\/pubeurope.com\/@fr\/114655891600742854","error":""},"_links":{"self":[{"href":"https:\/\/www.europesays.com\/fr\/wp-json\/wp\/v2\/posts\/164293","targetHints":{"allow":["GET"]}}],"collection":[{"href":"https:\/\/www.europesays.com\/fr\/wp-json\/wp\/v2\/posts"}],"about":[{"href":"https:\/\/www.europesays.com\/fr\/wp-json\/wp\/v2\/types\/post"}],"author":[{"embeddable":true,"href":"https:\/\/www.europesays.com\/fr\/wp-json\/wp\/v2\/users\/2"}],"replies":[{"embeddable":true,"href":"https:\/\/www.europesays.com\/fr\/wp-json\/wp\/v2\/comments?post=164293"}],"version-history":[{"count":0,"href":"https:\/\/www.europesays.com\/fr\/wp-json\/wp\/v2\/posts\/164293\/revisions"}],"wp:featuredmedia":[{"embeddable":true,"href":"https:\/\/www.europesays.com\/fr\/wp-json\/wp\/v2\/media\/164294"}],"wp:attachment":[{"href":"https:\/\/www.europesays.com\/fr\/wp-json\/wp\/v2\/media?parent=164293"}],"wp:term":[{"taxonomy":"category","embeddable":true,"href":"https:\/\/www.europesays.com\/fr\/wp-json\/wp\/v2\/categories?post=164293"},{"taxonomy":"post_tag","embeddable":true,"href":"https:\/\/www.europesays.com\/fr\/wp-json\/wp\/v2\/tags?post=164293"}],"curies":[{"name":"wp","href":"https:\/\/api.w.org\/{rel}","templated":true}]}}