{"id":164296,"date":"2025-06-09T23:01:10","date_gmt":"2025-06-09T23:01:10","guid":{"rendered":"https:\/\/www.europesays.com\/fr\/164296\/"},"modified":"2025-06-09T23:01:10","modified_gmt":"2025-06-09T23:01:10","slug":"ladministration-trump-approuve-le-deploiement-de-marines-a-los-angeles-face-aux-manifestations","status":"publish","type":"post","link":"https:\/\/www.europesays.com\/fr\/164296\/","title":{"rendered":"L\u2019administration Trump approuve le d\u00e9ploiement de Marines \u00e0 Los Angeles face aux manifestations"},"content":{"rendered":"<p>        <img decoding=\"async\" loading=\"lazy\" src=\"https:\/\/www.europesays.com\/fr\/wp-content\/uploads\/2025\/06\/bb7bd6b_sirius-fs-upload-1-j3br7yjac8ne-1749503461259-063-2219366677.jpg\"  width=\"728\" height=\"409\" alt=\"Le pr\u00e9sident am\u00e9ricain Donald Trump r\u00e9pond \u00e0 la presse \u00e0 la Maison Blanche le 9\u00a0juin 2025\u00a0\u00e0 Washington, DC.\"\/>  <\/p>\n<p>WIN MCNAMEE \/ Getty Images via AFP<\/p>\n<p>Le pr\u00e9sident am\u00e9ricain Donald Trump r\u00e9pond \u00e0 la presse \u00e0 la Maison Blanche le 9\u00a0juin 2025\u00a0\u00e0 Washington, DC.<\/p>\n<p class=\"asset asset-text\">ETATS-UNIS &#8211; La situation \u00e9tait d\u00e9j\u00e0 explosive, et cette d\u00e9cision devrait ne devrait en rien aider. Selon de nombreux m\u00e9dias am\u00e9ricains, de Reuters \u00e0 CNN en passant par ABCNews, l\u2019administration <a href=\"https:\/\/www.huffingtonpost.fr\/international\/video\/comment-le-duo-donald-trump-elon-musk-a-explose-du-cadeau-special-a-la-bombe-vraiment-grosse_251033.html\" target=\"_blank\" rel=\"noopener\" title=\"Nouvelle fen\u00eatre\">Trump <\/a>aurait d\u00e9cid\u00e9 ce lundi 9\u00a0juin le d\u00e9ploiement d\u2019un bataillon de 700\u00a0Marines pour contribuer au maintien de l\u2019ordre \u00e0 <a href=\"https:\/\/www.huffingtonpost.fr\/international\/video\/a-los-angeles-l-arrestation-de-travailleurs-immigres-provoque-des-heurts-entre-policiers-et-manifestants_251058.html\" target=\"_blank\" rel=\"noopener\" title=\"Nouvelle fen\u00eatre\">Los Angeles<\/a>. Ces derniers devraient arriver dans \u00ab\u00a0les prochaines 24\u00a0heures\u00a0\u00bb, et seront charg\u00e9s d\u2019un \u00ab\u00a0r\u00f4le de soutien\u00a0\u00bb aupr\u00e8s des forces de l\u2019ordre, affirme <a href=\"https:\/\/abcnews.go.com\/US\/live-updates\/la-immigration-protests-live-updates-trump-deploys-2000?id=122621279&amp;entryId=122667907\" target=\"_blank\" rel=\"noopener\" title=\"Nouvelle fen\u00eatre\">ABC News<\/a>.<\/p>\n<p class=\"asset asset-text\">La m\u00e9gapole californienne est en proie depuis trois jours \u00e0 des affrontements entre des manifestants et les forces de l\u2019ordre depuis que des manifestants ont tent\u00e9 de s\u2019interposer face aux arrestations muscl\u00e9es d\u2019immigr\u00e9s men\u00e9es par la police f\u00e9d\u00e9rale de l\u2019immigration (ICE).<\/p>\n<p class=\"asset asset-text\">Ce dimanche d\u00e9j\u00e0, le pr\u00e9sident am\u00e9ricain avait annonc\u00e9 le d\u00e9ploiement \u00e0 Los Angeles de la\u00a0Garde\u00a0nationale, un corps de r\u00e9serve de l\u2019arm\u00e9e, contre l\u2019avis du gouverneur. Mais l\u2019envoi de plusieurs centaines de Marines, soit l\u2019un des corps d\u2019arm\u00e9e r\u00e9guliers, marque encore un tournant dans la gestion des \u00e9meutes par Donald Trump et sa guerre ouverte avec l\u2019administration d\u00e9mocrate de la Californie.<\/p>\n<p class=\"asset asset-text\">Interrog\u00e9 par des journalistes \u00e0 la Maison Blanche quelques minutes avant cette d\u00e9cision, Donald Trump s\u2019\u00e9tait montr\u00e9 \u00e9vasif. \u00ab\u00a0Nous verrons ce qui se passera. Je pense que nous ma\u00eetrisons tr\u00e8s bien la situation\u00a0\u00bb.<\/p>\n<p>                     Des pr\u00e9rogatives limit\u00e9es, sauf si&#8230;    <\/p>\n<p class=\"asset asset-text\">Les m\u00e9dias am\u00e9ricains ne savent pour l\u2019instant pas exactement ce \u00e0 quoi seront affect\u00e9s ces Marines. Leur d\u00e9ploiement sur le sol am\u00e9ricain est en effet r\u00e9gi par des limitations l\u00e9gales tr\u00e8s strictes, et ils ne peuvent notamment pas proc\u00e9der \u00e0 du maintien de l\u2019ordre. \u00ab\u00a0Le d\u00e9ploiement d\u2019un bataillon complet de marines marque une escalade significative dans l\u2019utilisation par Trump de l\u2019arm\u00e9e comme d\u00e9monstration de force contre les manifestants, mais on ne sait toujours pas quelle sera leur t\u00e2che une fois \u00e0 Los Angeles\u00a0\u00bb, affirme <a href=\"https:\/\/edition.cnn.com\/us\/live-news\/la-protests-ice-raids-trump-06-09-25\" target=\"_blank\" rel=\"noopener\" title=\"Nouvelle fen\u00eatre\">CNN<\/a>, qui a pu s\u2019entretenir avec trois sources au fait de ce dossier. \u00ab\u00a0Comme les troupes de la Garde nationale, il leur est interdit de mener des activit\u00e9s de maintien de l\u2019ordre, telles que des arrestations, \u00e0 moins que Trump n\u2019invoque l\u2019\u201cInsurrection Act\u201d\u00a0\u00bb.<\/p>\n<p class=\"asset asset-text\">C\u2019est cet \u00ab\u00a0Insurrection Act\u00a0\u00bb qui est plus que jamais dans les esprits avec l\u2019annonce du d\u00e9ploiement des Marines. Ce texte f\u00e9d\u00e9ral, qui n\u2019a \u00e9t\u00e9 utilis\u00e9 qu\u2019une trentaine de fois depuis la cr\u00e9ation des \u00c9tats-Unis, autorise le pr\u00e9sident des \u00c9tats-Unis \u00e0 d\u00e9ployer l\u2019arm\u00e9e sur le territoire afin de r\u00e9tablir l\u2019ordre. Alors que les soldats d\u00e9ploy\u00e9s ne disposent pour l\u2019instant que de tr\u00e8s peu de pr\u00e9rogatives, se contentant d\u2019un r\u00f4le de soutien, toutes les options seraient alors ouvertes, avec un pouvoir presque illimit\u00e9 pour le pr\u00e9sident am\u00e9ricain. Sa derni\u00e8re utilisation eut lieu en 1992\u00a0par le pr\u00e9sident George H.W. Bush, d\u00e9j\u00e0 lors d\u2019\u00e9meutes \u00e0 Los Angeles.<\/p>\n<p class=\"asset asset-text\">Pour l\u2019instant, \u00ab\u00a0la loi sur l\u2019insurrection ne devrait pas \u00eatre invoqu\u00e9e\u00a0\u00bb, affirme cependant <a href=\"https:\/\/www.reuters.com\/world\/us\/la-protests-live-downtown-la-declared-unlawful-assembly-area-after-third-day-2025-06-09\/\" target=\"_blank\" rel=\"noopener\" title=\"Nouvelle fen\u00eatre\">Reuters<\/a>. Selon une source au fait de cette mobilisation des Marines aupr\u00e8s de CNN, les Marines devraient \u00ab\u00a0remplacer certains des membres de la Garde nationale qui ont \u00e9t\u00e9 d\u00e9ploy\u00e9s \u00e0 Los Angeles ces deux derniers jours\u00a0\u00bb.<\/p>\n<p>                     Une plainte du procureur g\u00e9n\u00e9ral de Californie    <\/p>\n<p class=\"asset asset-text\">Le procureur g\u00e9n\u00e9ral de Californie Rob Bonta\u00a0a en tout cas annonc\u00e9 lundi poursuivre Donald Trump en justice, estimant que son choix de mobiliser les gardes nationaux, c\u2019est-\u00e0-dire des militaires, sans l\u2019aval du gouverneur \u00ab\u00a0d\u00e9passait l\u2019autorit\u00e9 du gouvernement f\u00e9d\u00e9ral\u00a0\u00bb et \u00ab\u00a0violait\u00a0\u00bb la Constitution. Une d\u00e9claration faite avant l\u2019annonce du d\u00e9ploiement des Marines.<\/p>\n<p class=\"asset asset-text\">Dans un court \u00e9change avec des journalistes lundi \u00e0 la Maison Blanche, Donald Trump avait rejet\u00e9 la faute des d\u00e9bordements sur des \u00ab\u00a0agitateurs professionnels\u00a0\u00bb et des \u00ab\u00a0insurg\u00e9s\u00a0\u00bb, mais n\u2019a pas dit s\u2019il d\u00e9clarerait un \u00e9tat \u00ab\u00a0d\u2019insurrection\u00a0\u00bb \u00e0 proprement parler.<\/p>\n","protected":false},"excerpt":{"rendered":"WIN MCNAMEE \/ Getty Images via AFP Le pr\u00e9sident am\u00e9ricain Donald Trump r\u00e9pond \u00e0 la presse \u00e0 la&hellip;\n","protected":false},"author":2,"featured_media":164297,"comment_status":"","ping_status":"","sticky":false,"template":"","format":"standard","meta":{"footnotes":""},"categories":[5],"tags":[11,17274,75,73,1011,27,14,6116,12,28],"class_list":{"0":"post-164296","1":"post","2":"type-post","3":"status-publish","4":"format-standard","5":"has-post-thumbnail","7":"category-international","8":"tag-actualites","9":"tag-armee-americaine","10":"tag-donald-trump","11":"tag-etats-unis","12":"tag-fr","13":"tag-france","14":"tag-international","15":"tag-los-angeles","16":"tag-news","17":"tag-world"},"share_on_mastodon":{"url":"https:\/\/pubeurope.com\/@fr\/114655899575204779","error":""},"_links":{"self":[{"href":"https:\/\/www.europesays.com\/fr\/wp-json\/wp\/v2\/posts\/164296","targetHints":{"allow":["GET"]}}],"collection":[{"href":"https:\/\/www.europesays.com\/fr\/wp-json\/wp\/v2\/posts"}],"about":[{"href":"https:\/\/www.europesays.com\/fr\/wp-json\/wp\/v2\/types\/post"}],"author":[{"embeddable":true,"href":"https:\/\/www.europesays.com\/fr\/wp-json\/wp\/v2\/users\/2"}],"replies":[{"embeddable":true,"href":"https:\/\/www.europesays.com\/fr\/wp-json\/wp\/v2\/comments?post=164296"}],"version-history":[{"count":0,"href":"https:\/\/www.europesays.com\/fr\/wp-json\/wp\/v2\/posts\/164296\/revisions"}],"wp:featuredmedia":[{"embeddable":true,"href":"https:\/\/www.europesays.com\/fr\/wp-json\/wp\/v2\/media\/164297"}],"wp:attachment":[{"href":"https:\/\/www.europesays.com\/fr\/wp-json\/wp\/v2\/media?parent=164296"}],"wp:term":[{"taxonomy":"category","embeddable":true,"href":"https:\/\/www.europesays.com\/fr\/wp-json\/wp\/v2\/categories?post=164296"},{"taxonomy":"post_tag","embeddable":true,"href":"https:\/\/www.europesays.com\/fr\/wp-json\/wp\/v2\/tags?post=164296"}],"curies":[{"name":"wp","href":"https:\/\/api.w.org\/{rel}","templated":true}]}}