{"id":164302,"date":"2025-06-09T23:04:19","date_gmt":"2025-06-09T23:04:19","guid":{"rendered":"https:\/\/www.europesays.com\/fr\/164302\/"},"modified":"2025-06-09T23:04:19","modified_gmt":"2025-06-09T23:04:19","slug":"loire-chaque-annee-laeronautique-pese-un-peu-plus-dans-lactivite-de-novaressort","status":"publish","type":"post","link":"https:\/\/www.europesays.com\/fr\/164302\/","title":{"rendered":"Loire. Chaque ann\u00e9e, l\u2019a\u00e9ronautique p\u00e8se un peu plus dans l\u2019activit\u00e9 de Novaressort"},"content":{"rendered":"<p>Chaque ann\u00e9e, l\u2019a\u00e9ronautique p\u00e8se un peu plus dans l\u2019activit\u00e9 de Novaressort. Cr\u00e9\u00e9e il y a 70 ans \u00e0 Saint-\u00c9tienne, la PME fabrique des ressorts. Toutes sortes de ressorts pour l\u2019industrie\u00a0: de torsion, de compression, de traction, des petits, des gros, en petite et moyenne s\u00e9rie.<\/p>\n<p>Des ressorts sur les Rafale<\/p>\n<p>L\u2019ann\u00e9e derni\u00e8re, l\u2019a\u00e9ronautique a repr\u00e9sent\u00e9 18\u00a0% de ses 7,2\u00a0millions d\u2019euros de chiffre d\u2019affaires. \u00ab\u00a0Nous nous \u00e9tions lanc\u00e9s en 2000 sur l\u2019a\u00e9ronautique car les besoins correspondaient bien \u00e0 notre savoir-faire et \u00e0 notre organisation. Aujourd\u2019hui, nous r\u00e9coltons les fruits de notre travail\u00a0: la demande est tr\u00e8s clairement \u00e0 la hausse\u00a0\u00bb, constate Philippe Basson, le patron de Novaressort. En particulier pour la D\u00e9fense&#8230;.<\/p>\n","protected":false},"excerpt":{"rendered":"Chaque ann\u00e9e, l\u2019a\u00e9ronautique p\u00e8se un peu plus dans l\u2019activit\u00e9 de Novaressort. Cr\u00e9\u00e9e il y a 70 ans \u00e0&hellip;\n","protected":false},"author":2,"featured_media":164303,"comment_status":"","ping_status":"","sticky":false,"template":"","format":"standard","meta":{"footnotes":""},"categories":[9653],"tags":[1111,11,2430,33,1777,674,107,1011,27,693,12,25,4001],"class_list":{"0":"post-164302","1":"post","2":"type-post","3":"status-publish","4":"format-standard","5":"has-post-thumbnail","7":"category-saint-etienne","8":"tag-actu","9":"tag-actualites","10":"tag-auvergne-rhone-alpes","11":"tag-economie","12":"tag-eu","13":"tag-europe","14":"tag-fil-info","15":"tag-fr","16":"tag-france","17":"tag-industrie","18":"tag-news","19":"tag-republique-francaise","20":"tag-saint-etienne"},"share_on_mastodon":{"url":"https:\/\/pubeurope.com\/@fr\/114655911284046673","error":""},"_links":{"self":[{"href":"https:\/\/www.europesays.com\/fr\/wp-json\/wp\/v2\/posts\/164302","targetHints":{"allow":["GET"]}}],"collection":[{"href":"https:\/\/www.europesays.com\/fr\/wp-json\/wp\/v2\/posts"}],"about":[{"href":"https:\/\/www.europesays.com\/fr\/wp-json\/wp\/v2\/types\/post"}],"author":[{"embeddable":true,"href":"https:\/\/www.europesays.com\/fr\/wp-json\/wp\/v2\/users\/2"}],"replies":[{"embeddable":true,"href":"https:\/\/www.europesays.com\/fr\/wp-json\/wp\/v2\/comments?post=164302"}],"version-history":[{"count":0,"href":"https:\/\/www.europesays.com\/fr\/wp-json\/wp\/v2\/posts\/164302\/revisions"}],"wp:featuredmedia":[{"embeddable":true,"href":"https:\/\/www.europesays.com\/fr\/wp-json\/wp\/v2\/media\/164303"}],"wp:attachment":[{"href":"https:\/\/www.europesays.com\/fr\/wp-json\/wp\/v2\/media?parent=164302"}],"wp:term":[{"taxonomy":"category","embeddable":true,"href":"https:\/\/www.europesays.com\/fr\/wp-json\/wp\/v2\/categories?post=164302"},{"taxonomy":"post_tag","embeddable":true,"href":"https:\/\/www.europesays.com\/fr\/wp-json\/wp\/v2\/tags?post=164302"}],"curies":[{"name":"wp","href":"https:\/\/api.w.org\/{rel}","templated":true}]}}