{"id":164313,"date":"2025-06-09T23:10:11","date_gmt":"2025-06-09T23:10:11","guid":{"rendered":"https:\/\/www.europesays.com\/fr\/164313\/"},"modified":"2025-06-09T23:10:11","modified_gmt":"2025-06-09T23:10:11","slug":"la-cnam-ouvre-une-nouvelle-plateforme-telephonique-a-montpellier","status":"publish","type":"post","link":"https:\/\/www.europesays.com\/fr\/164313\/","title":{"rendered":"La Cnam ouvre une nouvelle plateforme t\u00e9l\u00e9phonique \u00e0 Montpellier"},"content":{"rendered":"<p>25. C\u2019est le nombre de t\u00e9l\u00e9conseillers qui vont \u00eatre recrut\u00e9s en CDI par la CPAM (Caisse primaire d\u2019assurance maladie) de l\u2019H\u00e9rault, \u00e0 Montpellier.<\/p>\n<p>L\u2019organisme ouvre une nouvelle plateforme t\u00e9l\u00e9phonique dans son si\u00e8ge situ\u00e9 cours Gambetta, et recherche donc des personnes titulaires d\u2019un niveau Bac \u00e0 Bac +2 ou \u00e9quivalent, id\u00e9alement dans les domaines de la relation client et\/ou de l\u2019administratif, int\u00e9ress\u00e9es par les m\u00e9tiers de la relation client \u00e0 distance, ou ayant d\u00e9j\u00e0 une exp\u00e9rience positive dans le m\u00e9tier, appr\u00e9ciant la relation t\u00e9l\u00e9phonique, \u00e0 l\u2019aise \u00e0 l\u2019\u00e9crit et capables de s\u2019adapter \u00e0 plusieurs outils informatiques.<\/p>\n<p>Seuls les candidats retenus en pr\u00e9qualification t\u00e9l\u00e9phonique seront convoqu\u00e9s pour participer au job dating organis\u00e9 le mercredi 25\u00a0juin prochain. A l\u2019issue, les personnes retenues b\u00e9n\u00e9ficieront d\u2019un parcours de formation qui d\u00e9butera le 21\u00a0juillet.<\/p>\n<p><strong>Postulez avant le 13\u00a0juin\u00a0! sur <a href=\"https:\/\/www.lasecurecrute.fr\/offre-emploi\/teleconseillers---f-h\/occitanie\/1031474\" class=\"spip_out\" rel=\"external nofollow noopener\" target=\"_blank\">www.lasecurecrute.fr<\/a><\/strong><\/p>\n","protected":false},"excerpt":{"rendered":"25. C\u2019est le nombre de t\u00e9l\u00e9conseillers qui vont \u00eatre recrut\u00e9s en CDI par la CPAM (Caisse primaire d\u2019assurance&hellip;\n","protected":false},"author":2,"featured_media":24040,"comment_status":"","ping_status":"","sticky":false,"template":"","format":"standard","meta":{"footnotes":""},"categories":[9599],"tags":[1111,11,29725,341,1777,674,1011,27,2208,12,2680,7099,25,1858],"class_list":{"0":"post-164313","1":"post","2":"type-post","3":"status-publish","4":"format-standard","5":"has-post-thumbnail","7":"category-montpellier","8":"tag-actu","9":"tag-actualites","10":"tag-caisse-primaire-dassurance-maladie-cpam","11":"tag-emploi","12":"tag-eu","13":"tag-europe","14":"tag-fr","15":"tag-france","16":"tag-montpellier","17":"tag-news","18":"tag-occitanie","19":"tag-recrutement","20":"tag-republique-francaise","21":"tag-services"},"share_on_mastodon":{"url":"https:\/\/pubeurope.com\/@fr\/114655934727955887","error":""},"_links":{"self":[{"href":"https:\/\/www.europesays.com\/fr\/wp-json\/wp\/v2\/posts\/164313","targetHints":{"allow":["GET"]}}],"collection":[{"href":"https:\/\/www.europesays.com\/fr\/wp-json\/wp\/v2\/posts"}],"about":[{"href":"https:\/\/www.europesays.com\/fr\/wp-json\/wp\/v2\/types\/post"}],"author":[{"embeddable":true,"href":"https:\/\/www.europesays.com\/fr\/wp-json\/wp\/v2\/users\/2"}],"replies":[{"embeddable":true,"href":"https:\/\/www.europesays.com\/fr\/wp-json\/wp\/v2\/comments?post=164313"}],"version-history":[{"count":0,"href":"https:\/\/www.europesays.com\/fr\/wp-json\/wp\/v2\/posts\/164313\/revisions"}],"wp:featuredmedia":[{"embeddable":true,"href":"https:\/\/www.europesays.com\/fr\/wp-json\/wp\/v2\/media\/24040"}],"wp:attachment":[{"href":"https:\/\/www.europesays.com\/fr\/wp-json\/wp\/v2\/media?parent=164313"}],"wp:term":[{"taxonomy":"category","embeddable":true,"href":"https:\/\/www.europesays.com\/fr\/wp-json\/wp\/v2\/categories?post=164313"},{"taxonomy":"post_tag","embeddable":true,"href":"https:\/\/www.europesays.com\/fr\/wp-json\/wp\/v2\/tags?post=164313"}],"curies":[{"name":"wp","href":"https:\/\/api.w.org\/{rel}","templated":true}]}}