{"id":164314,"date":"2025-06-09T23:11:09","date_gmt":"2025-06-09T23:11:09","guid":{"rendered":"https:\/\/www.europesays.com\/fr\/164314\/"},"modified":"2025-06-09T23:11:09","modified_gmt":"2025-06-09T23:11:09","slug":"previsions-du-mardi-10-juin-2025","status":"publish","type":"post","link":"https:\/\/www.europesays.com\/fr\/164314\/","title":{"rendered":"pr\u00e9visions du mardi 10 juin 2025"},"content":{"rendered":"<p>C&rsquo;est un soleil radieux qui va se montrer aujourd&rsquo;hui sur Montpellier. Le thermom\u00e8tre affichera 23\u00b0C en moyenne. Le matin, une petite brise de nord-est sera ressentie par les habitants. Les valeurs s&rsquo;\u00e9chelonneront entre 25 et 27\u00b0C l&rsquo;apr\u00e8s-midi. Une nuit claire vous attendra entre mardi et mercredi.<\/p>\n<p>Demain, un grand soleil rayonnera sur Montpellier. Un temps plus chaud est \u00e0 pr\u00e9voir \u00e9tant donn\u00e9 que les temp\u00e9ratures vont conna\u00eetre une hausse. Il fera en moyenne 24\u00b0C. Un vent de sud-est rafra\u00eechira un peu l&rsquo;atmosph\u00e8re. Les temp\u00e9ratures seront de 25\u00b0C au plus bas et de 28\u00b0C au maximum l&rsquo;apr\u00e8s-midi. Demain soir, on pr\u00e9voit des valeurs avoisinant 22\u00b0C.<\/p>\n<p>Les jours se suivent et se ressemblent. Le temps sera ensoleill\u00e9 avec des temp\u00e9ratures d&rsquo;environ 23\u00b0C.<\/p>\n<p><\/p>\n","protected":false},"excerpt":{"rendered":"C&rsquo;est un soleil radieux qui va se montrer aujourd&rsquo;hui sur Montpellier. Le thermom\u00e8tre affichera 23\u00b0C en moyenne. Le&hellip;\n","protected":false},"author":2,"featured_media":164315,"comment_status":"","ping_status":"","sticky":false,"template":"","format":"standard","meta":{"footnotes":""},"categories":[9599],"tags":[1111,11,1777,674,1011,27,7089,2681,2208,12,2680,2119,25],"class_list":{"0":"post-164314","1":"post","2":"type-post","3":"status-publish","4":"format-standard","5":"has-post-thumbnail","7":"category-montpellier","8":"tag-actu","9":"tag-actualites","10":"tag-eu","11":"tag-europe","12":"tag-fr","13":"tag-france","14":"tag-herault","15":"tag-languedoc-roussillon","16":"tag-montpellier","17":"tag-news","18":"tag-occitanie","19":"tag-previsions-meteo","20":"tag-republique-francaise"},"share_on_mastodon":{"url":"https:\/\/pubeurope.com\/@fr\/114655938640635572","error":""},"_links":{"self":[{"href":"https:\/\/www.europesays.com\/fr\/wp-json\/wp\/v2\/posts\/164314","targetHints":{"allow":["GET"]}}],"collection":[{"href":"https:\/\/www.europesays.com\/fr\/wp-json\/wp\/v2\/posts"}],"about":[{"href":"https:\/\/www.europesays.com\/fr\/wp-json\/wp\/v2\/types\/post"}],"author":[{"embeddable":true,"href":"https:\/\/www.europesays.com\/fr\/wp-json\/wp\/v2\/users\/2"}],"replies":[{"embeddable":true,"href":"https:\/\/www.europesays.com\/fr\/wp-json\/wp\/v2\/comments?post=164314"}],"version-history":[{"count":0,"href":"https:\/\/www.europesays.com\/fr\/wp-json\/wp\/v2\/posts\/164314\/revisions"}],"wp:featuredmedia":[{"embeddable":true,"href":"https:\/\/www.europesays.com\/fr\/wp-json\/wp\/v2\/media\/164315"}],"wp:attachment":[{"href":"https:\/\/www.europesays.com\/fr\/wp-json\/wp\/v2\/media?parent=164314"}],"wp:term":[{"taxonomy":"category","embeddable":true,"href":"https:\/\/www.europesays.com\/fr\/wp-json\/wp\/v2\/categories?post=164314"},{"taxonomy":"post_tag","embeddable":true,"href":"https:\/\/www.europesays.com\/fr\/wp-json\/wp\/v2\/tags?post=164314"}],"curies":[{"name":"wp","href":"https:\/\/api.w.org\/{rel}","templated":true}]}}