{"id":164325,"date":"2025-06-09T23:21:09","date_gmt":"2025-06-09T23:21:09","guid":{"rendered":"https:\/\/www.europesays.com\/fr\/164325\/"},"modified":"2025-06-09T23:21:09","modified_gmt":"2025-06-09T23:21:09","slug":"previsions-du-mardi-10-juin-2025-3","status":"publish","type":"post","link":"https:\/\/www.europesays.com\/fr\/164325\/","title":{"rendered":"pr\u00e9visions du mardi 10 juin 2025"},"content":{"rendered":"<p>Un superbe soleil va briller sur Nice et ce, tout au long de la journ\u00e9e. Les valeurs s&rsquo;\u00e9chelonneront entre 20 et 25\u00b0C. Les temp\u00e9ratures iront de 23 \u00e0 25\u00b0C sur l&rsquo;ensemble de la matin\u00e9e. Un vent de sud-est rafra\u00eechira l\u00e9g\u00e8rement l&rsquo;atmosph\u00e8re. Les valeurs seront de 23\u00b0C au plus bas et de 25\u00b0C au maximum l&rsquo;apr\u00e8s-midi. Les temp\u00e9ratures afficheront entre 21\u00b0C et 22\u00b0C dans la soir\u00e9e. Le ciel sera d\u00e9pourvu de nuages dans la nuit de mardi \u00e0 mercredi.<\/p>\n<p>Demain, un beau soleil rayonnera sur Nice. Il va faire environ 23\u00b0C. Un petit vent de sud-est sera ressenti par les habitants. Dans la matin\u00e9e, les temp\u00e9ratures tourneront autour des 24\u00b0C. Les maximales atteindront les 25\u00b0C dans l&rsquo;apr\u00e8s-midi et les minimales seront de 24\u00b0C. Demain soir, les valeurs seront comprises entre 22 et 23\u00b0C.<\/p>\n<p>Les jours passent et se ressemblent. Il va faire un temps relativement ensoleill\u00e9 avec des temp\u00e9ratures avoisinant 25\u00b0C.<\/p>\n<p><\/p>\n","protected":false},"excerpt":{"rendered":"Un superbe soleil va briller sur Nice et ce, tout au long de la journ\u00e9e. Les valeurs s&rsquo;\u00e9chelonneront&hellip;\n","protected":false},"author":2,"featured_media":164326,"comment_status":"","ping_status":"","sticky":false,"template":"","format":"standard","meta":{"footnotes":""},"categories":[2819],"tags":[1111,11,2898,1777,674,1011,27,12,2401,883,2119,882,25],"class_list":{"0":"post-164325","1":"post","2":"type-post","3":"status-publish","4":"format-standard","5":"has-post-thumbnail","7":"category-nice","8":"tag-actu","9":"tag-actualites","10":"tag-alpes-maritimes","11":"tag-eu","12":"tag-europe","13":"tag-fr","14":"tag-france","15":"tag-news","16":"tag-nice","17":"tag-paca","18":"tag-previsions-meteo","19":"tag-provence-alpes-cote-dazur","20":"tag-republique-francaise"},"share_on_mastodon":{"url":"https:\/\/pubeurope.com\/@fr\/114655977990047394","error":""},"_links":{"self":[{"href":"https:\/\/www.europesays.com\/fr\/wp-json\/wp\/v2\/posts\/164325","targetHints":{"allow":["GET"]}}],"collection":[{"href":"https:\/\/www.europesays.com\/fr\/wp-json\/wp\/v2\/posts"}],"about":[{"href":"https:\/\/www.europesays.com\/fr\/wp-json\/wp\/v2\/types\/post"}],"author":[{"embeddable":true,"href":"https:\/\/www.europesays.com\/fr\/wp-json\/wp\/v2\/users\/2"}],"replies":[{"embeddable":true,"href":"https:\/\/www.europesays.com\/fr\/wp-json\/wp\/v2\/comments?post=164325"}],"version-history":[{"count":0,"href":"https:\/\/www.europesays.com\/fr\/wp-json\/wp\/v2\/posts\/164325\/revisions"}],"wp:featuredmedia":[{"embeddable":true,"href":"https:\/\/www.europesays.com\/fr\/wp-json\/wp\/v2\/media\/164326"}],"wp:attachment":[{"href":"https:\/\/www.europesays.com\/fr\/wp-json\/wp\/v2\/media?parent=164325"}],"wp:term":[{"taxonomy":"category","embeddable":true,"href":"https:\/\/www.europesays.com\/fr\/wp-json\/wp\/v2\/categories?post=164325"},{"taxonomy":"post_tag","embeddable":true,"href":"https:\/\/www.europesays.com\/fr\/wp-json\/wp\/v2\/tags?post=164325"}],"curies":[{"name":"wp","href":"https:\/\/api.w.org\/{rel}","templated":true}]}}