{"id":164329,"date":"2025-06-09T23:23:10","date_gmt":"2025-06-09T23:23:10","guid":{"rendered":"https:\/\/www.europesays.com\/fr\/164329\/"},"modified":"2025-06-09T23:23:10","modified_gmt":"2025-06-09T23:23:10","slug":"previsions-du-mardi-10-juin-2025-4","status":"publish","type":"post","link":"https:\/\/www.europesays.com\/fr\/164329\/","title":{"rendered":"pr\u00e9visions du mardi 10 juin 2025"},"content":{"rendered":"<p>C&rsquo;est une belle journ\u00e9e dont va b\u00e9n\u00e9ficier Nantes, o\u00f9 le soleil va briller avec force. Les temp\u00e9ratures seront de 11\u00b0C au plus bas et de 28\u00b0C au maximum. Il va faire environ 20\u00b0C, le matin. Un vent de nord-est soufflera l\u00e9g\u00e8rement, avec 11 km\/h. Les temp\u00e9ratures vont enregistrer une augmentation de plusieurs degr\u00e9s dans l&rsquo;apr\u00e8s-midi. Les valeurs s&rsquo;\u00e9chelonneront entre 26 et 28\u00b0C. Le passage de mardi \u00e0 mercredi s&rsquo;effectuera sous un ciel limpide.<\/p>\n<p>C&rsquo;est un soleil splendide qui va se montrer demain sur Nantes. C&rsquo;est une hausse de quelques degr\u00e9s que vont conna\u00eetre les temp\u00e9ratures. Attention \u00e0 la vague de chaleur. Des temp\u00e9ratures de 14 \u00e0 33\u00b0C sont pr\u00e9vues. Les valeurs afficheront entre 14 et 33\u00b0C. Il fera 24\u00b0C en moyenne le matin. Un vent d&rsquo;est, atteignant 24 km\/h, soufflera. Les temp\u00e9ratures vont monter pendant l&rsquo;apr\u00e8s-midi de plusieurs degr\u00e9s. De tr\u00e8s fortes chaleurs (entre 30\u00b0C et 33\u00b0C) sont attendues. La soir\u00e9e va \u00eatre tr\u00e8s chaude : jusqu&rsquo;\u00e0 31\u00b0C. Un vent d&rsquo;est rafra\u00eechira quelque peu l&rsquo;atmosph\u00e8re.<\/p>\n<p>Les jours s&rsquo;encha\u00eenent et se ressemblent. Pr\u00e9voyez 23\u00b0C en moyenne qui accompagneront des journ\u00e9es ensoleill\u00e9es.<\/p>\n<p><\/p>\n","protected":false},"excerpt":{"rendered":"C&rsquo;est une belle journ\u00e9e dont va b\u00e9n\u00e9ficier Nantes, o\u00f9 le soleil va briller avec force. Les temp\u00e9ratures seront&hellip;\n","protected":false},"author":2,"featured_media":164330,"comment_status":"","ping_status":"","sticky":false,"template":"","format":"standard","meta":{"footnotes":""},"categories":[2818],"tags":[1111,11,1777,674,1011,27,3047,766,12,2636,2119,25],"class_list":{"0":"post-164329","1":"post","2":"type-post","3":"status-publish","4":"format-standard","5":"has-post-thumbnail","7":"category-nantes","8":"tag-actu","9":"tag-actualites","10":"tag-eu","11":"tag-europe","12":"tag-fr","13":"tag-france","14":"tag-loire-atlantique","15":"tag-nantes","16":"tag-news","17":"tag-pays-de-la-loire","18":"tag-previsions-meteo","19":"tag-republique-francaise"},"share_on_mastodon":{"url":"https:\/\/pubeurope.com\/@fr\/114655985887393224","error":""},"_links":{"self":[{"href":"https:\/\/www.europesays.com\/fr\/wp-json\/wp\/v2\/posts\/164329","targetHints":{"allow":["GET"]}}],"collection":[{"href":"https:\/\/www.europesays.com\/fr\/wp-json\/wp\/v2\/posts"}],"about":[{"href":"https:\/\/www.europesays.com\/fr\/wp-json\/wp\/v2\/types\/post"}],"author":[{"embeddable":true,"href":"https:\/\/www.europesays.com\/fr\/wp-json\/wp\/v2\/users\/2"}],"replies":[{"embeddable":true,"href":"https:\/\/www.europesays.com\/fr\/wp-json\/wp\/v2\/comments?post=164329"}],"version-history":[{"count":0,"href":"https:\/\/www.europesays.com\/fr\/wp-json\/wp\/v2\/posts\/164329\/revisions"}],"wp:featuredmedia":[{"embeddable":true,"href":"https:\/\/www.europesays.com\/fr\/wp-json\/wp\/v2\/media\/164330"}],"wp:attachment":[{"href":"https:\/\/www.europesays.com\/fr\/wp-json\/wp\/v2\/media?parent=164329"}],"wp:term":[{"taxonomy":"category","embeddable":true,"href":"https:\/\/www.europesays.com\/fr\/wp-json\/wp\/v2\/categories?post=164329"},{"taxonomy":"post_tag","embeddable":true,"href":"https:\/\/www.europesays.com\/fr\/wp-json\/wp\/v2\/tags?post=164329"}],"curies":[{"name":"wp","href":"https:\/\/api.w.org\/{rel}","templated":true}]}}