{"id":164339,"date":"2025-06-09T23:28:11","date_gmt":"2025-06-09T23:28:11","guid":{"rendered":"https:\/\/www.europesays.com\/fr\/164339\/"},"modified":"2025-06-09T23:28:11","modified_gmt":"2025-06-09T23:28:11","slug":"previsions-du-mardi-10-juin-2025-5","status":"publish","type":"post","link":"https:\/\/www.europesays.com\/fr\/164339\/","title":{"rendered":"pr\u00e9visions du mardi 10 juin 2025"},"content":{"rendered":"<p>C&rsquo;est une magnifique journ\u00e9e dont va profiter Toulouse, o\u00f9 le soleil va briller intens\u00e9ment. Les valeurs seront de 14\u00b0C au plus bas et de 31\u00b0C au plus haut. Le matin, une modeste brise d&rsquo;est sera ressentie par les habitants. Une m\u00e9t\u00e9o plus chaude est \u00e0 pr\u00e9voir l&rsquo;apr\u00e8s-midi puisque les temp\u00e9ratures vont enregistrer une hausse. Les valeurs \u00e9volueront entre 30 et 31\u2009\u00b0C. Les valeurs seront comprises entre 30 et 31\u00b0C. Il va faire en moyenne 25\u00b0C, le soir. Entre mardi et mercredi, la nuit sera claire.<\/p>\n<p>Demain, les Toulousains vont pouvoir b\u00e9n\u00e9ficier d&rsquo;un soleil radieux. C&rsquo;est une hausse de quelques degr\u00e9s que vont conna\u00eetre les temp\u00e9ratures. La ville va subir une vague de grosses chaleurs avec des temp\u00e9ratures qui atteindront parfois les 35\u00b0C. Les valeurs s&rsquo;\u00e9chelonneront entre 18 et 35\u00b0C. Un vent de sud-est rafra\u00eechira quelque peu l&rsquo;atmosph\u00e8re. Le matin, de tr\u00e8s fortes chaleurs (entre 21\u00b0C et 32\u00b0C) sont pr\u00e9vues. Les temp\u00e9ratures vont enregistrer une augmentation de plusieurs degr\u00e9s au cours de l&rsquo;apr\u00e8s-midi. La ville va souffrir d&rsquo;importantes chaleurs avec des temp\u00e9ratures qui pourraient monter jusqu&rsquo;\u00e0 35\u00b0C. Il faudra \u00eatre pr\u00e9voyant demain soir : de petites averses sont \u00e0 pr\u00e9voir. On pr\u00e9voit des valeurs d&rsquo;environ 22\u00b0C.<\/p>\n<p>Le temps restera inchang\u00e9 les jours \u00e0 venir. Une m\u00e9t\u00e9o ensoleill\u00e9e, avec des temp\u00e9ratures de 25\u00b0C environ, est attendue.<\/p>\n<p><\/p>\n","protected":false},"excerpt":{"rendered":"C&rsquo;est une magnifique journ\u00e9e dont va profiter Toulouse, o\u00f9 le soleil va briller intens\u00e9ment. Les valeurs seront de&hellip;\n","protected":false},"author":2,"featured_media":164340,"comment_status":"","ping_status":"","sticky":false,"template":"","format":"standard","meta":{"footnotes":""},"categories":[2816],"tags":[1111,11,1777,674,1011,27,2722,2721,12,2680,2119,25,2312],"class_list":{"0":"post-164339","1":"post","2":"type-post","3":"status-publish","4":"format-standard","5":"has-post-thumbnail","7":"category-toulouse","8":"tag-actu","9":"tag-actualites","10":"tag-eu","11":"tag-europe","12":"tag-fr","13":"tag-france","14":"tag-haute-garonne","15":"tag-midi-pyrenees","16":"tag-news","17":"tag-occitanie","18":"tag-previsions-meteo","19":"tag-republique-francaise","20":"tag-toulouse"},"share_on_mastodon":{"url":"https:\/\/pubeurope.com\/@fr\/114656005506427416","error":""},"_links":{"self":[{"href":"https:\/\/www.europesays.com\/fr\/wp-json\/wp\/v2\/posts\/164339","targetHints":{"allow":["GET"]}}],"collection":[{"href":"https:\/\/www.europesays.com\/fr\/wp-json\/wp\/v2\/posts"}],"about":[{"href":"https:\/\/www.europesays.com\/fr\/wp-json\/wp\/v2\/types\/post"}],"author":[{"embeddable":true,"href":"https:\/\/www.europesays.com\/fr\/wp-json\/wp\/v2\/users\/2"}],"replies":[{"embeddable":true,"href":"https:\/\/www.europesays.com\/fr\/wp-json\/wp\/v2\/comments?post=164339"}],"version-history":[{"count":0,"href":"https:\/\/www.europesays.com\/fr\/wp-json\/wp\/v2\/posts\/164339\/revisions"}],"wp:featuredmedia":[{"embeddable":true,"href":"https:\/\/www.europesays.com\/fr\/wp-json\/wp\/v2\/media\/164340"}],"wp:attachment":[{"href":"https:\/\/www.europesays.com\/fr\/wp-json\/wp\/v2\/media?parent=164339"}],"wp:term":[{"taxonomy":"category","embeddable":true,"href":"https:\/\/www.europesays.com\/fr\/wp-json\/wp\/v2\/categories?post=164339"},{"taxonomy":"post_tag","embeddable":true,"href":"https:\/\/www.europesays.com\/fr\/wp-json\/wp\/v2\/tags?post=164339"}],"curies":[{"name":"wp","href":"https:\/\/api.w.org\/{rel}","templated":true}]}}