{"id":164341,"date":"2025-06-09T23:29:09","date_gmt":"2025-06-09T23:29:09","guid":{"rendered":"https:\/\/www.europesays.com\/fr\/164341\/"},"modified":"2025-06-09T23:29:09","modified_gmt":"2025-06-09T23:29:09","slug":"previsions-du-mardi-10-juin-2025-6","status":"publish","type":"post","link":"https:\/\/www.europesays.com\/fr\/164341\/","title":{"rendered":"pr\u00e9visions du mardi 10 juin 2025"},"content":{"rendered":"<p>Un ciel voil\u00e9 pour Lille avec un d\u00e9veloppement de nuages est annonc\u00e9 dans la journ\u00e9e. Les valeurs seront comprises entre 11 et 20\u00b0C. D&rsquo;un autre c\u00f4t\u00e9, le ciel sera assez lumineux, avec quelques \u00e9claircies le matin. Il fera en moyenne 18\u00b0C. Un vent de sud-ouest soufflera \u00e0 23 km\/h. Le ciel sera toujours couvert l&rsquo;apr\u00e8s-midi avec des nuages. Il faudra pr\u00e9voir son parapluie pour s&rsquo;abriter des pluies \u00e9parses. Les temp\u00e9ratures afficheront entre 17 et 20\u00b0C. Une brise d&rsquo;ouest soufflera doucement. Le soir, la m\u00e9t\u00e9o sera ponctu\u00e9e par des pluies \u00e9parses. On anticipe des valeurs d&rsquo;environ 16\u00b0C. C&rsquo;est un ciel d\u00e9pourvu de nuages que conna\u00eetra la nuit de mardi \u00e0 mercredi.<\/p>\n<p>Demain, un beau soleil rayonnera sur Lille. C&rsquo;est une hausse de quelques degr\u00e9s que vont enregistrer les temp\u00e9ratures. Le mercure affichera 17\u00b0C en moyenne. Un l\u00e9ger vent d&rsquo;est sera ressenti par les habitants. Dans la matin\u00e9e, les temp\u00e9ratures seront de 18\u00b0C. Les valeurs vont conna\u00eetre une augmentation de plusieurs degr\u00e9s dans l&rsquo;apr\u00e8s-midi. Les temp\u00e9ratures seront de 22\u00b0C au minimum et de 23\u00b0C au maximum.<\/p>\n<p>Pour les jours \u00e0 venir, le temps ne bougera pas. Une m\u00e9t\u00e9o ensoleill\u00e9e, avec des temp\u00e9ratures de 23\u00b0C environ, est attendue.<\/p>\n<p><\/p>\n","protected":false},"excerpt":{"rendered":"Un ciel voil\u00e9 pour Lille avec un d\u00e9veloppement de nuages est annonc\u00e9 dans la journ\u00e9e. Les valeurs seront&hellip;\n","protected":false},"author":2,"featured_media":164342,"comment_status":"","ping_status":"","sticky":false,"template":"","format":"standard","meta":{"footnotes":""},"categories":[2815],"tags":[1111,11,1777,674,1011,27,811,1307,12,1308,1309,2119,25],"class_list":{"0":"post-164341","1":"post","2":"type-post","3":"status-publish","4":"format-standard","5":"has-post-thumbnail","7":"category-lille","8":"tag-actu","9":"tag-actualites","10":"tag-eu","11":"tag-europe","12":"tag-fr","13":"tag-france","14":"tag-hauts-de-france","15":"tag-lille","16":"tag-news","17":"tag-nord","18":"tag-nord-pas-de-calais","19":"tag-previsions-meteo","20":"tag-republique-francaise"},"share_on_mastodon":{"url":"https:\/\/pubeurope.com\/@fr\/114656009563582421","error":""},"_links":{"self":[{"href":"https:\/\/www.europesays.com\/fr\/wp-json\/wp\/v2\/posts\/164341","targetHints":{"allow":["GET"]}}],"collection":[{"href":"https:\/\/www.europesays.com\/fr\/wp-json\/wp\/v2\/posts"}],"about":[{"href":"https:\/\/www.europesays.com\/fr\/wp-json\/wp\/v2\/types\/post"}],"author":[{"embeddable":true,"href":"https:\/\/www.europesays.com\/fr\/wp-json\/wp\/v2\/users\/2"}],"replies":[{"embeddable":true,"href":"https:\/\/www.europesays.com\/fr\/wp-json\/wp\/v2\/comments?post=164341"}],"version-history":[{"count":0,"href":"https:\/\/www.europesays.com\/fr\/wp-json\/wp\/v2\/posts\/164341\/revisions"}],"wp:featuredmedia":[{"embeddable":true,"href":"https:\/\/www.europesays.com\/fr\/wp-json\/wp\/v2\/media\/164342"}],"wp:attachment":[{"href":"https:\/\/www.europesays.com\/fr\/wp-json\/wp\/v2\/media?parent=164341"}],"wp:term":[{"taxonomy":"category","embeddable":true,"href":"https:\/\/www.europesays.com\/fr\/wp-json\/wp\/v2\/categories?post=164341"},{"taxonomy":"post_tag","embeddable":true,"href":"https:\/\/www.europesays.com\/fr\/wp-json\/wp\/v2\/tags?post=164341"}],"curies":[{"name":"wp","href":"https:\/\/api.w.org\/{rel}","templated":true}]}}