{"id":164345,"date":"2025-06-09T23:31:09","date_gmt":"2025-06-09T23:31:09","guid":{"rendered":"https:\/\/www.europesays.com\/fr\/164345\/"},"modified":"2025-06-09T23:31:09","modified_gmt":"2025-06-09T23:31:09","slug":"previsions-du-mardi-10-juin-2025-7","status":"publish","type":"post","link":"https:\/\/www.europesays.com\/fr\/164345\/","title":{"rendered":"pr\u00e9visions du mardi 10 juin 2025"},"content":{"rendered":"<p>Aujourd&rsquo;hui, les Marseillais vont pouvoir profiter d&rsquo;un soleil magnifique. Il fera 24\u00b0C en moyenne. Une brise de sud-ouest soufflera doucement. Les temp\u00e9ratures seront comprises entre 22 et 26\u00b0C pendant la matin\u00e9e. Il va faire environ 24\u00b0C, le soir. Pendant que vous dormirez, dans la nuit de mardi \u00e0 mercredi, le ciel sera clair.<\/p>\n<p>Un beau soleil est pr\u00e9vu demain \u00e0 Marseille. Le mercure va descendre de quelques degr\u00e9s. Le mercure affichera 23\u00b0C en moyenne. Un vent de sud-est rafra\u00eechira sensiblement l&rsquo;atmosph\u00e8re. Les maximales atteindront les 25\u00b0C dans la matin\u00e9e alors que les minimales seront de 22\u00b0C. Les valeurs iront de 24 \u00e0 25\u00b0C sur l&rsquo;ensemble de l&rsquo;apr\u00e8s-midi. Les temp\u00e9ratures afficheront entre 22\u00b0C et 23\u00b0C dans la soir\u00e9e.<\/p>\n<p>Les jours se suivent et ne changent pas. Pr\u00e9voyez 24\u00b0C en moyenne qui accompagneront des journ\u00e9es ensoleill\u00e9es.<\/p>\n<p><\/p>\n","protected":false},"excerpt":{"rendered":"Aujourd&rsquo;hui, les Marseillais vont pouvoir profiter d&rsquo;un soleil magnifique. Il fera 24\u00b0C en moyenne. Une brise de sud-ouest&hellip;\n","protected":false},"author":2,"featured_media":164346,"comment_status":"","ping_status":"","sticky":false,"template":"","format":"standard","meta":{"footnotes":""},"categories":[2814],"tags":[1111,11,1777,674,1011,27,884,12,2119,882,25],"class_list":{"0":"post-164345","1":"post","2":"type-post","3":"status-publish","4":"format-standard","5":"has-post-thumbnail","7":"category-marseille","8":"tag-actu","9":"tag-actualites","10":"tag-eu","11":"tag-europe","12":"tag-fr","13":"tag-france","14":"tag-marseille","15":"tag-news","16":"tag-previsions-meteo","17":"tag-provence-alpes-cote-dazur","18":"tag-republique-francaise"},"share_on_mastodon":{"url":"https:\/\/pubeurope.com\/@fr\/114656017631305865","error":""},"_links":{"self":[{"href":"https:\/\/www.europesays.com\/fr\/wp-json\/wp\/v2\/posts\/164345","targetHints":{"allow":["GET"]}}],"collection":[{"href":"https:\/\/www.europesays.com\/fr\/wp-json\/wp\/v2\/posts"}],"about":[{"href":"https:\/\/www.europesays.com\/fr\/wp-json\/wp\/v2\/types\/post"}],"author":[{"embeddable":true,"href":"https:\/\/www.europesays.com\/fr\/wp-json\/wp\/v2\/users\/2"}],"replies":[{"embeddable":true,"href":"https:\/\/www.europesays.com\/fr\/wp-json\/wp\/v2\/comments?post=164345"}],"version-history":[{"count":0,"href":"https:\/\/www.europesays.com\/fr\/wp-json\/wp\/v2\/posts\/164345\/revisions"}],"wp:featuredmedia":[{"embeddable":true,"href":"https:\/\/www.europesays.com\/fr\/wp-json\/wp\/v2\/media\/164346"}],"wp:attachment":[{"href":"https:\/\/www.europesays.com\/fr\/wp-json\/wp\/v2\/media?parent=164345"}],"wp:term":[{"taxonomy":"category","embeddable":true,"href":"https:\/\/www.europesays.com\/fr\/wp-json\/wp\/v2\/categories?post=164345"},{"taxonomy":"post_tag","embeddable":true,"href":"https:\/\/www.europesays.com\/fr\/wp-json\/wp\/v2\/tags?post=164345"}],"curies":[{"name":"wp","href":"https:\/\/api.w.org\/{rel}","templated":true}]}}