{"id":164349,"date":"2025-06-09T23:33:09","date_gmt":"2025-06-09T23:33:09","guid":{"rendered":"https:\/\/www.europesays.com\/fr\/164349\/"},"modified":"2025-06-09T23:33:09","modified_gmt":"2025-06-09T23:33:09","slug":"previsions-du-mardi-10-juin-2025-8","status":"publish","type":"post","link":"https:\/\/www.europesays.com\/fr\/164349\/","title":{"rendered":"pr\u00e9visions du mardi 10 juin 2025"},"content":{"rendered":"<p>Lyon va \u00eatre inond\u00e9e de soleil durant cette journ\u00e9e. Le thermom\u00e8tre affichera 20\u00b0C en moyenne. Dans la matin\u00e9e, les temp\u00e9ratures avoisineront les 21\u00b0C. Un vent d&rsquo;est soufflera un peu, avec 3 km\/h. Les temp\u00e9ratures vont enregistrer une augmentation de plusieurs degr\u00e9s au cours de l&rsquo;apr\u00e8s-midi. Les maximales iront jusqu&rsquo;\u00e0 28\u00b0C tandis que les minimales seront de 26\u00b0C. Les valeurs avoisineront les 22\u00b0C dans la soir\u00e9e. Durant la nuit de mardi \u00e0 mercredi, le ciel sera clair.<\/p>\n<p>Demain, les Lyonnais vont pouvoir profiter d&rsquo;un soleil radieux. C&rsquo;est une hausse de quelques degr\u00e9s que vont conna\u00eetre les temp\u00e9ratures. Ces valeurs s&rsquo;\u00e9chelonneront entre 14 et 28\u00b0C. Il va faire 22\u00b0C en moyenne le matin. Une l\u00e9g\u00e8re brise de nord soufflera. La m\u00e9t\u00e9o va se r\u00e9chauffer demain apr\u00e8s-midi avec une augmentation de plusieurs degr\u00e9s. Les valeurs afficheront entre 27 et 28\u00b0C. Demain soir, on anticipe des temp\u00e9ratures d&rsquo;environ 23\u00b0C. Un modeste vent de nord sera ressenti par les habitants.<\/p>\n<p>Le temps restera inchang\u00e9 les prochains jours. Le temps sera ensoleill\u00e9 avec des temp\u00e9ratures autour de 24\u00b0C.<\/p>\n<p><\/p>\n","protected":false},"excerpt":{"rendered":"Lyon va \u00eatre inond\u00e9e de soleil durant cette journ\u00e9e. Le thermom\u00e8tre affichera 20\u00b0C en moyenne. Dans la matin\u00e9e,&hellip;\n","protected":false},"author":2,"featured_media":164350,"comment_status":"","ping_status":"","sticky":false,"template":"","format":"standard","meta":{"footnotes":""},"categories":[1889],"tags":[1111,11,2430,1777,674,1011,27,2428,12,2119,25,2429,2431],"class_list":{"0":"post-164349","1":"post","2":"type-post","3":"status-publish","4":"format-standard","5":"has-post-thumbnail","7":"category-lyon","8":"tag-actu","9":"tag-actualites","10":"tag-auvergne-rhone-alpes","11":"tag-eu","12":"tag-europe","13":"tag-fr","14":"tag-france","15":"tag-lyon","16":"tag-news","17":"tag-previsions-meteo","18":"tag-republique-francaise","19":"tag-rhone","20":"tag-rhone-alpes"},"share_on_mastodon":{"url":"https:\/\/pubeurope.com\/@fr\/114656025352891258","error":""},"_links":{"self":[{"href":"https:\/\/www.europesays.com\/fr\/wp-json\/wp\/v2\/posts\/164349","targetHints":{"allow":["GET"]}}],"collection":[{"href":"https:\/\/www.europesays.com\/fr\/wp-json\/wp\/v2\/posts"}],"about":[{"href":"https:\/\/www.europesays.com\/fr\/wp-json\/wp\/v2\/types\/post"}],"author":[{"embeddable":true,"href":"https:\/\/www.europesays.com\/fr\/wp-json\/wp\/v2\/users\/2"}],"replies":[{"embeddable":true,"href":"https:\/\/www.europesays.com\/fr\/wp-json\/wp\/v2\/comments?post=164349"}],"version-history":[{"count":0,"href":"https:\/\/www.europesays.com\/fr\/wp-json\/wp\/v2\/posts\/164349\/revisions"}],"wp:featuredmedia":[{"embeddable":true,"href":"https:\/\/www.europesays.com\/fr\/wp-json\/wp\/v2\/media\/164350"}],"wp:attachment":[{"href":"https:\/\/www.europesays.com\/fr\/wp-json\/wp\/v2\/media?parent=164349"}],"wp:term":[{"taxonomy":"category","embeddable":true,"href":"https:\/\/www.europesays.com\/fr\/wp-json\/wp\/v2\/categories?post=164349"},{"taxonomy":"post_tag","embeddable":true,"href":"https:\/\/www.europesays.com\/fr\/wp-json\/wp\/v2\/tags?post=164349"}],"curies":[{"name":"wp","href":"https:\/\/api.w.org\/{rel}","templated":true}]}}