{"id":164353,"date":"2025-06-09T23:37:09","date_gmt":"2025-06-09T23:37:09","guid":{"rendered":"https:\/\/www.europesays.com\/fr\/164353\/"},"modified":"2025-06-09T23:37:09","modified_gmt":"2025-06-09T23:37:09","slug":"le-vol-de-cet-avion-parti-de-roissy-pour-toronto-ne-se-passe-pas-comme-prevu-retour-a-paris","status":"publish","type":"post","link":"https:\/\/www.europesays.com\/fr\/164353\/","title":{"rendered":"le vol de cet avion parti de Roissy pour Toronto ne se passe pas comme pr\u00e9vu, retour \u00e0 Paris"},"content":{"rendered":"<p>            Par<br \/>\n        <strong><br \/>\n            <a href=\"https:\/\/actu.fr\/auteur\/thomas-martin\" title=\"Consulter tous les articles de Thomas Martin\" target=\"_blank\" rel=\"noopener\">Thomas Martin<\/a><br \/>\n        <\/strong><\/p>\n<p>        Publi\u00e9 le<\/p>\n<p>            9 juin 2025 \u00e0 21h52        <\/p>\n<p>Les voyageurs qui sont mont\u00e9s \u00e0 bord du Boeing 777 d\u2019<a href=\"https:\/\/actu.fr\/tag\/air-france\" target=\"_blank\" rel=\"noopener\">Air France<\/a> \u00e0 l\u2019<a href=\"https:\/\/actu.fr\/tag\/aeroport-roissy-charles-de-gaulle\" target=\"_blank\" rel=\"noopener\">a\u00e9roport de Roissy-Charles de Gaulle<\/a> et \u00e0 destination de Toronto, ce lundi 9 juin, vont devoir patienter un peu avant de d\u00e9barquer au Canada. L\u2019avion a rencontr\u00e9 un incident technique \u00e0 l\u2019ouest de <a href=\"https:\/\/actu.fr\/ile-de-france\/tremblay-en-france_93073\/aeroport-de-roissy-ouverture-d-une-nouvelle-ligne-vers-une-ile-pleine-de-charme-a-1h-de-paris_60791520.html\" target=\"_blank\" rel=\"noopener\">Guernesey<\/a>. Apr\u00e8s avoir vol\u00e9 en cercle il a amorc\u00e9 un demi-tour en direction de <a href=\"https:\/\/actu.fr\/tag\/aeroport-de-roissy\" target=\"_blank\" rel=\"noopener\">Roissy<\/a>. Une information confirm\u00e9e par Air France \u00e0 actu Paris.\u00a0<\/p>\n<p>Demi-tour vers Paris apr\u00e8s 2h20 de vol<\/p>\n<p class=\" wall-content\">\u00ab\u00a0Air France confirme que l\u2019\u00e9quipage du vol AF386 op\u00e9r\u00e9 en Boeing 777 du 9 juin 2025 reliant Paris-Charles de Gaulle \u00e0 Toronto (Canada) a d\u00e9cid\u00e9, conform\u00e9ment aux proc\u00e9dures du constructeur et aux consignes de la compagnie, de retourner vers l\u2019a\u00e9roport de Paris-Charles de Gaulle apr\u00e8s deux heures et vingt minutes de vol, en raison d\u2019un incident technique n\u2019affectant pas la navigabilit\u00e9 de l\u2019appareil\u00a0\u00bb, indique la compagnie.\u00a0<\/p>\n<p class=\" wall-content\">L\u2019appareil a atterri normalement \u00e0 Paris-Charles de Gaulle \u00e0 20h57 (heure locale).<\/p>\n<p class=\" wall-content\">\n<p class=\" wall-content\">Les clients ont \u00e9t\u00e9 pris en charge par les \u00e9quipes d\u2019Air France \u00e0 l\u2019a\u00e9roport et seront r\u00e9achemin\u00e9s vers leur destination dans les meilleurs d\u00e9lai\u00a0\u00bb, nous pr\u00e9cise-t-on.\u00a0<\/p>\n<p class=\" wall-content\">C\u2019est le deuxi\u00e8me incident technique en peu de temps pour un Boeing d\u2019Air France au d\u00e9part de Roissy. Un Boeing 777 en provenance de Paris Charles-de-Gaulle et <a href=\"https:\/\/actu.fr\/ile-de-france\/tremblay-en-france_93073\/air-france-parti-de-roissy-en-direction-de-shangai-un-avion-rebrousse-chemin-en-urgence-apres-un-incident_62748697.html\" target=\"_blank\" rel=\"noopener\">\u00e0 destination de Shanghai<\/a>, qui avait d\u00e9coll\u00e9 dimanche 8 juin, a \u00e9t\u00e9 contraint de faire demi-tour au-dessus de la Roumanie. Les clients ont \u00e9t\u00e9 pris en charge par les \u00e9quipes d\u2019Air France \u00e0 l\u2019a\u00e9roport et devaient \u00eatre r\u00e9achemin\u00e9s vers Shanghai d\u00e8s ce lundi 9 juin 2025.<\/p>\n<p>Vid\u00e9os : en ce moment sur Actu<\/p>\n<p class=\" wall-content\">Suivez toute l\u2019actualit\u00e9 de vos villes et m\u00e9dias favoris en vous inscrivant \u00e0 <a href=\"https:\/\/moncompte.actu.fr\" title=\"D\u00e9couvez Mon Actu\" rel=\"nofollow noopener\" data-trk=\"{&quot;cta&quot;:{&quot;action&quot;:&quot;https:\\\/\\\/moncompte.actu.fr&quot;,&quot;category&quot;:&quot;mon compte&quot;,&quot;from&quot;:&quot;article footer&quot;,&quot;name&quot;:&quot;Mon actu&quot;,&quot;type&quot;:&quot;cta&quot;}}\" target=\"_blank\">Mon Actu<\/a>.<\/p>\n","protected":false},"excerpt":{"rendered":"Par Thomas Martin Publi\u00e9 le 9 juin 2025 \u00e0 21h52 Les voyageurs qui sont mont\u00e9s \u00e0 bord du&hellip;\n","protected":false},"author":2,"featured_media":164354,"comment_status":"","ping_status":"","sticky":false,"template":"","format":"standard","meta":{"footnotes":""},"categories":[1888],"tags":[1111,1928,11,1927,25046,10045,1816,1777,674,118,1011,27,12,1926,626,1925,25],"class_list":{"0":"post-164353","1":"post","2":"type-post","3":"status-publish","4":"format-standard","5":"has-post-thumbnail","7":"category-paris","8":"tag-actu","9":"tag-actu-paris","10":"tag-actualites","11":"tag-actualites-paris","12":"tag-aeroport-de-roissy","13":"tag-aeroport-roissy-charles-de-gaulle","14":"tag-air-france","15":"tag-eu","16":"tag-europe","17":"tag-faits-divers","18":"tag-fr","19":"tag-france","20":"tag-news","21":"tag-news-paris","22":"tag-paris","23":"tag-paris-news","24":"tag-republique-francaise"},"share_on_mastodon":{"url":"https:\/\/pubeurope.com\/@fr\/114656040953627713","error":""},"_links":{"self":[{"href":"https:\/\/www.europesays.com\/fr\/wp-json\/wp\/v2\/posts\/164353","targetHints":{"allow":["GET"]}}],"collection":[{"href":"https:\/\/www.europesays.com\/fr\/wp-json\/wp\/v2\/posts"}],"about":[{"href":"https:\/\/www.europesays.com\/fr\/wp-json\/wp\/v2\/types\/post"}],"author":[{"embeddable":true,"href":"https:\/\/www.europesays.com\/fr\/wp-json\/wp\/v2\/users\/2"}],"replies":[{"embeddable":true,"href":"https:\/\/www.europesays.com\/fr\/wp-json\/wp\/v2\/comments?post=164353"}],"version-history":[{"count":0,"href":"https:\/\/www.europesays.com\/fr\/wp-json\/wp\/v2\/posts\/164353\/revisions"}],"wp:featuredmedia":[{"embeddable":true,"href":"https:\/\/www.europesays.com\/fr\/wp-json\/wp\/v2\/media\/164354"}],"wp:attachment":[{"href":"https:\/\/www.europesays.com\/fr\/wp-json\/wp\/v2\/media?parent=164353"}],"wp:term":[{"taxonomy":"category","embeddable":true,"href":"https:\/\/www.europesays.com\/fr\/wp-json\/wp\/v2\/categories?post=164353"},{"taxonomy":"post_tag","embeddable":true,"href":"https:\/\/www.europesays.com\/fr\/wp-json\/wp\/v2\/tags?post=164353"}],"curies":[{"name":"wp","href":"https:\/\/api.w.org\/{rel}","templated":true}]}}