{"id":164357,"date":"2025-06-09T23:39:09","date_gmt":"2025-06-09T23:39:09","guid":{"rendered":"https:\/\/www.europesays.com\/fr\/164357\/"},"modified":"2025-06-09T23:39:09","modified_gmt":"2025-06-09T23:39:09","slug":"face-a-une-crise-de-personnel-les-urgences-de-lhopital-foch-en-baisse-de-regime","status":"publish","type":"post","link":"https:\/\/www.europesays.com\/fr\/164357\/","title":{"rendered":"face \u00e0 une crise de personnel, les urgences de l&rsquo;h\u00f4pital Foch en baisse de r\u00e9gime"},"content":{"rendered":"<p>            Par<br \/>\n        <strong><br \/>\n            <a href=\"https:\/\/actu.fr\/auteur\/emilie-salabelle\" title=\"Consulter tous les articles de Emilie Salabelle\" rel=\"nofollow noopener\" target=\"_blank\">Emilie Salabelle<\/a><br \/>\n        <\/strong><\/p>\n<p>        Publi\u00e9 le<\/p>\n<p>            9 juin 2025 \u00e0 18h30        <\/p>\n<p>Un service r\u00e9duit et des temps d\u2019attente rallong\u00e9s. Les <strong>urgences<\/strong> de l\u2019<a href=\"https:\/\/actu.fr\/ile-de-france\/suresnes_92073\/endometriose-menopause-fertilite-a-suresnes-l-hopital-foch-inaugure-un-institut-unique-en-france_62519017.html\" rel=\"nofollow noopener\" target=\"_blank\">h\u00f4pital Foch<\/a> \u00e0 <a href=\"https:\/\/actu.fr\/ile-de-france\/suresnes_92073\" rel=\"nofollow noopener\" target=\"_blank\">Suresnes<\/a> (<a href=\"https:\/\/actu.fr\/ile-de-france\/hauts-de-seine_92\" rel=\"nofollow noopener\" target=\"_blank\">Hauts-de-Seine<\/a>), parmi les plus fr\u00e9quent\u00e9es d\u2019\u00cele-de-France en 2017, tendant \u00e0 se contracter depuis 2022, rapporte la Chambre r\u00e9gionale des comptes d\u2019\u00cele-de-France dans le <a href=\"https:\/\/www.ccomptes.fr\/fr\/publications\/hopital-foch-hauts-de-seine-cahier-ndeg1-urgences\" rel=\"nofollow noopener\" target=\"_blank\">premier volet<\/a> d\u2019un rapport publi\u00e9 le 6\u00a0juin 2025. En cause\u2009: des<a href=\"https:\/\/actu.fr\/societe\/penurie-de-medecins-generalistes-en-ile-de-france-plus-d-un-habitant-sur-deux-peine-a-consulter_61966264.html\" rel=\"nofollow noopener\" target=\"_blank\"> <strong>probl\u00e8mes de recrutement<\/strong><\/a> et de maintien du personnel m\u00e9dical.<\/p>\n<p>Manque de personnel<\/p>\n<p class=\" wall-content\">La r\u00e9duction des urgences est due \u00e0 \u00ab\u2009une<strong> grave crise sociale<\/strong> au sein des \u00e9quipes d\u2019urgences\u2009\u00bb, rapporte le document. L\u2019heure n\u2019est pas \u00e0 la stabilit\u00e9 au sein des \u00e9quipes, avec la succession de trois chefs de service par int\u00e9rim en trois ans et la division par deux des effectifs entre\u00a02021 et\u00a02023, touchant principalement des m\u00e9decins \u00ab\u2009seniors\u2009\u00bb en CDI. Le personnel infirmier chute \u00e9galement, particuli\u00e8rement en 2023.<\/p>\n<p class=\" wall-content\">Cons\u00e9quence directe\u2009: une <strong>surcharge de travail<\/strong> pour l\u2019ensemble des \u00e9quipes, pointe le rapport. \u00ab\u2009Si le nombre de passages par personne n\u2019a augment\u00e9 que de 8,4\u2009% par personnel soignant depuis l\u2019ann\u00e9e 2019, il a cr\u00fb de 41,3\u2009% pour le personnel m\u00e9dical\u2009\u00bb.<\/p>\n<p>Examens rapides et temps d\u2019attente allong\u00e9s<\/p>\n<p class=\" wall-content\">Pour faire face \u00e0 ce manque de bras, les capacit\u00e9s d\u2019accueil des urgences ont \u00e9t\u00e9 volontairement r\u00e9duites \u00e0 partir de 2022 et les <strong>horaires d\u2019accueil diminu\u00e9s.<\/strong> Depuis 2020, les permanences de nuits et de week-end se sont peu \u00e0 peu r\u00e9duites.<\/p>\n<p class=\" wall-content\">Les patients arriv\u00e9s par ambulances ou services de secours sont d\u00e9tourn\u00e9s vers d\u2019autres services d\u2019urgences, tandis que pour les personnes venues par leurs propres moyens, la m\u00e9thode du <strong>\u00ab\u2009quick look\u2009\u00bb<\/strong> est appliqu\u00e9e, soit un examen rapide avant r\u00e9orientation vers la m\u00e9decine de ville. Cette baisse de r\u00e9gime ne permet pas \u00e0 l\u2019h\u00f4pital \u00ab\u2009d\u2019exercer le plein r\u00f4le d\u2019un service d\u2019accueil des urgences, notamment d\u00e9fini par un accueil 24h\/24\u2009\u00bb, note le document.<\/p>\n<p class=\" wall-content\">Du c\u00f4t\u00e9 du patient, cela se traduit par des <a href=\"https:\/\/actu.fr\/ile-de-france\/paris_75056\/les-bons-reflexes-pour-ne-pas-saturer-les-urgences-des-hopitaux-d-ile-de-france-pendant-les-vacances_52792813.html\" rel=\"nofollow noopener\" target=\"_blank\">dur\u00e9es de passage plus long<\/a> d\u2019environ 3\u00a0heures en moyenne, \u00ab\u2009notamment du fait d\u2019une<strong> dur\u00e9e d\u2019attente plus longue<\/strong>, y compris pour les cas les plus graves\u2009\u00bb, r\u00e9sume la chambre.<\/p>\n<p class=\" wall-content\">Cela fait de nombreuses ann\u00e9es que l\u2019activit\u00e9 d\u2019urgences de l\u2019h\u00f4pital est en baisse, souligne le rapport. Elle a chut\u00e9 de 28\u2009% entre\u00a02017 et\u00a02023.<\/p>\n<p class=\" wall-content\">Suivez toute l\u2019actualit\u00e9 de vos villes et m\u00e9dias favoris en vous inscrivant \u00e0 <a href=\"https:\/\/moncompte.actu.fr\" title=\"D\u00e9couvez Mon Actu\" rel=\"nofollow noopener\" data-trk=\"{&quot;cta&quot;:{&quot;action&quot;:&quot;https:\\\/\\\/moncompte.actu.fr&quot;,&quot;category&quot;:&quot;mon compte&quot;,&quot;from&quot;:&quot;article footer&quot;,&quot;name&quot;:&quot;Mon actu&quot;,&quot;type&quot;:&quot;cta&quot;}}\" target=\"_blank\">Mon Actu<\/a>.<\/p>\n","protected":false},"excerpt":{"rendered":"Par Emilie Salabelle Publi\u00e9 le 9 juin 2025 \u00e0 18h30 Un service r\u00e9duit et des temps d\u2019attente rallong\u00e9s.&hellip;\n","protected":false},"author":2,"featured_media":164358,"comment_status":"","ping_status":"","sticky":false,"template":"","format":"standard","meta":{"footnotes":""},"categories":[1888],"tags":[11,1777,674,1011,27,100,12,626,25,71,104,6444],"class_list":{"0":"post-164357","1":"post","2":"type-post","3":"status-publish","4":"format-standard","5":"has-post-thumbnail","7":"category-paris","8":"tag-actualites","9":"tag-eu","10":"tag-europe","11":"tag-fr","12":"tag-france","13":"tag-hopital","14":"tag-news","15":"tag-paris","16":"tag-republique-francaise","17":"tag-sante","18":"tag-societe","19":"tag-urgences"},"share_on_mastodon":{"url":"https:\/\/pubeurope.com\/@fr\/114656048831248360","error":""},"_links":{"self":[{"href":"https:\/\/www.europesays.com\/fr\/wp-json\/wp\/v2\/posts\/164357","targetHints":{"allow":["GET"]}}],"collection":[{"href":"https:\/\/www.europesays.com\/fr\/wp-json\/wp\/v2\/posts"}],"about":[{"href":"https:\/\/www.europesays.com\/fr\/wp-json\/wp\/v2\/types\/post"}],"author":[{"embeddable":true,"href":"https:\/\/www.europesays.com\/fr\/wp-json\/wp\/v2\/users\/2"}],"replies":[{"embeddable":true,"href":"https:\/\/www.europesays.com\/fr\/wp-json\/wp\/v2\/comments?post=164357"}],"version-history":[{"count":0,"href":"https:\/\/www.europesays.com\/fr\/wp-json\/wp\/v2\/posts\/164357\/revisions"}],"wp:featuredmedia":[{"embeddable":true,"href":"https:\/\/www.europesays.com\/fr\/wp-json\/wp\/v2\/media\/164358"}],"wp:attachment":[{"href":"https:\/\/www.europesays.com\/fr\/wp-json\/wp\/v2\/media?parent=164357"}],"wp:term":[{"taxonomy":"category","embeddable":true,"href":"https:\/\/www.europesays.com\/fr\/wp-json\/wp\/v2\/categories?post=164357"},{"taxonomy":"post_tag","embeddable":true,"href":"https:\/\/www.europesays.com\/fr\/wp-json\/wp\/v2\/tags?post=164357"}],"curies":[{"name":"wp","href":"https:\/\/api.w.org\/{rel}","templated":true}]}}