{"id":164364,"date":"2025-06-09T23:43:13","date_gmt":"2025-06-09T23:43:13","guid":{"rendered":"https:\/\/www.europesays.com\/fr\/164364\/"},"modified":"2025-06-09T23:43:13","modified_gmt":"2025-06-09T23:43:13","slug":"les-negociations-usa-chine-a-londres-devraient-se-poursuivre-mardi-10-06-2025-a-0049","status":"publish","type":"post","link":"https:\/\/www.europesays.com\/fr\/164364\/","title":{"rendered":"Les n\u00e9gociations USA-Chine \u00e0 Londres devraient se poursuivre mardi &#8211; 10\/06\/2025 \u00e0 00:49"},"content":{"rendered":"<p>\n De hauts repr\u00e9sentants des<br \/>\nEtats-Unis et de la Chine r\u00e9unis lundi \u00e0 Londres pour des<br \/>\nn\u00e9gociations commerciales devraient poursuivre leurs discussions<br \/>\npour une deuxi\u00e8me journ\u00e9e cons\u00e9cutive dans la capitale<br \/>\nbritannique, afin de tenter de d\u00e9samorcer un conflit commercial<br \/>\naux enjeux consid\u00e9rables.\n<\/p>\n<p>\n Les pourparlers organis\u00e9s au palais de Lancaster House, un<br \/>\nmois apr\u00e8s une premi\u00e8re r\u00e9union \u00e0 Gen\u00e8ve destin\u00e9e \u00e0 op\u00e9rer une<br \/>\nd\u00e9sescalade des tensions commerciales entre les deux plus<br \/>\ngrandes puissances \u00e9conomiques mondiales, doivent reprendre ce<br \/>\nmardi \u00e0 09h00 GMT, selon une source am\u00e9ricaine au fait de la<br \/>\nquestion.\n<\/p>\n<p>\n En d\u00e9pit de la d\u00e9sescalade annonc\u00e9e en mai en Suisse, avec<br \/>\nun abaissement des droits de douane r\u00e9ciproques mis en place<br \/>\nplus t\u00f4t cette ann\u00e9e par Washington et P\u00e9kin, le conflit<br \/>\ncommercial sino-am\u00e9ricain s&rsquo;est \u00e9tendu aux restrictions sur les<br \/>\nterres rares, mena\u00e7ant d&rsquo;\u00e9branler la cha\u00eene d&rsquo;approvisionnement<br \/>\nmondiale et de ralentir la croissance \u00e9conomique.\n<\/p>\n<p>\n Apr\u00e8s la r\u00e9union de Gen\u00e8ve, l&rsquo;administration du pr\u00e9sident<br \/>\nam\u00e9ricain Donald Trump a accus\u00e9 le gouvernement chinois ne pas<br \/>\nrespecter ses engagements, notamment en ce qui concerne les<br \/>\nlivraisons de terres rares.\n<\/p>\n<p>\n Donald Trump a d\u00e9clar\u00e9 lundi \u00e0 des journalistes que les<br \/>\ndiscussions sino-am\u00e9ricaines se passaient bien, ajoutant que<br \/>\nl&rsquo;\u00e9quipe am\u00e9ricaine de n\u00e9gociateurs envoy\u00e9e \u00e0 Londres lui avait<br \/>\ntransmis \u00ab\u00a0uniquement des bons retours\u00a0\u00bb. Il a refus\u00e9 de donner<br \/>\ndes d\u00e9tails sur la teneur des n\u00e9gociations.\n<\/p>\n<p>\n Plus t\u00f4t dans la journ\u00e9e, le conseiller \u00e9conomique de la<br \/>\nMaison blanche, Kevin Hassett, a dit vouloir obtenir de la<br \/>\nd\u00e9l\u00e9gation chinois une \u00ab\u00a0poign\u00e9e de mains\u00a0\u00bb sur la question des<br \/>\nterres rares, dans le sillage d&rsquo;un entretien t\u00e9l\u00e9phonique rare<br \/>\nentre Donald Trump et Xi Jinping la semaine derni\u00e8re. Le<br \/>\npr\u00e9sident am\u00e9ricain a rapport\u00e9 que son homologue chinois est<br \/>\nconvenu de reprendre les livraisons de terres rares.\n<\/p>\n<p>\n Kevin Hassett a d\u00e9clar\u00e9 dans un entretien \u00e0 la cha\u00eene de<br \/>\nt\u00e9l\u00e9vision CNBC que les \u00c9tats-Unis s&rsquo;attendaient \u00e0 ce que les<br \/>\ncontr\u00f4les \u00e0 l&rsquo;exportation soient assouplis par la Chine et \u00e0 ce<br \/>\nque les terres rares soient lib\u00e9r\u00e9es en volume imm\u00e9diatement<br \/>\napr\u00e8s la r\u00e9union.\n<\/p>\n<p>\n MOMENT CRUCIAL\n<\/p>\n<p>\n Les n\u00e9gociations de Londres interviennent \u00e0 un moment<br \/>\ncrucial pour les deux \u00e9conomies, qui montrent des signes de<br \/>\ntension en raison de la cascade de tarifs douaniers impos\u00e9s par<br \/>\nDonald Trump depuis son retour \u00e0 la Maison Blanche en janvier.\n<\/p>\n<p>\n Des donn\u00e9es montrent que les exportations de la Chine vers<br \/>\nles \u00c9tats-Unis ont chut\u00e9 en mai de 34,5% sur un an en valeur,<br \/>\nsoit la plus forte baisse depuis f\u00e9vrier 2020 quand l&rsquo;apparition<br \/>\nde la pand\u00e9mie de COVID-19 a boulevers\u00e9 le commerce mondial.\n<\/p>\n<p>\n Aux \u00c9tats-Unis, la confiance des entreprises et des m\u00e9nages<br \/>\naccusent le coup, tandis que le produit int\u00e9rieur brut (PIB)<br \/>\nam\u00e9ricain s&rsquo;est contract\u00e9 au premier trimestre en raison d&rsquo;une<br \/>\nhausse record des importations, les Am\u00e9ricains ayant anticip\u00e9<br \/>\nleurs achats pour \u00e9viter les hausses de prix anticip\u00e9es.\n<\/p>\n<p>\n Mais pour l&rsquo;instant, l&rsquo;impact sur l&rsquo;inflation a \u00e9t\u00e9 att\u00e9nu\u00e9<br \/>\net le march\u00e9 de l&#8217;emploi am\u00e9ricain est rest\u00e9 relativement<br \/>\nr\u00e9sistant, m\u00eame si les \u00e9conomistes s&rsquo;attendent \u00e0 ce que la<br \/>\nsituation se fragilise d\u00e8s cet \u00e9t\u00e9.\n<\/p>\n<p>\n Le secr\u00e9taire am\u00e9ricain au Tr\u00e9sor, Scott Bessent, le<br \/>\nsecr\u00e9taire am\u00e9ricain au Commerce, Howard Lutnick, et le<br \/>\nrepr\u00e9sentant am\u00e9ricain au Commerce, Jamieson Greer, ainsi qu&rsquo;un<br \/>\ncontingent chinois dirig\u00e9 par le vice-premier ministre He<br \/>\nLifeng, sont pr\u00e9sents \u00e0 Londres pour les n\u00e9gociations.\n<\/p>\n<p>\n La pr\u00e9sence de Howard Lutnick, qui n&rsquo;\u00e9tait pas \u00e0 Gen\u00e8ve le<br \/>\nmois dernier et dont l&rsquo;agence supervise les contr\u00f4les \u00e0<br \/>\nl&rsquo;exportation pour les \u00c9tats-Unis, montre \u00e0 quel point les<br \/>\nterres rares sont devenues essentielles. La Chine d\u00e9tient un<br \/>\nquasi-monopole sur les aimants en terres rares, un composant<br \/>\nessentiel des moteurs de v\u00e9hicules \u00e9lectriques.\n<\/p>\n<p>\n (Reportage de Kate Holton, Alistair Smout et Andrew MacAskill \u00e0<br \/>\nLondres, Trevor Hunnicutt, Dan Burns et Andrea Shalal \u00e0<br \/>\nWashington, Brenda Goh \u00e0 P\u00e9kin; version fran\u00e7aise Nicolas Delame<br \/>\net Jean Terzian)<\/p>\n","protected":false},"excerpt":{"rendered":"De hauts repr\u00e9sentants des Etats-Unis et de la Chine r\u00e9unis lundi \u00e0 Londres pour des n\u00e9gociations commerciales devraient&hellip;\n","protected":false},"author":2,"featured_media":9135,"comment_status":"","ping_status":"","sticky":false,"template":"","format":"standard","meta":{"footnotes":""},"categories":[1589],"tags":[400,11,398,408,405,73,1866,403,402,399,404,12,401,406,1864,1865,1863,308,407],"class_list":{"0":"post-164364","1":"post","2":"type-post","3":"status-publish","4":"format-standard","5":"has-post-thumbnail","7":"category-etats-unis","8":"tag-action-cac-40","9":"tag-actualites","10":"tag-bourse-de-paris","11":"tag-boursorama","12":"tag-cotations","13":"tag-etats-unis","14":"tag-etats-unis-damerique","15":"tag-indices-devises","16":"tag-investir","17":"tag-investissement","18":"tag-marche-boursier","19":"tag-news","20":"tag-sicav","21":"tag-trackers","22":"tag-united-states","23":"tag-united-states-of-america","24":"tag-us","25":"tag-usa","26":"tag-warrants"},"share_on_mastodon":{"url":"https:\/\/pubeurope.com\/@fr\/114656064516308624","error":""},"_links":{"self":[{"href":"https:\/\/www.europesays.com\/fr\/wp-json\/wp\/v2\/posts\/164364","targetHints":{"allow":["GET"]}}],"collection":[{"href":"https:\/\/www.europesays.com\/fr\/wp-json\/wp\/v2\/posts"}],"about":[{"href":"https:\/\/www.europesays.com\/fr\/wp-json\/wp\/v2\/types\/post"}],"author":[{"embeddable":true,"href":"https:\/\/www.europesays.com\/fr\/wp-json\/wp\/v2\/users\/2"}],"replies":[{"embeddable":true,"href":"https:\/\/www.europesays.com\/fr\/wp-json\/wp\/v2\/comments?post=164364"}],"version-history":[{"count":0,"href":"https:\/\/www.europesays.com\/fr\/wp-json\/wp\/v2\/posts\/164364\/revisions"}],"wp:featuredmedia":[{"embeddable":true,"href":"https:\/\/www.europesays.com\/fr\/wp-json\/wp\/v2\/media\/9135"}],"wp:attachment":[{"href":"https:\/\/www.europesays.com\/fr\/wp-json\/wp\/v2\/media?parent=164364"}],"wp:term":[{"taxonomy":"category","embeddable":true,"href":"https:\/\/www.europesays.com\/fr\/wp-json\/wp\/v2\/categories?post=164364"},{"taxonomy":"post_tag","embeddable":true,"href":"https:\/\/www.europesays.com\/fr\/wp-json\/wp\/v2\/tags?post=164364"}],"curies":[{"name":"wp","href":"https:\/\/api.w.org\/{rel}","templated":true}]}}