{"id":164376,"date":"2025-06-09T23:50:16","date_gmt":"2025-06-09T23:50:16","guid":{"rendered":"https:\/\/www.europesays.com\/fr\/164376\/"},"modified":"2025-06-09T23:50:16","modified_gmt":"2025-06-09T23:50:16","slug":"mauvaise-nouvelle-iphone-mirroring-narrivera-pas-en-france-avec-ios-26","status":"publish","type":"post","link":"https:\/\/www.europesays.com\/fr\/164376\/","title":{"rendered":"Mauvaise nouvelle : iPhone Mirroring n&rsquo;arrivera pas en France avec iOS 26"},"content":{"rendered":"<p>Nouveaut\u00e9 majeure d\u2019iOS 18, la fonctionnalit\u00e9 \u00ab Recopie de l\u2019iPhone\u00a0\u00bb permet de contr\u00f4ler l\u2019\u00e9cran de son t\u00e9l\u00e9phone depuis son Mac. Bloqu\u00e9e dans l\u2019Union europ\u00e9enne \u00e0 cause \u00ab\u00a0d\u2019incertitudes r\u00e8glementaires \u00bb, elle ne devrait pas faire son apparition imm\u00e9diate en France et en Europe. <\/p>\n<p>En 2024, avec iOS 18 et macOS Sequoia, Apple avait lanc\u00e9 une fonction tr\u00e8s attendue : <a href=\"https:\/\/www.numerama.com\/tech\/1757518-cette-nouveaute-dans-macos-sequoia-revolutionne-lusage-de-votre-iphone.html\" rel=\"nofollow noopener\" target=\"_blank\">Recopie de l\u2019iPhone<\/a>, ou \u00ab\u00a0iPhone Mirroring\u00a0\u00bb en anglais. Son concept est le suivant : une application permet de contr\u00f4ler l\u2019\u00e9cran de son iPhone depuis un Mac pour naviguer dans les menus, interagir avec les applications ou recevoir ses notifications. iPhone Mirroring permet de ne pas avoir \u00e0 sortir son iPhone quand on travaille : tout appara\u00eet sur le Mac. <\/p>\n<p>Au milieu de l\u2019\u00e9t\u00e9 2024, Apple avait annonc\u00e9 une mauvaise nouvelle \u00e0 ses utilisateurs : Recopie de l\u2019iPhone sera bloqu\u00e9 en Europe <a href=\"https:\/\/www.numerama.com\/tech\/1765196-apple-intelligence-et-la-meilleure-nouveaute-du-mac-narriveront-pas-en-france-a-cause-de-lunion-europeenne.html\" rel=\"nofollow noopener\" target=\"_blank\">\u00e0 cause \u00ab\u00a0d\u2019incertitudes r\u00e8glementaires \u00bb<\/a>. Attaqu\u00e9e par la Commission europ\u00e9enne avec le <a href=\"https:\/\/www.numerama.com\/tag\/digital-markets-act\/\" rel=\"nofollow noopener\" target=\"_blank\">DMA<\/a>, la marque californienne jugeait d\u00e9licat de lancer un tel service en Europe, par peur que la Commission consid\u00e8re le Mac comme une plateforme capable de faire tourner des applications iPhone. Beaucoup esp\u00e9raient que le nouveau <a href=\"https:\/\/www.numerama.com\/tech\/1978509-ios-26-nouveautes-date-de-sortie-iphone-compatibles-tout-sur-la-mise-a-jour.html\" data-type=\"post\" data-id=\"1978509\" rel=\"nofollow noopener\" target=\"_blank\">iOS 26<\/a> d\u00e9bloque cette situation, mais ce n\u2019est pas pr\u00e9vu. <\/p>\n<\/p>\n<p>            Ce contenu est bloqu\u00e9 car vous n\u2019avez pas accept\u00e9 les cookies et autres traceurs. Ce contenu est fourni par YouTube.<br \/>Pour pouvoir le visualiser, vous devez accepter l\u2019usage \u00e9tant op\u00e9r\u00e9 par YouTube avec vos donn\u00e9es qui pourront \u00eatre utilis\u00e9es pour les finalit\u00e9s suivantes : vous permettre de visualiser et de partager des contenus avec des m\u00e9dias sociaux, favoriser le d\u00e9veloppement et l\u2019am\u00e9lioration des produits d\u2019Humanoid et de ses partenaires, vous afficher des publicit\u00e9s personnalis\u00e9es par rapport \u00e0 votre profil et activit\u00e9, vous d\u00e9finir un profil publicitaire personnalis\u00e9, mesurer la performance des publicit\u00e9s et du contenu de ce site et mesurer l\u2019audience de ce site <a href=\"#\" class=\"js-privacy\" target=\"_blank\">(en savoir plus)<\/a>        <\/p>\n<p>            En cliquant sur \u00ab J\u2019accepte tout \u00bb, vous consentez aux finalit\u00e9s susmentionn\u00e9es pour l\u2019ensemble des cookies et autres traceurs d\u00e9pos\u00e9s par Humanoid et <a class=\"embed-consent-overlay-vendors-link\" href=\"#preferences-vendeurs\">ses partenaires<\/a>.        <\/p>\n<p>            Vous gardez la possibilit\u00e9 de retirer votre consentement \u00e0 tout moment. Pour plus d\u2019informations, nous vous invitons \u00e0 prendre connaissance de notre <a href=\"https:\/\/www.numerama.com\/politique-cookies\" rel=\"nofollow noopener\" target=\"_blank\">Politique cookies<\/a>.        <\/p>\n<p>        J\u2019accepte tout    <\/p>\n<p class=\"embed-consent-overlay-manage-choices\">        <a href=\"#preferences-publicitaires\">G\u00e9rer mes choix<\/a>    <\/p>\n<p>iPhone Mirroring en Europe attendra <\/p>\n<p>            <img decoding=\"async\" width=\"1024\" height=\"396\" loading=\"lazy\" alt=\"BIT BOX 3\" title=\"BIT BOX 3\" class=\"is-block placeholder-default wp-image\" src=\"https:\/\/www.europesays.com\/fr\/wp-content\/uploads\/2025\/06\/bit-box-3-1024x396.jpg\" \/>        <\/p>\n<p>\n                Vos donn\u00e9es m\u00e9ritent d\u2019\u00eatre mieux prot\u00e9g\u00e9es.            <\/p>\n<p>\n                Les escroqueries, les virus et les ransomwares ne sont plus une fatalit\u00e9. Prot\u00e9gez votre vie priv\u00e9e et vos donn\u00e9es personnelles avec Bitdefender et profitez de votre vie num\u00e9rique en toute s\u00e9r\u00e9nit\u00e9.            <\/p>\n<p>En d\u00e9placement \u00e0 Cupertino \u00e0 l\u2019occasion de la <a href=\"https:\/\/www.numerama.com\/tag\/wwdc-2025\/\" rel=\"nofollow noopener\" target=\"_blank\">WWDC 2025<\/a>, Numerama a eu l\u2019occasion de s\u2019entretenir avec plusieurs responsables d\u2019Apple sur la question de l\u2019Union europ\u00e9enne. Apple confirme qu\u2019iOS 26 ne d\u00e9bloquera pas la situation de Recopie de l\u2019iPhone, qui reste totalement bloqu\u00e9 depuis l\u2019Union europ\u00e9enne. <\/p>\n<p><a href=\"https:\/\/www.numerama.com\/wp-content\/uploads\/2024\/06\/wwdc-2024-june-10-apple-56-20-screenshot.jpg\" rel=\"nofollow noopener\" target=\"_blank\"><img decoding=\"async\" width=\"1024\" height=\"576\" loading=\"lazy\" alt=\"La fonction iPhone Mirroring de macOS Sequoia \/\/ Source : Capture d'\u00e9cran Numerama\" title=\"La fonction iPhone Mirroring de macOS Sequoia \/\/ Source : Capture d'\u00e9cran Numerama\" class=\"wp-image-1757504 placeholder-default wp-image\" src=\"https:\/\/www.europesays.com\/fr\/wp-content\/uploads\/2025\/06\/wwdc-2024-june-10-apple-56-20-screenshot-1024x576.jpg\" \/><\/a>La fonction iPhone Mirroring de macOS Sequoia \/\/ Source : Capture d\u2019\u00e9cran Numerama<\/p>\n<p>Apple explique \u00e0 Numerama travailler pour rendre toutes ces nouvelles fonctions compatibles, mais avoir encore trop de doutes sur la mani\u00e8re dont l\u2019Union europ\u00e9enne pourrait juger ses fonctions. Pour l\u2019instant, iPhone Mirroring reste donc bloqu\u00e9, avec pour espoir de le rendre fonctionnel partout le jour o\u00f9 la marque et ses juristes trouveront une solution. <\/p>\n<p><a href=\"https:\/\/www.numerama.com\/wp-content\/uploads\/2025\/06\/image-2-4.jpg\" rel=\"nofollow noopener\" target=\"_blank\"><img decoding=\"async\" width=\"790\" height=\"556\" loading=\"lazy\" alt=\"iPhone Mirroring a un nouveau logo avec macOS 26, mais ne d\u00e9marre pas en France.\" title=\"iPhone Mirroring a un nouveau logo avec macOS 26, mais ne d\u00e9marre pas en France.\" class=\"wp-image-1988273 placeholder-default wp-image\" src=\"https:\/\/www.europesays.com\/fr\/wp-content\/uploads\/2025\/06\/image-2-4.jpg\" \/><\/a>iPhone Mirroring a un nouveau logo avec macOS 26, mais ne d\u00e9marre pas en France. \/\/ Source : Capture X<\/p>\n<p>Quel est le probl\u00e8me avec l\u2019Europe ? Apple ne l\u2019explique pas tr\u00e8s clairement, mais laisse entendre que les demandes d\u2019ouverture de l\u2019Union europ\u00e9enne cr\u00e9e des incertitudes. Il est probable que la marque suspecte l\u2019Europe de la forcer \u00e0 ouvrir macOS aux appareils autres que l\u2019iPhone si cette fonction venait \u00e0 arriver. Un iPhone Mirroring obligatoire sur Windows ou un Android Mirroring sur Mac pourraient ne pas \u00eatre dans ses plans. L\u2019autre probabilit\u00e9 est la question des gatekeepers, \u00e9voqu\u00e9es en 2024. Apple aurait peur que macOS soit inscrit sur la liste des plateformes surveill\u00e9es s\u2019il peut \u00e9muler iOS, un des gatekeepers surveill\u00e9s par l\u2019Europe. <\/p>\n<p>D\u2019autres nouveaut\u00e9s d\u2019iOS 26 possiblement bloqu\u00e9es en Europe <\/p>\n<p>Il y a plusieurs semaines, <a href=\"https:\/\/www.numerama.com\/tech\/1929515-leurope-exige-des-changements-sur-liphone-apple-menace-de-repousser-ses-futures-fonctions.html\" rel=\"nofollow noopener\" target=\"_blank\">Apple avait indiqu\u00e9 possible que d\u2019autres nouveaut\u00e9s soient bloqu\u00e9es dans l\u2019Europe \u00e0 l\u2019avenir<\/a>. Quid des nouveaut\u00e9s d\u2019iOS 26 ? Apple ne se prononce pas pour l\u2019instant, puisqu\u2019il doit v\u00e9rifier la compatibilit\u00e9 de ses nouvelles fonctions avec l\u2019Union europ\u00e9enne. Certaines nouveaut\u00e9s, comme l\u2019application T\u00e9l\u00e9phone sur Mac pour passer des appels avec son iPhone, semble difficilement compatible avec la vision de l\u2019Europe. <\/p>\n<p>Interrog\u00e9 par Numerama, Apple promet qu\u2019il compte tout faire pour rendre tous ses services disponibles partout. Mais, en l\u2019\u00e9tat, il n\u2019y a pas d\u2019\u00e9claircie pr\u00e9vue pour les fonctions bloqu\u00e9es en Europe. <\/p>\n<p>    Pour aller plus loin<\/p>\n<p>                <img decoding=\"async\" width=\"87\" height=\"87\" loading=\"lazy\" alt=\"Capture d\u2019e\u0301cran 2025-06-09 a\u0300 19.12.57\" title=\"Capture d\u2019e\u0301cran 2025-06-09 a\u0300 19.12.57\" class=\"placeholder-default wp-image\" src=\"https:\/\/www.europesays.com\/fr\/wp-content\/uploads\/2025\/06\/capture-decran-2025-06-09-a-191257-200x200.jpg\" \/>            <\/p>\n<p>            <img decoding=\"async\" src=\"https:\/\/www.europesays.com\/fr\/wp-content\/uploads\/2025\/04\/iPhone-16-pro.png\" alt=\"Toute l'actu tech en un clien d'oeil\"\/><\/p>\n<p class=\"card-install-pwa__title\">Toute l&rsquo;actu tech en un clin d&rsquo;\u0153il<\/p>\n<p class=\"card-install-pwa__description\">Ajoutez Numerama \u00e0 votre \u00e9cran d&rsquo;accueil et restez connect\u00e9s au futur !<\/p>\n<p>            <img decoding=\"async\" src=\"https:\/\/www.europesays.com\/fr\/wp-content\/uploads\/2025\/04\/logo-card-pwa-coupe.svg.svg+xml\" alt=\"Logo PWA\"\/><\/p>\n<p>       Installer Numerama<\/p>\n","protected":false},"excerpt":{"rendered":"Nouveaut\u00e9 majeure d\u2019iOS 18, la fonctionnalit\u00e9 \u00ab Recopie de l\u2019iPhone\u00a0\u00bb permet de contr\u00f4ler l\u2019\u00e9cran de son t\u00e9l\u00e9phone depuis&hellip;\n","protected":false},"author":2,"featured_media":164377,"comment_status":"","ping_status":"","sticky":false,"template":"","format":"standard","meta":{"footnotes":""},"categories":[4],"tags":[11,4122,674,1011,27,28923,29730,12,25,364,26136],"class_list":{"0":"post-164376","1":"post","2":"type-post","3":"status-publish","4":"format-standard","5":"has-post-thumbnail","7":"category-france","8":"tag-actualites","9":"tag-digital-markets-act-dma","10":"tag-europe","11":"tag-fr","12":"tag-france","13":"tag-ios-26","14":"tag-macos-tahoe","15":"tag-news","16":"tag-republique-francaise","17":"tag-union-europeenne","18":"tag-wwdc-2025"},"share_on_mastodon":{"url":"https:\/\/pubeurope.com\/@fr\/114656092298344345","error":""},"_links":{"self":[{"href":"https:\/\/www.europesays.com\/fr\/wp-json\/wp\/v2\/posts\/164376","targetHints":{"allow":["GET"]}}],"collection":[{"href":"https:\/\/www.europesays.com\/fr\/wp-json\/wp\/v2\/posts"}],"about":[{"href":"https:\/\/www.europesays.com\/fr\/wp-json\/wp\/v2\/types\/post"}],"author":[{"embeddable":true,"href":"https:\/\/www.europesays.com\/fr\/wp-json\/wp\/v2\/users\/2"}],"replies":[{"embeddable":true,"href":"https:\/\/www.europesays.com\/fr\/wp-json\/wp\/v2\/comments?post=164376"}],"version-history":[{"count":0,"href":"https:\/\/www.europesays.com\/fr\/wp-json\/wp\/v2\/posts\/164376\/revisions"}],"wp:featuredmedia":[{"embeddable":true,"href":"https:\/\/www.europesays.com\/fr\/wp-json\/wp\/v2\/media\/164377"}],"wp:attachment":[{"href":"https:\/\/www.europesays.com\/fr\/wp-json\/wp\/v2\/media?parent=164376"}],"wp:term":[{"taxonomy":"category","embeddable":true,"href":"https:\/\/www.europesays.com\/fr\/wp-json\/wp\/v2\/categories?post=164376"},{"taxonomy":"post_tag","embeddable":true,"href":"https:\/\/www.europesays.com\/fr\/wp-json\/wp\/v2\/tags?post=164376"}],"curies":[{"name":"wp","href":"https:\/\/api.w.org\/{rel}","templated":true}]}}