{"id":164392,"date":"2025-06-10T00:00:12","date_gmt":"2025-06-10T00:00:12","guid":{"rendered":"https:\/\/www.europesays.com\/fr\/164392\/"},"modified":"2025-06-10T00:00:12","modified_gmt":"2025-06-10T00:00:12","slug":"cyril-feraud-40-ans-est-bien-parent-avec-michel-barnier-le-secret-familial-revele-aux-yeux-de-tous","status":"publish","type":"post","link":"https:\/\/www.europesays.com\/fr\/164392\/","title":{"rendered":"Cyril F\u00e9raud, 40 ans, est bien parent avec Michel Barnier, le secret familial r\u00e9v\u00e9l\u00e9 aux yeux de tous"},"content":{"rendered":"<p>Cyril F\u00e9raud respire la bonne humeur. Depuis ses d\u00e9buts dans<br \/>\nFort Boyard, ce dernier a su \u00e9voluer et \u00e0 se hisser jusqu\u2019\u00e0 devenir<br \/>\nune figure phare du PAF. Une nouvelle notori\u00e9t\u00e9 qu\u2019il a eue gr\u00e2ce \u00e0<br \/>\nson \u00e9mission Slam. Un programme qu\u2019il a dirig\u00e9 pendant plus d\u2019une<br \/>\nd\u00e9cennie avant de se retrouver sur le plateau de Tout le monde veut<br \/>\nprendre sa place. Mais ce n\u2019est pas la seule \u00e9mission de Cyril<br \/>\nF\u00e9raud. En effet, l\u2019animateur est \u00e9galement aux commandes de<br \/>\nnombreux programmes comme Duels en familles, Le Quiz des Champions<br \/>\nou encore La Carte aux tr\u00e9sors.<\/p>\n<p>Une \u00e9volution incroyable<\/p>\n<p>Cyril F\u00e9raud est partout. En effet, l\u2019animateur encha\u00eene les<br \/>\n\u00e9missions. Malgr\u00e9 tout, il conserve la m\u00eame \u00e9nergie et son sourire<br \/>\nradieux, car il aime ce qu\u2019il fait. \u201c<strong>Je suis toujours<br \/>\nfier de pr\u00e9senter des \u00e9missions<\/strong> qui sont regard\u00e9es aussi<br \/>\nbien par des mamies que par des mamans et des enfants\u201d, a-t-il<br \/>\nconfi\u00e9.<\/p>\n<p>Conscient de son \u00e9volution, <a href=\"https:\/\/www.melty.fr\/people\/cyril-feraud-papa-ce-que-tim-a-change-dans-sa-vie-professionnelle-je-pars-de-chez-moi-2219746.html\" target=\"_blank\" rel=\"noopener\"><br \/>\nle papa de Tim<\/a> a ajout\u00e9 : \u201c<strong>Au fur et \u00e0 mesure des<br \/>\nann\u00e9es, j\u00a0\u00bbai vu mon public \u00e9voluer.<\/strong> Avec Slam, je touche<br \/>\nles seniors. Puis j&rsquo;ai aussi touch\u00e9 les enfants gr\u00e2ce \u00e0 Fort Boyard<br \/>\net enfin un public familial avec les primes du samedi soir.<br \/>\n<strong>Je mesure la chance que j&rsquo;ai de m&rsquo;adresser \u00e0 la fois aux<br \/>\nplus jeunes et aux plus \u00e2g\u00e9s.<\/strong>\u201d Malgr\u00e9 son emploi du<br \/>\ntemps charg\u00e9, Cyril F\u00e9raud ne n\u00e9glige pas sa famille.<\/p>\n<p>Cyril F\u00e9raud et Michel Barnier li\u00e9s par le sang<\/p>\n<p>\u00catre sur tous les fronts n\u2019est pas une mince affaire. Toutefois,<br \/>\nce n\u2019est pas cela qui va emp\u00eacher Cyril F\u00e9raud de passer du temps<br \/>\navec son fils Tim. Mais aussi des membres de sa famille.<br \/>\nD\u2019ailleurs, <a href=\"https:\/\/www.melty.fr\/people\/cyril-feraud-passe-aux-aveux-et-devoile-cette-mauvaise-habitude-du-quotidien-jen-bois-plus-quavant-2235212.html\" target=\"_blank\" rel=\"noopener\"><br \/>\nl\u2019animateur qui a r\u00e9v\u00e9l\u00e9 cette mauvaise habitude qu&rsquo;il a au<br \/>\nquotidien<\/a> est <strong>tr\u00e8s proche de ses siens<\/strong> et ne<br \/>\nmanque pas l\u2019occasion de le montrer, notamment sur les r\u00e9seaux<br \/>\nsociaux.<\/p>\n<p><strong>\u00ab\u00a0Croyez-le ou non, mais le site Geneanet, sp\u00e9cialis\u00e9<br \/>\ndans la g\u00e9n\u00e9alogie, a mis en \u00e9vidence un lien de parent\u00e9 entre<br \/>\nCyril F\u00e9raud et Michel Barnier&#8230; et non pas avec Mich\u00e8le Bernier,<br \/>\nelle-m\u00eame confondue avec l&rsquo;ancien premier ministre<\/strong>\u00ab\u00a0,<br \/>\ncomme nous l\u2019a confirm\u00e9 le journaliste Jason Mathurin, que nous<br \/>\navons consult\u00e9 pour notre enqu\u00eate.<\/p>\n<p>Cela est surprenant, mais le producteur a des liens avec<br \/>\nl\u2019ex-Premier ministre. Comme le rapportent nos confr\u00e8res de<br \/>\nDauphin\u00e9, les deux hommes sont des cousins \u00e9loign\u00e9s.<br \/>\n<strong>Tr\u00e8s \u00e9loign\u00e9s m\u00eame, car il faut remonter \u00e0 dix<br \/>\ng\u00e9n\u00e9rations<\/strong> pour voir l\u2019origine du lien entre Michel<br \/>\nBarnier et Cyril F\u00e9raud. D\u2019apr\u00e8s le r\u00e9sultat consultable sur le<br \/>\nsite Geneanet, leur parent\u00e9 provient d\u2019un couple qui s\u2019est mari\u00e9 en<br \/>\n1966 \u00e0 Tanaron, dans les Alpes-de-Haute-Provence.<\/p>\n<p><strong>\u201cLe lien de famille qui unit Cyril F\u00e9raud \u00e0 Michel<br \/>\nBarnier remonte \u00e0 la toute fin du 17\u00e8me si\u00e8cle, soit 10 g\u00e9n\u00e9rations<br \/>\nplus t\u00f4t. Leur anc\u00eatre commun est originaire de Tanaron, dans les<br \/>\nAlpes-de-Haute-Provence. Ce qui en fait donc des cousins tr\u00e8s, tr\u00e8s<br \/>\n\u00e9loign\u00e9s\u201d<\/strong>, nous a pr\u00e9cis\u00e9 Jason Mathurin.<\/p>\n<p>Mich\u00e8le Bernier souvent prise pour<br \/>\nl\u2019ex-Premier ministre<\/p>\n<p>C\u2019est une information qui a surpris plus d\u2019un. En effet,<br \/>\npersonne ne pouvait imaginer que Cyril F\u00e9raud et Michel Barnier ont<br \/>\nun lien de parent\u00e9. Reste \u00e0 savoir si ces derniers sont au courant<br \/>\nde cette information. Par contre, si les gens devaient chercher un<br \/>\nlien avec Michel Barnier, ils se seraient tourn\u00e9s vers Mich\u00e8le<br \/>\nBernier.<\/p>\n<p>En effet, la ressemblance de leur nom et pr\u00e9nom ne laisse pas<br \/>\ncertains indiff\u00e9rents. D\u2019ailleurs, <strong>cette derni\u00e8re a r\u00e9v\u00e9l\u00e9<br \/>\navoir vraiment \u201cbav\u00e9\u201d<\/strong> lorsqu&rsquo;il \u00e9tait encore \u00e0 Matignon.<br \/>\n\u201cC&rsquo;\u00e9tait dingue. D\u00e9j\u00e0, souvent les gens me disent &lsquo;Mich\u00e8le<br \/>\nMercier, Mich\u00e8le Barnier, Michel Berger&rsquo;. Bon \u00e7a, j&rsquo;ai un peu<br \/>\nl&rsquo;habitude, mais l\u00e0, d&rsquo;un coup, Premier ministre ! Cela devenait de<br \/>\nla folie !\u201d, avait-elle r\u00e9v\u00e9l\u00e9 sur les ondes d\u2019Europe 1.<\/p>\n","protected":false},"excerpt":{"rendered":"Cyril F\u00e9raud respire la bonne humeur. Depuis ses d\u00e9buts dans Fort Boyard, ce dernier a su \u00e9voluer et&hellip;\n","protected":false},"author":2,"featured_media":164393,"comment_status":"","ping_status":"","sticky":false,"template":"","format":"standard","meta":{"footnotes":""},"categories":[1359],"tags":[905,4642,58,59,1011,27,27636,973],"class_list":{"0":"post-164392","1":"post","2":"type-post","3":"status-publish","4":"format-standard","5":"has-post-thumbnail","7":"category-people","8":"tag-a-la-une-melty","9":"tag-cyril-feraud","10":"tag-divertissement","11":"tag-entertainment","12":"tag-fr","13":"tag-france","14":"tag-michel-barnier","15":"tag-people"},"share_on_mastodon":{"url":"https:\/\/pubeurope.com\/@fr\/114656131366545252","error":""},"_links":{"self":[{"href":"https:\/\/www.europesays.com\/fr\/wp-json\/wp\/v2\/posts\/164392","targetHints":{"allow":["GET"]}}],"collection":[{"href":"https:\/\/www.europesays.com\/fr\/wp-json\/wp\/v2\/posts"}],"about":[{"href":"https:\/\/www.europesays.com\/fr\/wp-json\/wp\/v2\/types\/post"}],"author":[{"embeddable":true,"href":"https:\/\/www.europesays.com\/fr\/wp-json\/wp\/v2\/users\/2"}],"replies":[{"embeddable":true,"href":"https:\/\/www.europesays.com\/fr\/wp-json\/wp\/v2\/comments?post=164392"}],"version-history":[{"count":0,"href":"https:\/\/www.europesays.com\/fr\/wp-json\/wp\/v2\/posts\/164392\/revisions"}],"wp:featuredmedia":[{"embeddable":true,"href":"https:\/\/www.europesays.com\/fr\/wp-json\/wp\/v2\/media\/164393"}],"wp:attachment":[{"href":"https:\/\/www.europesays.com\/fr\/wp-json\/wp\/v2\/media?parent=164392"}],"wp:term":[{"taxonomy":"category","embeddable":true,"href":"https:\/\/www.europesays.com\/fr\/wp-json\/wp\/v2\/categories?post=164392"},{"taxonomy":"post_tag","embeddable":true,"href":"https:\/\/www.europesays.com\/fr\/wp-json\/wp\/v2\/tags?post=164392"}],"curies":[{"name":"wp","href":"https:\/\/api.w.org\/{rel}","templated":true}]}}