{"id":164394,"date":"2025-06-10T00:01:38","date_gmt":"2025-06-10T00:01:38","guid":{"rendered":"https:\/\/www.europesays.com\/fr\/164394\/"},"modified":"2025-06-10T00:01:38","modified_gmt":"2025-06-10T00:01:38","slug":"quand-le-bronze-a-rendez-vous-avec-la-nature-au-parc-de-sculptures-du-musee-saint-roch-dissoudun","status":"publish","type":"post","link":"https:\/\/www.europesays.com\/fr\/164394\/","title":{"rendered":"Quand le bronze a rendez-vous avec la nature au parc de sculptures du Mus\u00e9e Saint-Roch d\u2019Issoudun"},"content":{"rendered":"<p>C\u2019est son \u00e9crin. Son espace. Ludovic Bailly, apr\u00e8s avoir pass\u00e9 de longues ann\u00e9es au fleurissement de la Ville d\u2019Issoudun, s\u2019est vu confier, entre autres, le parc de sculptures du Mus\u00e9e Saint-Roch. C\u2019est d\u00e9sormais lui, depuis cinq ans, qui jongle avec le fleurissement de cet espace privil\u00e9gi\u00e9. Pas question de tailler au cordeau. \u00ab\u00a0Il faut laisser aussi faire la nature. Il faut juste ne pas se laisser envahir et surtout, faire en sorte que l\u2019on voit toujours les \u0153uvres\u00a0\u00bb confie-t-il.<\/p>\n<p>Pour la cinqui\u00e8me ann\u00e9e, le Mus\u00e9e Saint-Roch participe aux Rendez-vous aux jardins, \u00e9v\u00e9nement culturel national qui existe depuis vingt-deux\u00a0ans. L\u2019occasion pour le public de, bien s\u00fbr, d\u00e9couvrir ou red\u00e9couvrir les sculptures expos\u00e9es mais \u00e9galement de d\u00e9ambuler dans ce parc de 5.000\u00a0m2 qui ne cesse de s\u2019embellir avec une nature s\u2019\u00e9toffant au fil des ans&#8230;. <\/p>\n<p>    Cet article a \u00e9t\u00e9 tronqu\u00e9. Abonnez-vous pour lire l&rsquo;article complet sur notre site.<\/p>\n<p style=\"margin: 0 !important; padding: 0 !important; font-size: 12px !important;\">Cet article a \u00e9t\u00e9 tronqu\u00e9. Abonnez-vous pour lire l&rsquo;article complet.<\/p>\n<p>    <a href=\"https:\/\/www.lanouvellerepublique.fr\/abonnements\" style=\"display: inline-block; margin-top: 5px !important; padding: 6px 12px !important; background: #cb1c27; color: white; text-decoration: none; border-radius: 4px; font-size: 12px !important;\" rel=\"nofollow noopener\" target=\"_blank\"><br \/>\n      S&rsquo;abonner<br \/>\n    <\/a><\/p>\n","protected":false},"excerpt":{"rendered":"C\u2019est son \u00e9crin. Son espace. Ludovic Bailly, apr\u00e8s avoir pass\u00e9 de longues ann\u00e9es au fleurissement de la Ville&hellip;\n","protected":false},"author":2,"featured_media":164395,"comment_status":"","ping_status":"","sticky":false,"template":"","format":"standard","meta":{"footnotes":""},"categories":[1358],"tags":[1392,1348,1384,1385,1386,58,59,1011,27,10802,1393,29736],"class_list":{"0":"post-164394","1":"post","2":"type-post","3":"status-publish","4":"format-standard","5":"has-post-thumbnail","7":"category-arts-et-design","8":"tag-a-la-une-local","9":"tag-arts","10":"tag-arts-and-design","11":"tag-arts-et-design","12":"tag-design","13":"tag-divertissement","14":"tag-entertainment","15":"tag-fr","16":"tag-france","17":"tag-issoudun","18":"tag-loisirs","19":"tag-pays-dissoudun"},"share_on_mastodon":{"url":"https:\/\/pubeurope.com\/@fr\/114656135397349106","error":""},"_links":{"self":[{"href":"https:\/\/www.europesays.com\/fr\/wp-json\/wp\/v2\/posts\/164394","targetHints":{"allow":["GET"]}}],"collection":[{"href":"https:\/\/www.europesays.com\/fr\/wp-json\/wp\/v2\/posts"}],"about":[{"href":"https:\/\/www.europesays.com\/fr\/wp-json\/wp\/v2\/types\/post"}],"author":[{"embeddable":true,"href":"https:\/\/www.europesays.com\/fr\/wp-json\/wp\/v2\/users\/2"}],"replies":[{"embeddable":true,"href":"https:\/\/www.europesays.com\/fr\/wp-json\/wp\/v2\/comments?post=164394"}],"version-history":[{"count":0,"href":"https:\/\/www.europesays.com\/fr\/wp-json\/wp\/v2\/posts\/164394\/revisions"}],"wp:featuredmedia":[{"embeddable":true,"href":"https:\/\/www.europesays.com\/fr\/wp-json\/wp\/v2\/media\/164395"}],"wp:attachment":[{"href":"https:\/\/www.europesays.com\/fr\/wp-json\/wp\/v2\/media?parent=164394"}],"wp:term":[{"taxonomy":"category","embeddable":true,"href":"https:\/\/www.europesays.com\/fr\/wp-json\/wp\/v2\/categories?post=164394"},{"taxonomy":"post_tag","embeddable":true,"href":"https:\/\/www.europesays.com\/fr\/wp-json\/wp\/v2\/tags?post=164394"}],"curies":[{"name":"wp","href":"https:\/\/api.w.org\/{rel}","templated":true}]}}