{"id":164412,"date":"2025-06-10T00:10:13","date_gmt":"2025-06-10T00:10:13","guid":{"rendered":"https:\/\/www.europesays.com\/fr\/164412\/"},"modified":"2025-06-10T00:10:13","modified_gmt":"2025-06-10T00:10:13","slug":"a-londres-washington-et-pekin-en-recherche-dun-terrain-dentente-commercial-actualites","status":"publish","type":"post","link":"https:\/\/www.europesays.com\/fr\/164412\/","title":{"rendered":"A Londres, Washington et P\u00e9kin en recherche d&rsquo;un terrain d&rsquo;entente commercial : Actualit\u00e9s"},"content":{"rendered":"<p class=\"lead \">La Chine et les Etats-Unis vont reprendre mardi leur deuxi\u00e8me cycle de n\u00e9gociations, apr\u00e8s une premi\u00e8re journ\u00e9e dont peu a transpir\u00e9 et avec la volont\u00e9 affich\u00e9e de consolider la fragile tr\u00eave commerciale arrach\u00e9e il y a un mois \u00e0 Gen\u00e8ve.<\/p>\n<p class=\"lead \">D\u00e9but\u00e9es en d\u00e9but d&rsquo;apr\u00e8s-midi lundi selon l&rsquo;agence officielle Chine nouvelle, les discussions vont reprendre mardi \u00e0 partir de 10H00, heure locale (09H00 GMT), dans le c\u00e9l\u00e8bre palais de Lancaster House, a confirm\u00e9 \u00e0 l&rsquo;AFP une source proche du dossier.<\/p>\n<p class=\"lead \">Les \u00e9changes entre les deux premi\u00e8res puissances \u00e9conomiques sont suivis de pr\u00e8s par les march\u00e9s. Ils devraient \u00eatre moins productifs qu&rsquo;en Suisse, o\u00f9 P\u00e9kin et Washington avaient convenu d&rsquo;abaisser consid\u00e9rablement leurs droits de douane respectifs pour 90 jours, estiment les analystes.<\/p>\n<p class=\"lead \">\u00ab\u00a0J&rsquo;ai de bons \u00e9chos. Tout se passe bien avec la Chine. Mais la Chine n&rsquo;est pas facile\u00a0\u00bb, a d\u00e9clar\u00e9 en fin de journ\u00e9e \u00e0 la presse le pr\u00e9sident am\u00e9ricain Donald Trump. \u00ab\u00a0Nous souhaitons ouvrir la Chine et si nous n&rsquo;y parvenons pas, nous ne ferons sans doute pas de geste\u00a0\u00bb en leur faveur, a-t-il ajout\u00e9.<\/p>\n<p class=\"lead \"> La Chine est repr\u00e9sent\u00e9e, par son vice-Premier ministre, He Lifang, comme \u00e0 Gen\u00e8ve, accompagn\u00e9 de son ministre du Commerce Wang Wentao et du repr\u00e9sentant au Commerce international, Li Chenggang.<\/p>\n<p class=\"lead \">C\u00f4t\u00e9 am\u00e9ricain, trois membres du gouvernement sont pr\u00e9sents: le secr\u00e9taire au Tr\u00e9sor, Scott Bessent, celui au Commerce, Howard Lutnick, et le repr\u00e9sentant de la Maison Blanche pour le Commerce (USTR), Jamieson Greer.<\/p>\n<p class=\"lead \">Cette rencontre intervient apr\u00e8s un \u00e9change t\u00e9l\u00e9phonique jeudi entre les pr\u00e9sidents am\u00e9ricain et chinois, conversation qualifi\u00e9e de \u00ab\u00a0tr\u00e8s positive\u00a0\u00bb par Donald Trump, tandis que Xi Jinping a demand\u00e9 \u00e0 son homologue de \u00ab\u00a0redresser la trajectoire du grand navire des relations sino-am\u00e9ricaines\u00a0\u00bb, selon la presse chinoise.<\/p>\n<p class=\"lead \">Elles font \u00e9galement suite \u00e0 un brusque acc\u00e8s de tension la semaine pass\u00e9e, le pr\u00e9sident am\u00e9ricain ayant accus\u00e9 P\u00e9kin de ne pas respecter les termes de l&rsquo;accord de d\u00e9sescalade sign\u00e9 \u00e0 Gen\u00e8ve.<\/p>\n<p class=\"lead \">\u00ab\u00a0A Gen\u00e8ve, nous avons accept\u00e9 d&rsquo;abaisser nos droits de douane et eux de permettre l&rsquo;exportation d&rsquo;aimants et terres rares dont nous avons besoin\u00a0\u00bb, a soulign\u00e9 Kevin Hasset, le principal conseiller \u00e9conomique de M. Trump, sur CNBC.<\/p>\n<p class=\"lead \">Mais, selon lui, si la Chine a permis ces exportations, \u00ab\u00a0cela s&rsquo;est fait \u00e0 un rythme bien plus r\u00e9duit que celui consid\u00e9r\u00e9 comme optimal par les entreprises\u00a0\u00bb.<\/p>\n<p class=\"lead \">&#8211; Lever le contr\u00f4le des exportations &#8211;<\/p>\n<p class=\"lead \">Les terres rares de la Chine, source de discorde entre les deux pays, devraient constituer un enjeu clef des n\u00e9gociations. Ces mati\u00e8res premi\u00e8res sont cruciales pour toute une gamme de produits, dont les batteries de v\u00e9hicules \u00e9lectriques.<\/p>\n<p class=\"lead \"><img decoding=\"async\" class=\"w-100\" src=\"https:\/\/www.europesays.com\/fr\/wp-content\/uploads\/2025\/06\/2275\/actu\/afp-news\/bea9c7dc-539d-44e1-90b2-9cb597621485-3.jpg\" alt=\"\"\/> Selon Kathleen Brooks, directrice de recherche pour XTB, \u00ab\u00a0les \u00c9tats-Unis souhaitent que soient r\u00e9tabli\u00a0\u00bb le rythme des exp\u00e9ditions de ces m\u00e9taux strat\u00e9giques, qui a ralenti depuis le lancement par Donald Trump de sa guerre commerciale d\u00e9but avril.<\/p>\n<p class=\"lead \">Quant \u00e0 la Chine, elle aimerait \u00ab\u00a0que les \u00c9tats-Unis reconsid\u00e8rent les restrictions \u00e0 l&rsquo;immigration des \u00e9tudiants, les limitations d&rsquo;acc\u00e8s aux technologies avanc\u00e9es, notamment aux microprocesseurs, et facilitent l&rsquo;acc\u00e8s des fournisseurs technologiques chinois aux consommateurs am\u00e9ricains\u00a0\u00bb, ajoute-t-elle.<\/p>\n<p class=\"lead \">Interrog\u00e9 sur la possibilit\u00e9 de lever certains contr\u00f4les aux exportations, M. Trump s&rsquo;est content\u00e9 d&rsquo;un \u00ab\u00a0nous verrons bien\u00a0\u00bb \u00e9vasif.<\/p>\n<p class=\"lead \">Pour M. Hassett, l&rsquo;objectif est \u00ab\u00a0une franche et forte poign\u00e9e de main\u00a0\u00bb apr\u00e8s laquelle \u00ab\u00a0le contr\u00f4le des exportations par les Etats-Unis sera lev\u00e9 et les terres rares (de Chine, NDLR) arriveront en quantit\u00e9\u00a0\u00bb.<\/p>\n<p class=\"lead \">En Suisse, Washington avait accept\u00e9 de ramener les droits de douane sur les produits chinois de 145% \u00e0 30%, en \u00e9change d&rsquo;un mouvement similaire par P\u00e9kin de 125% \u00e0 10% sur les produits am\u00e9ricains, pour 90 jours.<\/p>\n<p class=\"lead \">Mais les d\u00e9g\u00e2ts sont d\u00e9j\u00e0 r\u00e9els, avec une baisse de 12,7% des exportations chinoises vers les Etats-Unis en mai par rapport \u00e0 avril, selon les statistiques officielles.<\/p>\n<p class=\"lead \">Tout en travaillant \u00e0 la normalisation des relations avec Washington, le gouvernement chinois s&rsquo;est lanc\u00e9 dans des discussions avec ses autres partenaires pour constituer un front commun face aux \u00c9tats-Unis, Japon et Cor\u00e9e du Sud en t\u00eate, mais aussi le Canada, avec qui les liens bilat\u00e9raux sont tendus.<\/p>\n<p class=\"lead \">P\u00e9kin a \u00e9galement propos\u00e9 \u00e0 l&rsquo;Union europ\u00e9enne un \u00ab\u00a0canal vert\u00a0\u00bb pour faciliter les exportations de terres rares vers le bloc, avant un sommet en juillet entre l&rsquo;UE et la Chine.<\/p>\n<p class=\"small font-weight-bold text-gray3 \"> publi\u00e9 le 9 juin \u00e0 23h30, AFP<\/p>\n<p>                             Partager<\/p>\n","protected":false},"excerpt":{"rendered":"La Chine et les Etats-Unis vont reprendre mardi leur deuxi\u00e8me cycle de n\u00e9gociations, apr\u00e8s une premi\u00e8re journ\u00e9e dont&hellip;\n","protected":false},"author":2,"featured_media":164413,"comment_status":"","ping_status":"","sticky":false,"template":"","format":"standard","meta":{"footnotes":""},"categories":[6],"tags":[35,309,215,2120,312,2822,33,34,1011,27,308],"class_list":{"0":"post-164412","1":"post","2":"type-post","3":"status-publish","4":"format-standard","5":"has-post-thumbnail","7":"category-economie","8":"tag-business","9":"tag-chine","10":"tag-commerce","11":"tag-conflit","12":"tag-diplomatie","13":"tag-douanes","14":"tag-economie","15":"tag-economy","16":"tag-fr","17":"tag-france","18":"tag-usa"},"share_on_mastodon":{"url":"https:\/\/pubeurope.com\/@fr\/114656170763042540","error":""},"_links":{"self":[{"href":"https:\/\/www.europesays.com\/fr\/wp-json\/wp\/v2\/posts\/164412","targetHints":{"allow":["GET"]}}],"collection":[{"href":"https:\/\/www.europesays.com\/fr\/wp-json\/wp\/v2\/posts"}],"about":[{"href":"https:\/\/www.europesays.com\/fr\/wp-json\/wp\/v2\/types\/post"}],"author":[{"embeddable":true,"href":"https:\/\/www.europesays.com\/fr\/wp-json\/wp\/v2\/users\/2"}],"replies":[{"embeddable":true,"href":"https:\/\/www.europesays.com\/fr\/wp-json\/wp\/v2\/comments?post=164412"}],"version-history":[{"count":0,"href":"https:\/\/www.europesays.com\/fr\/wp-json\/wp\/v2\/posts\/164412\/revisions"}],"wp:featuredmedia":[{"embeddable":true,"href":"https:\/\/www.europesays.com\/fr\/wp-json\/wp\/v2\/media\/164413"}],"wp:attachment":[{"href":"https:\/\/www.europesays.com\/fr\/wp-json\/wp\/v2\/media?parent=164412"}],"wp:term":[{"taxonomy":"category","embeddable":true,"href":"https:\/\/www.europesays.com\/fr\/wp-json\/wp\/v2\/categories?post=164412"},{"taxonomy":"post_tag","embeddable":true,"href":"https:\/\/www.europesays.com\/fr\/wp-json\/wp\/v2\/tags?post=164412"}],"curies":[{"name":"wp","href":"https:\/\/api.w.org\/{rel}","templated":true}]}}