{"id":164414,"date":"2025-06-10T00:11:10","date_gmt":"2025-06-10T00:11:10","guid":{"rendered":"https:\/\/www.europesays.com\/fr\/164414\/"},"modified":"2025-06-10T00:11:10","modified_gmt":"2025-06-10T00:11:10","slug":"donald-trump-ordonne-le-deploiement-de-centaines-de-marines-a-los-angeles","status":"publish","type":"post","link":"https:\/\/www.europesays.com\/fr\/164414\/","title":{"rendered":"Donald Trump ordonne le d\u00e9ploiement de centaines de Marines \u00e0 Los Angeles"},"content":{"rendered":"<p>Alors que 700 soldats doivent venir pr\u00eater main-forte \u00e0 la Garde nationale d\u00e9j\u00e0 sur place, le gouverneur d\u00e9mocrate de Californie, Gavin Newsom, d\u00e9nonce \u00able fantasme fou d\u2019un pr\u00e9sident dictatorial\u00bb.<\/p>\n<p class=\"fig-paragraph\">Quelque 700 militaires des Marines, un corps d\u2019active de l\u2019arm\u00e9e am\u00e9ricaine, vont \u00eatre d\u00e9ploy\u00e9s\u00a0<a href=\"http:\/\/www.lefigaro.fr\/international\/trump-attise-le-feu-apres-le-deploiement-de-la-garde-nationale-les-manifestations-s-intensifient-a-los-angeles-20250609\" target=\"_blank\" data-fig-type=\"Article\" rel=\"noopener\" data-gtm-custom-categorie=\"navigation\" data-gtm-custom-action=\"crossclick\" data-gtm-custom-label=\"Contextuel\" data-gtm-event=\"customEventSPE\" data-fig-domain=\"LEFIGARO\">\u00e0 Los Angeles<\/a>, a annonc\u00e9 lundi 9 juin le commandement militaire r\u00e9gional, marquant un nouveau durcissement de la r\u00e9ponse f\u00e9d\u00e9rale aux heurts survenus dans la grande ville californienne. Le Commandement militaire am\u00e9ricain pour l\u2019Am\u00e9rique du nord (US Northern Command) a indiqu\u00e9 dans un communiqu\u00e9 avoir \u00abactiv\u00e9\u00bb quelque \u00ab700 Marines\u00bb qui vont se joindre aux militaires de la Garde nationale, un autre corps, de r\u00e9serve celui-l\u00e0, d\u00e9j\u00e0 d\u00e9ploy\u00e9s par le pr\u00e9sident am\u00e9ricain dans la m\u00e9gapole californienne.<\/p>\n<p class=\"fig-paragraph\">\u00abAu vu de l\u2019augmentation des menaces contre des fonctionnaires f\u00e9d\u00e9raux et des b\u00e2timents f\u00e9d\u00e9raux, 700 Marines d\u2019active\u00bb bas\u00e9s dans le sud de la Californie \u00abvont \u00eatre d\u00e9ploy\u00e9s \u00e0 Los Angeles pour aider \u00e0 prot\u00e9ger les fonctionnaires et b\u00e2timents f\u00e9d\u00e9raux\u00bb, a par ailleurs expliqu\u00e9 \u00e0 l\u2019AFP un haut responsable am\u00e9ricain sous le couvert de l\u2019anonymat, corrigeant ses propos apr\u00e8s avoir dans un premier temps parl\u00e9 de 500 soldats.<\/p>\n<p>D\u00e9j\u00e0 2100 gardes nationaux sur place<\/p>\n<p class=\"fig-paragraph\">Le commandement militaire r\u00e9gional a indiqu\u00e9 que l\u2019op\u00e9ration en cours \u00e0 Los Angeles, qui porte le nom de Task Force 51, \u00abregroupait environ 2.100 gardes nationaux\u00bb et \u00ab700 Marines d\u2019active\u00bb. Tous ont \u00e9t\u00e9 \u00abform\u00e9s en mati\u00e8re de d\u00e9sescalade, gestion des foules et r\u00e8gles du recours \u00e0 la force.\u00bb Le d\u00e9ploiement de militaires d\u2019active sur le territoire am\u00e9ricain est une d\u00e9cision exceptionnelle, qui inqui\u00e8te les d\u00e9fenseurs des droits civiques.<\/p>\n<p class=\"fig-paragraph\">Le gouverneur d\u00e9mocrate de Californie,\u00a0<a href=\"https:\/\/www.lefigaro.fr\/international\/le-gouverneur-de-californie-dans-la-tourmente-covid-20210328\" target=\"_blank\" data-fig-type=\"Article\" rel=\"noopener\" data-gtm-custom-categorie=\"navigation\" data-gtm-custom-action=\"crossclick\" data-gtm-custom-label=\"Contextuel\" data-gtm-event=\"customEventSPE\" data-fig-domain=\"LEFIGARO\">Gavin Newsom<\/a>, d\u00e9j\u00e0 oppos\u00e9 \u00e0 l\u2019envoi des gardes nationaux, une d\u00e9cision qu\u2019il a attaqu\u00e9e en justice, a estim\u00e9 que le d\u00e9ploiement de militaires d\u2019active assouvissait \u00able fantasme fou d\u2019un pr\u00e9sident dictatorial\u00bb. \u00abLes Marines am\u00e9ricains ont servi honorablement dans de multiples guerres pour d\u00e9fendre la d\u00e9mocratie. Ce sont des h\u00e9ros\u00bb, a \u00e9crit Gavin Newsom sur X. \u00abIls ne devraient pas \u00eatre d\u00e9ploy\u00e9s sur le sol am\u00e9ricain, face \u00e0 leurs propres compatriotes, pour r\u00e9aliser le fantasme fou d\u2019un pr\u00e9sident dictatorial. C\u2019est une attitude antiam\u00e9ricaine.\u00bb<\/p>\n<p class=\"fig-paragraph\">Un peu plus tard lundi soir, Gavin Newsom a confi\u00e9 sur X avoir \u00e9t\u00e9 inform\u00e9 du d\u00e9ploiement prochain de 2.000 Gardes nationaux suppl\u00e9mentaires, ce qui porterait le total de militaires d\u00e9ploy\u00e9s sur place par l\u2019\u00c9tat f\u00e9d\u00e9ral \u00e0 4800 soldats. Le gouverneur de Californie a d\u00e9plor\u00e9 au passage les conditions de vie des r\u00e9servistes de la Garde Nationale, \u00e0 qui, selon lui, il n\u2019aurait \u00e9t\u00e9 donn\u00e9 \u00abni nourriture ni eau\u00bb.<\/p>\n<p class=\"fig-paragraph\">Donald Trump \u00aba tendance \u00e0 utiliser les grands mots et \u00e0 exag\u00e9rer assez souvent\u00bb, note William Banks, professeur de droit \u00e0 l\u2019universit\u00e9 de Syracuse. Les Marines d\u00e9ploy\u00e9s lundi le sont \u00abpour assurer la protection des fonctionnaires et b\u00e2timents f\u00e9d\u00e9raux\u00bb, selon le Commandement militaire pour l\u2019Am\u00e9rique du Nord, et non pas express\u00e9ment pour assurer une mission de maintien de l\u2019ordre. Pour cela, Donald Trump devrait invoquer formellement la \u00abLoi sur l\u2019insurrection\u00bb ou \u00abInsurrection Act\u00bb, ce qui n\u2019a \u00e9t\u00e9 fait qu\u2019une trentaine de fois depuis la cr\u00e9ation des \u00c9tats-Unis. S\u2019il passait \u00e0 l\u2019acte, il irait \u00ab\u00e0 l\u2019encontre de la tradition am\u00e9ricaine, qui est de laisser le maintien de l\u2019ordre aux civils\u00bb, donc \u00e0 la police, poursuit William Banks. Ce texte est invoqu\u00e9 \u00abquand tout fout le camp\u00bb, r\u00e9sume l\u2019expert. \u00abC\u2019est une pente glissante. S\u2019il d\u00e9clare l\u2019\u00e9tat d\u2019insurrection, ses pouvoirs seront presque illimit\u00e9s.\u00bb Derri\u00e8re l\u2019aspect l\u00e9gal, le bras de fer est tr\u00e8s politique.<\/p>\n","protected":false},"excerpt":{"rendered":"Alors que 700 soldats doivent venir pr\u00eater main-forte \u00e0 la Garde nationale d\u00e9j\u00e0 sur place, le gouverneur d\u00e9mocrate&hellip;\n","protected":false},"author":2,"featured_media":164415,"comment_status":"","ping_status":"","sticky":false,"template":"","format":"standard","meta":{"footnotes":""},"categories":[5],"tags":[259,11,260,1011,27,14,6116,261,12,262,28],"class_list":{"0":"post-164414","1":"post","2":"type-post","3":"status-publish","4":"format-standard","5":"has-post-thumbnail","7":"category-international","8":"tag-actualite-internationale","9":"tag-actualites","10":"tag-affaires-etrangeres","11":"tag-fr","12":"tag-france","13":"tag-international","14":"tag-los-angeles","15":"tag-ministere-des-affaires-etrangeres","16":"tag-news","17":"tag-politique-etrangere","18":"tag-world"},"share_on_mastodon":{"url":"https:\/\/pubeurope.com\/@fr\/114656174814942548","error":""},"_links":{"self":[{"href":"https:\/\/www.europesays.com\/fr\/wp-json\/wp\/v2\/posts\/164414","targetHints":{"allow":["GET"]}}],"collection":[{"href":"https:\/\/www.europesays.com\/fr\/wp-json\/wp\/v2\/posts"}],"about":[{"href":"https:\/\/www.europesays.com\/fr\/wp-json\/wp\/v2\/types\/post"}],"author":[{"embeddable":true,"href":"https:\/\/www.europesays.com\/fr\/wp-json\/wp\/v2\/users\/2"}],"replies":[{"embeddable":true,"href":"https:\/\/www.europesays.com\/fr\/wp-json\/wp\/v2\/comments?post=164414"}],"version-history":[{"count":0,"href":"https:\/\/www.europesays.com\/fr\/wp-json\/wp\/v2\/posts\/164414\/revisions"}],"wp:featuredmedia":[{"embeddable":true,"href":"https:\/\/www.europesays.com\/fr\/wp-json\/wp\/v2\/media\/164415"}],"wp:attachment":[{"href":"https:\/\/www.europesays.com\/fr\/wp-json\/wp\/v2\/media?parent=164414"}],"wp:term":[{"taxonomy":"category","embeddable":true,"href":"https:\/\/www.europesays.com\/fr\/wp-json\/wp\/v2\/categories?post=164414"},{"taxonomy":"post_tag","embeddable":true,"href":"https:\/\/www.europesays.com\/fr\/wp-json\/wp\/v2\/tags?post=164414"}],"curies":[{"name":"wp","href":"https:\/\/api.w.org\/{rel}","templated":true}]}}