{"id":164420,"date":"2025-06-10T00:14:32","date_gmt":"2025-06-10T00:14:32","guid":{"rendered":"https:\/\/www.europesays.com\/fr\/164420\/"},"modified":"2025-06-10T00:14:32","modified_gmt":"2025-06-10T00:14:32","slug":"saint-etienne-un-homme-interpelle-apres-des-violences-homophobes-lors-de-la-marche-des-fiertes","status":"publish","type":"post","link":"https:\/\/www.europesays.com\/fr\/164420\/","title":{"rendered":"Saint-\u00c9tienne. Un homme interpell\u00e9 apr\u00e8s des violences homophobes lors de la marche des Fiert\u00e9s"},"content":{"rendered":"<p>C&rsquo;est tout ce que les participants \u00e0 la marche des Fiert\u00e9s d\u00e9noncent. Un homme d&rsquo;une trentaine d&rsquo;ann\u00e9es a \u00e9t\u00e9 interpell\u00e9 samedi soir, en marge de l&rsquo;\u00e9v\u00e9nement de Saint-\u00c9tienne, pour des actes et des propos homophobes, rapporte <a href=\"https:\/\/www.leprogres.fr\/faits-divers-justice\/2025\/06\/08\/saint-etienne-un-homme-interpelle-pour-homophobie-et-agressions-sexuelles-en-marge-de-la-marche-des-fiertes\" target=\"_blank\" rel=\"nofollow noopener\">Le Progr\u00e8s<\/a>.<\/p>\n<p>Ce contenu est bloqu\u00e9 car vous n&rsquo;avez pas accept\u00e9 les cookies et autres traceurs.<\/p>\n<p>En cliquant sur \u00ab J\u2019accepte \u00bb, les cookies et autres traceurs seront d\u00e9pos\u00e9s et vous pourrez visualiser les contenus  (<a href=\"\" class=\"consentModule_policy\" target=\"_blank\" title=\"Consulter la politique de protection des donn\u00e9es du fournisseur\">plus d&rsquo;informations<\/a>).<\/p>\n<p>En cliquant sur \u00ab J\u2019accepte tous les cookies \u00bb, vous autorisez des d\u00e9p\u00f4ts de cookies et autres traceurs pour le stockage de vos donn\u00e9es sur nos sites et applications \u00e0 des fins de personnalisation et de ciblage publicitaire.<\/p>\n<p class=\"consentModule_secondaryText\">Vous gardez la possibilit\u00e9 de retirer votre consentement \u00e0 tout moment en consultant notre <a href=\"http:\/\/www.ledauphine.com\/protection-des-donnees\" target=\"_blank\" title=\"Consulter notre politique de protection des donn\u00e9es\" rel=\"nofollow noopener\">politique de protection des donn\u00e9es<\/a>. <br \/>&#13;<br \/>\n            <a href=\"http:\/\/www.ledauphine.com\/faits-divers-justice\/2025\/06\/08\/javascript:Didomi.notice.show()\" class=\"consentModule_cmp\" rel=\"nofollow noopener\" target=\"_blank\">G\u00e9rer mes choix<\/a>&#13;\n        <\/p>\n<p>&#13;<br \/>\n                        J&rsquo;accepte&#13;<br \/>\n            J&rsquo;accepte tous les cookies&#13;\n        <\/p>\n<p>L&rsquo;individu alcoolis\u00e9 aurait agress\u00e9 sexuellement trois jeunes participantes \u00e0 la marche, avant de viser, avec une bombe lacrymog\u00e8ne, un vigile charg\u00e9 de veiller \u00e0 la s\u00e9curit\u00e9 du site.<\/p>\n<p>Refus d&rsquo;obtemp\u00e9rer<\/p>\n<p>Il aurait aussi insult\u00e9 l&rsquo;organisateur de l\u2019\u00e9v\u00e9nement en lui tenant des propos homophobes. Il n&rsquo;a pas davantage montr\u00e9 patte blanche lors de son interpellation par la police municipale, racontent nos confr\u00e8res. Refusant de donner son identit\u00e9 et de faire un test d&rsquo;alcool\u00e9mie, il a menac\u00e9 de mort les agents.<\/p>\n<p>L&rsquo;homme a \u00e9t\u00e9 plac\u00e9 en garde \u00e0 vue apr\u00e8s les plaintes du vigile, de l&rsquo;organisateur et des policiers.\u00a0L&rsquo;enqu\u00eate pourra \u00eatre \u00e9largie \u00e0 des faits d&rsquo;agression sexuelle si les jeunes femmes d\u00e9posent plainte \u00e0 leur tour.<\/p>\n<p>Lire l&rsquo;article complet sur <a href=\"https:\/\/www.leprogres.fr\/faits-divers-justice\/2025\/06\/08\/saint-etienne-un-homme-interpelle-pour-homophobie-et-agressions-sexuelles-en-marge-de-la-marche-des-fiertes\" target=\"_blank\" rel=\"nofollow noopener\">Le Progr\u00e8s<\/a>.<\/p>\n","protected":false},"excerpt":{"rendered":"C&rsquo;est tout ce que les participants \u00e0 la marche des Fiert\u00e9s d\u00e9noncent. Un homme d&rsquo;une trentaine d&rsquo;ann\u00e9es a&hellip;\n","protected":false},"author":2,"featured_media":164421,"comment_status":"","ping_status":"","sticky":false,"template":"","format":"standard","meta":{"footnotes":""},"categories":[9653],"tags":[1111,11,2430,1777,674,274,107,1011,27,329,12,25,4001],"class_list":{"0":"post-164420","1":"post","2":"type-post","3":"status-publish","4":"format-standard","5":"has-post-thumbnail","7":"category-saint-etienne","8":"tag-actu","9":"tag-actualites","10":"tag-auvergne-rhone-alpes","11":"tag-eu","12":"tag-europe","13":"tag-faits-divers-justice","14":"tag-fil-info","15":"tag-fr","16":"tag-france","17":"tag-france-monde","18":"tag-news","19":"tag-republique-francaise","20":"tag-saint-etienne"},"share_on_mastodon":{"url":"https:\/\/pubeurope.com\/@fr\/114656186444465198","error":""},"_links":{"self":[{"href":"https:\/\/www.europesays.com\/fr\/wp-json\/wp\/v2\/posts\/164420","targetHints":{"allow":["GET"]}}],"collection":[{"href":"https:\/\/www.europesays.com\/fr\/wp-json\/wp\/v2\/posts"}],"about":[{"href":"https:\/\/www.europesays.com\/fr\/wp-json\/wp\/v2\/types\/post"}],"author":[{"embeddable":true,"href":"https:\/\/www.europesays.com\/fr\/wp-json\/wp\/v2\/users\/2"}],"replies":[{"embeddable":true,"href":"https:\/\/www.europesays.com\/fr\/wp-json\/wp\/v2\/comments?post=164420"}],"version-history":[{"count":0,"href":"https:\/\/www.europesays.com\/fr\/wp-json\/wp\/v2\/posts\/164420\/revisions"}],"wp:featuredmedia":[{"embeddable":true,"href":"https:\/\/www.europesays.com\/fr\/wp-json\/wp\/v2\/media\/164421"}],"wp:attachment":[{"href":"https:\/\/www.europesays.com\/fr\/wp-json\/wp\/v2\/media?parent=164420"}],"wp:term":[{"taxonomy":"category","embeddable":true,"href":"https:\/\/www.europesays.com\/fr\/wp-json\/wp\/v2\/categories?post=164420"},{"taxonomy":"post_tag","embeddable":true,"href":"https:\/\/www.europesays.com\/fr\/wp-json\/wp\/v2\/tags?post=164420"}],"curies":[{"name":"wp","href":"https:\/\/api.w.org\/{rel}","templated":true}]}}