{"id":164424,"date":"2025-06-10T00:16:23","date_gmt":"2025-06-10T00:16:23","guid":{"rendered":"https:\/\/www.europesays.com\/fr\/164424\/"},"modified":"2025-06-10T00:16:23","modified_gmt":"2025-06-10T00:16:23","slug":"un-hotel-de-ville-art-deco-a-nancy","status":"publish","type":"post","link":"https:\/\/www.europesays.com\/fr\/164424\/","title":{"rendered":"Un h\u00f4tel de ville Art d\u00e9co \u00e0 Nancy\u00a0?"},"content":{"rendered":"<p>Philippe Wernert animera une conf\u00e9rence intitul\u00e9e Un h\u00f4tel de ville Art d\u00e9co \u00e0 Nancy\u00a0?  Le conf\u00e9rencier racontera le parcours de deux jeunes architectes, Roger Mienville et Robert Parisot, qui vont r\u00e9pondre \u00e0 la demande par une r\u00e9alisation monumentale de l\u2019Art d\u00e9co finissant, permettant un raccord \u00e9l\u00e9gant avec l\u2019architecture du XVIIIe\u00a0si\u00e8cle.<\/p>\n<p class=\"note\">Mardi 10\u00a0juin, \u00e0 18\u00a0h\u00a030, \u00e0 la MJC Pichon, 7, boulevard du Recteur-Senn, \u00e0 Nancy. Entr\u00e9e libre.<\/p>\n","protected":false},"excerpt":{"rendered":"Philippe Wernert animera une conf\u00e9rence intitul\u00e9e Un h\u00f4tel de ville Art d\u00e9co \u00e0 Nancy\u00a0? Le conf\u00e9rencier racontera le&hellip;\n","protected":false},"author":2,"featured_media":164425,"comment_status":"","ping_status":"","sticky":false,"template":"","format":"standard","meta":{"footnotes":""},"categories":[9635],"tags":[1111,11,6211,1687,1704,1777,674,1011,27,775,1702,1703,12,5486,25],"class_list":{"0":"post-164424","1":"post","2":"type-post","3":"status-publish","4":"format-standard","5":"has-post-thumbnail","7":"category-nancy","8":"tag-actu","9":"tag-actualites","10":"tag-conference","11":"tag-culture-loisirs","12":"tag-edition-nancy-et-agglomeration","13":"tag-eu","14":"tag-europe","15":"tag-fr","16":"tag-france","17":"tag-grand-est","18":"tag-nancy","19":"tag-nancy-ville-54b","20":"tag-news","21":"tag-rencontre","22":"tag-republique-francaise"},"share_on_mastodon":{"url":"https:\/\/pubeurope.com\/@fr\/114656194284329139","error":""},"_links":{"self":[{"href":"https:\/\/www.europesays.com\/fr\/wp-json\/wp\/v2\/posts\/164424","targetHints":{"allow":["GET"]}}],"collection":[{"href":"https:\/\/www.europesays.com\/fr\/wp-json\/wp\/v2\/posts"}],"about":[{"href":"https:\/\/www.europesays.com\/fr\/wp-json\/wp\/v2\/types\/post"}],"author":[{"embeddable":true,"href":"https:\/\/www.europesays.com\/fr\/wp-json\/wp\/v2\/users\/2"}],"replies":[{"embeddable":true,"href":"https:\/\/www.europesays.com\/fr\/wp-json\/wp\/v2\/comments?post=164424"}],"version-history":[{"count":0,"href":"https:\/\/www.europesays.com\/fr\/wp-json\/wp\/v2\/posts\/164424\/revisions"}],"wp:featuredmedia":[{"embeddable":true,"href":"https:\/\/www.europesays.com\/fr\/wp-json\/wp\/v2\/media\/164425"}],"wp:attachment":[{"href":"https:\/\/www.europesays.com\/fr\/wp-json\/wp\/v2\/media?parent=164424"}],"wp:term":[{"taxonomy":"category","embeddable":true,"href":"https:\/\/www.europesays.com\/fr\/wp-json\/wp\/v2\/categories?post=164424"},{"taxonomy":"post_tag","embeddable":true,"href":"https:\/\/www.europesays.com\/fr\/wp-json\/wp\/v2\/tags?post=164424"}],"curies":[{"name":"wp","href":"https:\/\/api.w.org\/{rel}","templated":true}]}}