{"id":164440,"date":"2025-06-10T00:30:30","date_gmt":"2025-06-10T00:30:30","guid":{"rendered":"https:\/\/www.europesays.com\/fr\/164440\/"},"modified":"2025-06-10T00:30:30","modified_gmt":"2025-06-10T00:30:30","slug":"12-idees-pour-feter-le-mois-des-visibilites-a-strasbourg","status":"publish","type":"post","link":"https:\/\/www.europesays.com\/fr\/164440\/","title":{"rendered":"12 id\u00e9es pour f\u00eater le Mois des Visibilit\u00e9s \u00e0 Strasbourg"},"content":{"rendered":"<p><b>En hommage aux \u00e9meutes de Stonewall du 28 juin 1969 \u00e0 Greenwich Village (New-York), qui ont donn\u00e9 lieu \u00e0 la premi\u00e8re Gay Pride \u2013 aujourd\u2019hui Marche des Fiert\u00e9s \u2013, juin est consid\u00e9r\u00e9 comme le \u00ab Mois des Fiert\u00e9s \u00bb. Dans l\u2019agenda strasbourgeois, on parle plut\u00f4t du \u00ab Mois des Visibilit\u00e9s \u00bb, qui lutte contre les discriminations et les LGBTIphobies. \u00c0 cheval sur mai et juin, il s\u2019ach\u00e8vera avec la Marche du 14. \u00c0 cette occasion, de nombreux \u00e9v\u00e9nements ont \u00e9t\u00e9 imagin\u00e9s. Voici une petite s\u00e9lec\u2019 !<\/b><\/p>\n<p>La Marche des Visibilit\u00e9s<\/p>\n<p><b>Organis\u00e9e depuis 2002 par FestiGays<\/b> (un collectif d\u2019associations LGBTQIA+), <b>la Marche des Visibilit\u00e9s <\/b>est le rendez-vous annuel pour arborer ses couleurs, ou d\u00e9fendre celles des autres et <b>f\u00eater la diversit\u00e9 sous les drapeaux<\/b>, \u00e0 coup de grosse sono.<\/p>\n<p>Celle-ci fera son retour dans les rues de Strasbourg<b> le samedi 14 juin<\/b>.<\/p>\n<p>                <img width=\"750\" height=\"500\" src=\"https:\/\/www.europesays.com\/fr\/wp-content\/uploads\/2025\/06\/240616-pka-pride-1-750x500.jpg\" class=\"attachment-gallery size-gallery\" alt=\"Pride Marche des fiert\u00e9s Queer manifestation\" data-full-url=\"https:\/\/pokaa.fr\/wp-content\/uploads\/2024\/06\/16\/240616-pka-pride-1.jpg\" decoding=\"async\" loading=\"lazy\"  \/>            <\/p>\n<p>                <img width=\"750\" height=\"500\" src=\"https:\/\/www.europesays.com\/fr\/wp-content\/uploads\/2025\/06\/240616-pka-pride-6-750x500.jpg\" class=\"attachment-gallery size-gallery\" alt=\"Pride Marche des fiert\u00e9s Queer manifestation\" data-full-url=\"https:\/\/pokaa.fr\/wp-content\/uploads\/2024\/06\/16\/240616-pka-pride-6.jpg\" decoding=\"async\" loading=\"lazy\"  \/>            <\/p>\n<p>                <img width=\"334\" height=\"500\" src=\"https:\/\/www.europesays.com\/fr\/wp-content\/uploads\/2025\/06\/dsc-6972-2-334x500.jpg\" class=\"attachment-gallery size-gallery\" alt=\"marche; visibilit\u00e9; lgbt; droits; pride; arc-en-ciel; lgbtqi\" data-full-url=\"https:\/\/pokaa.fr\/wp-content\/uploads\/2023\/06\/dsc-6972-2.jpg\" decoding=\"async\" loading=\"lazy\"  \/>            <\/p>\n<p>                <img width=\"334\" height=\"500\" src=\"https:\/\/www.europesays.com\/fr\/wp-content\/uploads\/2025\/06\/dsc-7463-334x500.jpg\" class=\"attachment-gallery size-gallery\" alt=\"marche; visibilit\u00e9; lgbt; droits; pride; arc-en-ciel; lgbtqi\" data-full-url=\"https:\/\/pokaa.fr\/wp-content\/uploads\/2023\/06\/dsc-7463.jpg\" decoding=\"async\" loading=\"lazy\"  \/>            <\/p>\n<p>                    1. et 2. Marche des Visibilit\u00e9s 2024. \u00a9 Adrien Labit \/ Pokaa ; 3. et 4. Marche de 2023. \u00a9 Mathilde Cybulski \/ Pokaa<\/p>\n<p>    <img width=\"800\" height=\"534\" src=\"https:\/\/www.europesays.com\/fr\/wp-content\/uploads\/2025\/06\/dsc-7525-800x534.jpg\" class=\"attachment-image-size-L size-image-size-L\" alt=\"marche; visibilit\u00e9; lgbt; droits; pride; arc-en-ciel; lgbtqi\" decoding=\"async\" loading=\"lazy\"  \/>         Marche des Visibilit\u00e9s 2023. \u00a9 Mathilde Cybulski \/ Pokaa <\/p>\n<p>Comme chaque ann\u00e9e\u00a0: <b>un d\u00e9part \u00e0 14h place de l\u2019Universit\u00e9<\/b>, et <b>un Village des associations ouvert de 11h \u00e0 19h<\/b>, ainsi qu\u2019un espace buvette et restauration sur le pouce. Pour les PMR, des solutions sont mises en place depuis plusieurs \u00e9ditions par FestiGays : pour en savoir plus, il faut se rapprocher de l\u2019asso.<\/p>\n<p>Et si la premi\u00e8re Marche avait pour slogan \u00ab\u00a0Libert\u00e9, \u00c9galit\u00e9, Visibilit\u00e9 !\u00a0\u00bb, en 2025, elle d\u00e9filera pour \u00ab\u00a0Faire corps contre le fascisme\u00a0\u00bb. <a href=\"https:\/\/festigays.net\/marche-des-visibilites\/\" target=\"_blank\" rel=\"noopener nofollow\">[+ d\u2019infos]<\/a><\/p>\n<p>                <img width=\"752\" height=\"500\" src=\"https:\/\/www.europesays.com\/fr\/wp-content\/uploads\/2025\/06\/240616-pka-pride-26-752x500.jpg\" class=\"attachment-gallery size-gallery\" alt=\"Pride Marche des fiert\u00e9s Queer manifestation\" data-full-url=\"https:\/\/pokaa.fr\/wp-content\/uploads\/2024\/06\/16\/240616-pka-pride-26.jpg\" decoding=\"async\" loading=\"lazy\"  \/>            <\/p>\n<p>                <img width=\"750\" height=\"500\" src=\"https:\/\/www.europesays.com\/fr\/wp-content\/uploads\/2025\/06\/240616-pka-pride-34-750x500.jpg\" class=\"attachment-gallery size-gallery\" alt=\"Pride Marche des fiert\u00e9s Queer manifestation\" data-full-url=\"https:\/\/pokaa.fr\/wp-content\/uploads\/2024\/06\/16\/240616-pka-pride-34.jpg\" decoding=\"async\" loading=\"lazy\"  \/>            <\/p>\n<p>                <img width=\"750\" height=\"500\" src=\"https:\/\/www.europesays.com\/fr\/wp-content\/uploads\/2025\/06\/240616-pka-pride-19-750x500.jpg\" class=\"attachment-gallery size-gallery\" alt=\"Pride Marche des fiert\u00e9s Queer manifestation\" data-full-url=\"https:\/\/pokaa.fr\/wp-content\/uploads\/2024\/06\/16\/240616-pka-pride-19.jpg\" decoding=\"async\" loading=\"lazy\"  \/>            <\/p>\n<p>                    Marche des Visibilit\u00e9s 2024. \u00a9 Adrien Labit \/ Pokaa<\/p>\n<p>Avant la Marche : soir\u00e9es th\u00e9matiques, spectacle et drag shows<\/p>\n<p>Si la Marche est le point final de ce Mois des Visibilit\u00e9s, tu peux d\u00e8s \u00e0 pr\u00e9sent assister \u00e0 de nombreux \u00e9v\u00e9nements. Si on ne les citera pas tous, tu peux les retrouver sur <b>l\u2019agenda<\/b> <b>de FestiGays. <\/b><a href=\"https:\/\/festigays.net\/agenda\/\" target=\"_blank\" rel=\"noopener nofollow\">[+ d\u2019infos]<\/a><\/p>\n<p>D\u00e8s ce soir, <b>le Canap\u00e9 Queer organisera plusieurs soir\u00e9es<\/b> : \u00ab sp\u00e9ciale bi \u00bb (mardi 10), \u00e0 destination des lesbiennes (jeudi 12), ou pour les fetish (vendredi 13). Ainsi qu\u2019une \u00ab Full Moon Party \u00bb ambiance clubbing aux c\u00f4t\u00e9s de Chromatico, le mercredi 11. <a href=\"https:\/\/www.facebook.com\/story.php?story_fbid=1156529039823242&amp;id=100063984690582&amp;rdid=2xoKFrotke9dctYi\" target=\"_blank\" rel=\"noopener nofollow\">[+ d\u2019infos]<\/a><\/p>\n<p>    <img width=\"800\" height=\"600\" src=\"https:\/\/www.europesays.com\/fr\/wp-content\/uploads\/2025\/04\/img-3882-800x600.jpeg\" class=\"attachment-image-size-L size-image-size-L\" alt=\"You are the star \u2013 Canap\u00e9 Queer N\u00f6x\u00efm\u00e4 Marley\" decoding=\"async\" loading=\"lazy\"  \/>         Canap\u00e9 Queer. \u00a9 Romain Fournier \/ Pokaa <\/p>\n<p>Pour le Mois des Visibilit\u00e9s, <b>la House of Marley <\/b>n\u2019a pas ch\u00f4m\u00e9 (comme le reste de l\u2019ann\u00e9e). Parmi ses rendez-vous des prochains jours : <b>le jeudi 12, chez Jeannette et les Cycleux<\/b>, o\u00f9 elle viendra <b>\u00ab\u00a0faire tourner la roue et les t\u00eates\u00a0\u00bb<\/b><b> avec \u00ab\u00a0Spin &amp; Slay\u00a0\u00bb<\/b>, une soir\u00e9e ponctu\u00e9e de performances drag et \u00ab\u00a0une ambiance festive et inclusive\u00a0\u00bb.<\/p>\n<p>Le lendemain, elle ira rugir <b>au Petit Tigre sur une \u00ab\u00a0Spectacular Drag Stage\u00a0\u00bb<\/b>, \u00ab\u00a0une nuit explosive o\u00f9 performances drag, folie et \u00e9nergie d\u00e9brid\u00e9e marquent la fin d\u2019une saison m\u00e9morable\u00a0\u00bb.<a href=\"https:\/\/www.facebook.com\/lahouseofmarley\/\" target=\"_blank\" rel=\"noopener nofollow\"> [+ d\u2019infos]<\/a><\/p>\n<p>                <img width=\"667\" height=\"500\" src=\"https:\/\/www.europesays.com\/fr\/wp-content\/uploads\/2025\/06\/img-4521-667x500.jpeg\" class=\"attachment-gallery size-gallery\" alt=\"house of Marley quiz Melankh\u00f6lia Marley Ar\u00ef Marley ebene bonda jeannette et les cycleux\" data-full-url=\"https:\/\/pokaa.fr\/wp-content\/uploads\/2025\/04\/28\/img-4521.jpeg\" decoding=\"async\" loading=\"lazy\"  \/>            <\/p>\n<p>                <img width=\"375\" height=\"500\" src=\"https:\/\/www.europesays.com\/fr\/wp-content\/uploads\/2025\/06\/img-4507-375x500.jpeg\" class=\"attachment-gallery size-gallery\" alt=\"Melankh\u00f6lia Marley jeannette et les cycleux house of Marley\" data-full-url=\"https:\/\/pokaa.fr\/wp-content\/uploads\/2025\/04\/28\/img-4507.jpeg\" decoding=\"async\" loading=\"lazy\"  \/>            <\/p>\n<p>                    Ar\u00ef, \u00c9b\u00ebne Bonda et Melankh\u00f6lia Marley. \u00a9 Anthony Jilli \/ Pokaa<\/p>\n<p>On pensera aussi \u00e0 <b>Pelicanto<\/b>, le flamboyant ch\u0153ur LGBTQ+ d\u2019Alsace, qui revient<b> du 13 au 15 juin \u00e0 la Briqueterie (Schiltigheim) <\/b>avec \u00ab\u00a0une nouvelle cr\u00e9ation l\u00e9gend\u2019hair\u00a0\u00bb\u00a0: <b>Drag\u2019s Anatomy<\/b>.<\/p>\n<p>L\u2019histoire d\u2019<b>une <\/b><b>drag queen<\/b><b> oblig\u00e9e de se reconvertir, qui<\/b><b> \u00ab\u00a0troqu[e] ses escarpins contre une blouse blanche\u00a0\u00bb<\/b> et qui se retrouve \u00ab confront\u00e9e \u00e0 la r\u00e9alit\u00e9 de l\u2019h\u00f4pital et aux relents LGBTphobes de notre soci\u00e9t\u00e9 \u00bb. Elle devra\u00a0\u00ab\u00a0puiser dans toute la magie de son art pour r\u00e9sister\u00a0\u00bb. \u00c0 voir donc avant ou apr\u00e8s la Marche. <a href=\"https:\/\/pelicanto.eu\/drags-anatomy\/\" target=\"_blank\" rel=\"noopener nofollow\">[+ d\u2019infos]<\/a><\/p>\n<p>    <img width=\"800\" height=\"600\" src=\"https:\/\/www.europesays.com\/fr\/wp-content\/uploads\/2025\/06\/pelicanto-spectacle-la-casa-del-amor-2022-teona-goreci-e1686148897805-800x600.jpg\" class=\"attachment-image-size-L size-image-size-L\" alt=\"Pelicanto\" decoding=\"async\" loading=\"lazy\"  \/>         Pelicanto (spectacle \u00ab La Casa del Amor\u00a0\u00bb, 2022). \u00a9 Teona Goreci \/ Document remis <\/p>\n<p>Les soir\u00e9es d&rsquo;after Pride<\/p>\n<p>Et apr\u00e8s la Pride ? Pour celles et ceux qui n\u2019auront pas d\u00e9j\u00e0 choisi l\u2019option Pelicanto pour le 14, de nombreuses after Pride animeront les clubs strasbourgeois\u2026 Dont <b>la soir\u00e9e de cl\u00f4ture de FestiGays <\/b>qui te donnera rendez-vous, comme chaque ann\u00e9e,<b> au Studio Saglio de 19h \u00e0 6h<\/b>. <b>Le Canap\u00e9 Queer s\u2019animera lui, d\u00e8s 20h.<\/b><\/p>\n<p>    <img width=\"800\" height=\"532\" src=\"https:\/\/www.europesays.com\/fr\/wp-content\/uploads\/2025\/06\/240616-pka-pride-31-800x532.jpg\" class=\"attachment-image-size-L size-image-size-L\" alt=\"Pride Marche des fiert\u00e9s Queer manifestation\" decoding=\"async\" loading=\"lazy\"  \/>         \u00a9 Adrien Labit \/ Pokaa <\/p>\n<p><b>Les Tantines, elles, s\u2019inviteront de 20h \u00e0 4h au Wagon Souk pour une Mousse Party After Pride<\/b>. Au programme ? Trois DJ (Ana Dolly, Mac Julius et SEFID), deux dancefloors et des shows drag.<\/p>\n<p>\u00c0 cette occasion, <b>ViviAnn du Fermoir-de-Monsac et Rose Tental<\/b> s\u2019entoureront de<b> Lula Strega (finaliste Drag Race France 3)<\/b>, Mademoiselle Kiss, Rocky Amazone, Kupydona, Gaya Ness, Treize et Agates. <a href=\"https:\/\/fb.me\/e\/4bOVOXMAq\" target=\"_blank\" rel=\"noopener nofollow\">[+ d\u2019infos]<\/a><\/p>\n<p><b>La House of Marley ira quant \u00e0 elle enflammer Color\u2019s Art d\u00e8s 22h30, avec sa \u00ab\u00a0Club Pride\u00a0\u00bb<\/b>. Des \u00ab\u00a0DJ sets, happenings et une ambiance 100% inclusive\u00a0\u00bb. Aux platines : Kina, MaxX MalloY et Mute. <a href=\"https:\/\/fb.me\/e\/5w2wq6F4K\" target=\"_blank\" rel=\"noopener nofollow\">[+ d\u2019infos]<\/a><\/p>\n<p>                <img width=\"884\" height=\"500\" src=\"https:\/\/www.europesays.com\/fr\/wp-content\/uploads\/2025\/06\/viviann-manon-jensen-pokaa-25-09-24-2-884x500.png\" class=\"attachment-gallery size-gallery\" alt=\"10 ans Pokaa \u00e9v\u00e9nement anniversaire ViviAnn\" data-full-url=\"https:\/\/pokaa.fr\/wp-content\/uploads\/2024\/09\/30\/viviann-manon-jensen-pokaa-25-09-24-2.png\" decoding=\"async\" loading=\"lazy\"  \/>            <\/p>\n<p>                <img width=\"892\" height=\"500\" src=\"https:\/\/www.europesays.com\/fr\/wp-content\/uploads\/2025\/06\/rosetental-manon-jensen-pokaa-25-09-24-4-892x500.png\" class=\"attachment-gallery size-gallery\" alt=\"10 ans Pokaa \u00e9v\u00e9nement anniversaire Rose Tental\" data-full-url=\"https:\/\/pokaa.fr\/wp-content\/uploads\/2024\/09\/30\/rosetental-manon-jensen-pokaa-25-09-24-4.png\" decoding=\"async\" loading=\"lazy\"  \/>            <\/p>\n<p>                <img width=\"752\" height=\"500\" src=\"https:\/\/www.europesays.com\/fr\/wp-content\/uploads\/2025\/06\/230603-pka-mega-mousse-party-33-752x500.jpg\" class=\"attachment-gallery size-gallery\" alt=\"MEGA MOUSSE PARTY House of Marley Clubbing Drag Queer\" data-full-url=\"https:\/\/pokaa.fr\/wp-content\/uploads\/2023\/06\/230603-pka-mega-mousse-party-33.jpg\" decoding=\"async\" loading=\"lazy\"  \/>            <\/p>\n<p>                    1. et 2. ViviAnn du Fermoir-de-Monsac et Rose Tental (aux 10 ans de Pokaa). \u00a9 Manon Jensen \/ Pokaa ; 3. Soir\u00e9e mousse au Wagon Souk. \u00a9 Adrien Labit \/ Pokaa <\/p>\n<p>Du c\u00f4t\u00e9 de <b>la Manufacture des Tabacs<\/b>, ce sera une <b>\u00ab\u00a0Zone TPG\u00a0\u00bb de 18h \u00e0 22h<\/b>, organis\u00e9 par plusieurs collectifs\u00a0: <b>Ascendant Butch<\/b>, la <b>House of Diamonds<\/b>, <b>Dia_Spora<\/b>, le<b> Front d\u2019Action Gay Strasbourg <\/b>et<b> Les Footeureuxses<\/b>.<\/p>\n<p>On y retrouvera \u2013 entre autres \u2013 des<b> DJ sets<\/b>, des <b>stands associatifs et militants<\/b>, des jeux (<b>kermesse, tombola, roue de la fortune<\/b>), des animations (<b>maquillage<\/b>, <b>catwalk<\/b>, d\u00e9mo <b>voguing<\/b>, performances foot), un <b>march\u00e9 d\u2019artistes queer<\/b>, expo, projo, des conf\u00e9rences, ainsi qu\u2019une buvette.<\/p>\n<p>Puis <b>d\u00e8s 23h<\/b>, Ascendant Butch et Queer Future Club prendront le contr\u00f4le du <b>Karmen<\/b> pour un <b>\u00ab\u00a0Klub Pride\u00a0\u00bb<\/b>, cette fois-ci. <a href=\"https:\/\/www.instagram.com\/p\/DKjdjkTtwUS\/?utm_source=ig_web_copy_link\" target=\"_blank\" rel=\"noopener nofollow\">[+ d\u2019infos]<\/a><\/p>\n<p>                <img width=\"376\" height=\"500\" src=\"https:\/\/www.europesays.com\/fr\/wp-content\/uploads\/2025\/06\/pxl-20240511-1959530212-scaled-e1718208860472-376x500.jpg\" class=\"attachment-gallery size-gallery\" alt=\"House of Diamonds\" data-full-url=\"https:\/\/pokaa.fr\/wp-content\/uploads\/2024\/06\/12\/pxl-20240511-1959530212-1500x1992.jpg\" decoding=\"async\" loading=\"lazy\"  \/>            <\/p>\n<p>                <img width=\"375\" height=\"500\" src=\"https:\/\/www.europesays.com\/fr\/wp-content\/uploads\/2025\/06\/img-8035-375x500.jpeg\" class=\"attachment-gallery size-gallery\" alt=\"Karmen Camina club caf\u00e9 tiers lieu sonorisation\" data-full-url=\"https:\/\/pokaa.fr\/wp-content\/uploads\/2025\/01\/07\/img-8035.jpeg\" decoding=\"async\" loading=\"lazy\"  \/>            <\/p>\n<p>                    La House of Diamonds au Phare Citadelle (mai 2024) \u00a9 Fanny Soriano \/ Pokaa ; Karmen Camina \u00a9 Bastien Pietronave \/ Pokaa<\/p>\n<p>Et comme la lutte contre les LGBTIphobies, c\u2019est toute l\u2019ann\u00e9e et pas seulement durant le Mois des Visibilit\u00e9s ou des Fiert\u00e9s\u2026 <strong>Porte haut tes couleurs, celles de tes potes et proches\u00a0; et soutiens les collectifs locaux et les artistes d\u2019ici qui participent \u00e0 faire vibrer Strasbourg sous les couleurs de l\u2019arc-en-ciel.<\/strong><\/p>\n<p>    <img width=\"800\" height=\"533\" src=\"https:\/\/www.europesays.com\/fr\/wp-content\/uploads\/2025\/06\/240616-pka-pride-36-800x533.jpg\" class=\"attachment-image-size-L size-image-size-L\" alt=\"Pride Marche des fiert\u00e9s Queer manifestation\" decoding=\"async\" loading=\"lazy\"  \/>         \u00a9 Adrien Labit \/ Pokaa <\/p>\n<p><script async src=\"\/\/www.instagram.com\/embed.js\"><\/script><\/p>\n","protected":false},"excerpt":{"rendered":"En hommage aux \u00e9meutes de Stonewall du 28 juin 1969 \u00e0 Greenwich Village (New-York), qui ont donn\u00e9 lieu&hellip;\n","protected":false},"author":2,"featured_media":164441,"comment_status":"","ping_status":"","sticky":false,"template":"","format":"standard","meta":{"footnotes":""},"categories":[2820],"tags":[1111,11,29739,1777,674,29740,1011,27,10716,775,9087,29741,29742,29743,12,25,640],"class_list":{"0":"post-164440","1":"post","2":"type-post","3":"status-publish","4":"format-standard","5":"has-post-thumbnail","7":"category-strasbourg","8":"tag-actu","9":"tag-actualites","10":"tag-dragshow","11":"tag-eu","12":"tag-europe","13":"tag-festigays","14":"tag-fr","15":"tag-france","16":"tag-gay-pride","17":"tag-grand-est","18":"tag-lgbt","19":"tag-marche-des-visibilites","20":"tag-mois-des-fiertes","21":"tag-mois-des-visibilites","22":"tag-news","23":"tag-republique-francaise","24":"tag-strasbourg"},"share_on_mastodon":{"url":"https:\/\/pubeurope.com\/@fr\/114656249993096896","error":""},"_links":{"self":[{"href":"https:\/\/www.europesays.com\/fr\/wp-json\/wp\/v2\/posts\/164440","targetHints":{"allow":["GET"]}}],"collection":[{"href":"https:\/\/www.europesays.com\/fr\/wp-json\/wp\/v2\/posts"}],"about":[{"href":"https:\/\/www.europesays.com\/fr\/wp-json\/wp\/v2\/types\/post"}],"author":[{"embeddable":true,"href":"https:\/\/www.europesays.com\/fr\/wp-json\/wp\/v2\/users\/2"}],"replies":[{"embeddable":true,"href":"https:\/\/www.europesays.com\/fr\/wp-json\/wp\/v2\/comments?post=164440"}],"version-history":[{"count":0,"href":"https:\/\/www.europesays.com\/fr\/wp-json\/wp\/v2\/posts\/164440\/revisions"}],"wp:featuredmedia":[{"embeddable":true,"href":"https:\/\/www.europesays.com\/fr\/wp-json\/wp\/v2\/media\/164441"}],"wp:attachment":[{"href":"https:\/\/www.europesays.com\/fr\/wp-json\/wp\/v2\/media?parent=164440"}],"wp:term":[{"taxonomy":"category","embeddable":true,"href":"https:\/\/www.europesays.com\/fr\/wp-json\/wp\/v2\/categories?post=164440"},{"taxonomy":"post_tag","embeddable":true,"href":"https:\/\/www.europesays.com\/fr\/wp-json\/wp\/v2\/tags?post=164440"}],"curies":[{"name":"wp","href":"https:\/\/api.w.org\/{rel}","templated":true}]}}