{"id":164442,"date":"2025-06-10T00:31:20","date_gmt":"2025-06-10T00:31:20","guid":{"rendered":"https:\/\/www.europesays.com\/fr\/164442\/"},"modified":"2025-06-10T00:31:20","modified_gmt":"2025-06-10T00:31:20","slug":"notre-top-5-pour-tes-futures-playlists","status":"publish","type":"post","link":"https:\/\/www.europesays.com\/fr\/164442\/","title":{"rendered":"notre top 5 pour tes futures playlists"},"content":{"rendered":"<p><strong>FESTIVAL \u2013 Trois soirs de concerts, trois soirs de d\u00e9couvertes, et beaucoup de coups de c\u0153ur \u00e0 la Strasbourg Music Week 2025.<\/strong><\/p>\n<p>Cette ann\u00e9e, outre des conf\u00e9rences passionnantes (coucou la sant\u00e9 des clubs en Europe, sortez en concert ! Soutenez les petites sc\u00e8nes, oubliez les z\u00e9niths !), de longues et belles soundwalks, des ateliers, des ap\u00e9ros, il ne faut pas oublier l\u2019essentiel \u00e0 notre <a href=\"https:\/\/rocknfool.net\/2025\/05\/19\/strasbourg-music-week-2025-nos-recos-concerts\/\" rel=\"nofollow noopener\" target=\"_blank\">programme de la Strasbourg Music Week<\/a>. LES CONCERTS. <\/p>\n<p>La premi\u00e8re soir\u00e9e est une carte blanche \u00e0 Aurores Montr\u00e9al pour une Eurovision alternative des plus r\u00e9jouissantes. Mais sans note et sans classement. Alors pour notre top 5, on t\u00e2chera de respecter ce beau principe mais on ne peut pas s\u2019emp\u00eacher tout de m\u00eame de vous proposer notre s\u00e9lection coup de c\u0153ur. Cinq artistes qui nous ont fait forte impression, et qu\u2019on va s\u2019empresser d\u2019ajouter \u00e0 nos playlists. Mais attention, cela ne veut pas dire que ceux sur lesquels on ne s\u2019\u00e9tendra pas ne valaient pas le coup. Au contraire. Parce que c\u2019est \u00e7a \u201cle probl\u00e8me\u201d avec la <a href=\"https:\/\/strasbourgmusicweek.eu\/\" rel=\"nofollow noopener\" target=\"_blank\">Strasbourg Music Week<\/a>. Tout vaut le coup d\u2019\u00eatre d\u00e9couvert, toujours. Et tout est incroyablement r\u00e9jouissant et int\u00e9ressant. Mais voil\u00e0, le c\u0153ur a ses raisons, tout \u00e7a tout \u00e7a. <\/p>\n<p>Benni<\/p>\n<p>On l\u2019avait mise dans nos recos parce qu\u2019on savait qu\u2019on allait accrocher avec sa musique en guitare voix et sa voix de velours. Et \u00e7a n\u2019a \u00e9videmment pas loup\u00e9. Un petit quelque chose de Julien Baker dans les aigus, une douceur digne de Mark\u00e9ta Irglov\u00e1 et un boulevard de possibilit\u00e9s qui s\u2019ouvre devant elle. On imagine des cordes, des percussions en tout genre, un orchestre symphonique tout entier derri\u00e8re elle pour faire prendre de l\u2019ampleur \u00e0 ses compositions a\u00e9riennes et si d\u00e9licates. Et en m\u00eame temps, rien de plus n\u2019\u00e9tait utile que ce pied de micro, ces deux guitares, et cette femme pieds nus devant nous \u00e0 chanter ses \u201cchansons tristes\u201d. <\/p>\n<\/p>\n<p>N\u00fbr<\/p>\n<p>Un duo assez inclassable. Comment les d\u00e9crire? Peut-\u00eatre un m\u00e9lange de dreampop et d\u2019\u00e9lectro \u00e0 synth\u00e9s tr\u00e8s tr\u00e8s agr\u00e9able \u00e0 \u00e9couter dans une ambiance bleut\u00e9e. Mais c\u2019est lorsque clarinette et voix se mettent en avant qu\u2019on d\u00e9colle compl\u00e8tement. On se laisse porter par une beaut\u00e9 toute a\u00e9rienne, enivrante, faussement l\u00e9g\u00e8re et terriblement addictive. On n\u2019avait pas \u00e9t\u00e9 aussi emport\u00e9 par de la musique \u00e9lectronique depuis Memoryhouse. Un m\u00e9lange de nostalgie, de lumi\u00e8re, de brume qui se l\u00e8ve. La beaut\u00e9. <\/p>\n<\/p>\n<p>M.A.O. Cormontreuil<\/p>\n<p>D\u00e9finitivement la palme du live le plus inattendu de cette Strasbourg Music Week. D\u00e9j\u00e0 par la sc\u00e9nographie : ils sont au milieu du public et non sur sc\u00e8ne. Ils sont plac\u00e9s en triangle, tourn\u00e9s les uns vers les autres sans pour autant nous mettre de c\u00f4t\u00e9.  On y reconna\u00eet une partie de la folle troupe de feu The Bewitched Hands On The Top Of Our Heads (oui, \u00e0 l\u2019\u00e9poque o\u00f9 on allait les voir en concert, ils avaient encore ce nom \u00e0 rallonge), et on comprend alors que leur douce folie ne les a pas quitt\u00e9s. De l\u2019indie pop sous acide, des beats imparables, et juste l\u2019envie de danser et sauter sans discontinuer. Besoin d\u2019\u00e9nergie ? Trouve le concert de M.A.O. Cormontreuil le plus proche, c\u2019est le meilleur conseil qu\u2019on pourra te donner.<\/p>\n<\/p>\n<p>TedaAk<\/p>\n<p>Et dans la s\u00e9rie des performances qui remontent le moral et donne envie de sauter, le concert de TedaAk. Il arrive d\u00e9guis\u00e9 en Blanche-Neige pour son titre \u201cUn jour mon prince\u201d, dans lequel on comprend vite que le prince est mort. \u00c7a pose le cadre. Tout le concert fera exploser les codes dat\u00e9s qu\u2019on ne veut plus voir en 2025 (\u201cCist\u2019aime\u201d, \u201cBonjour Monsieur au revoir Madame\u201d) \u00e0 coup d\u2019humour incisif, encouragera le public \u00e0 prendre possession du dancefloor comme il l\u2019entend et fera souffler un put*** de vent de libert\u00e9 sur fond de tekno d\u00e9jant\u00e9e. TedaAk casse tout et nous laisse reconstruire dans la joie en nous rejoignant dans le public. Plus de TedaAk dans nos salles de concert please. <\/p>\n<\/p>\n<p>Le Talu<\/p>\n<p>Fallait le faire pour r\u00e9ussir \u00e0 me faire appr\u00e9cier des exc\u00e8s d\u2019auto-tune. Rien que pour \u00e7a, Le Talu gagne sa place dans ce top 5. Mais au-del\u00e0 de \u00e7a, c\u2019est de voir le public si compl\u00e8tement acquis, danser un slow, chanter sur \u201cp\u00e9dales love\u201d, et \u00eatre tellement au diapason de ce qui se passe sur sc\u00e8ne. Et sur sc\u00e8ne, c\u2019est un m\u00e9lange de rap, de pop, de trip-hop, qui prouve avec un flow si juste que l\u2019intime est politique. Mention sp\u00e9ciale pour \u201cINSORTABLXS\u201d parce que gueuler \u201cet la street, elle est \u00e0 qui ? Elle est \u00e0 nous. Les fachos nous d\u00e9testent parce qu\u2019ils sont jaloux !\u201d, c\u2019est quand m\u00eame jouissif en ce moment. \u00c0 passer et repasser dans toutes les prides de France. <\/p>\n<\/p>\n<p>Et n\u2019oubliez pas d\u2019aller \u00e9couter aussi tous les autres groupes incroyables si vous ne les connaissez pas d\u00e9j\u00e0 : Elizabete Bal\u010dus, Bandit Voyage, Blanche Biau, Laura Cahen, Dews Pengahorn, Florence Besch, Devore, Ucci Why, Caesaria, Dance Divine. <\/p>\n<p>\u00c0 l\u2019ann\u00e9e prochaine pour la prochaine \u00e9dition !<\/p>\n","protected":false},"excerpt":{"rendered":"FESTIVAL \u2013 Trois soirs de concerts, trois soirs de d\u00e9couvertes, et beaucoup de coups de c\u0153ur \u00e0 la&hellip;\n","protected":false},"author":2,"featured_media":164443,"comment_status":"","ping_status":"","sticky":false,"template":"","format":"standard","meta":{"footnotes":""},"categories":[2820],"tags":[1111,11,29744,1777,674,849,1011,27,775,29745,29746,12,29747,25,29748,640,20818,29749],"class_list":{"0":"post-164442","1":"post","2":"type-post","3":"status-publish","4":"format-standard","5":"has-post-thumbnail","7":"category-strasbourg","8":"tag-actu","9":"tag-actualites","10":"tag-benni","11":"tag-eu","12":"tag-europe","13":"tag-festival","14":"tag-fr","15":"tag-france","16":"tag-grand-est","17":"tag-le-talu","18":"tag-mao-cormontreuil","19":"tag-news","20":"tag-nur","21":"tag-republique-francaise","22":"tag-smw2025","23":"tag-strasbourg","24":"tag-strasbourg-music-week","25":"tag-tedaak"},"share_on_mastodon":{"url":"https:\/\/pubeurope.com\/@fr\/114656253404752915","error":""},"_links":{"self":[{"href":"https:\/\/www.europesays.com\/fr\/wp-json\/wp\/v2\/posts\/164442","targetHints":{"allow":["GET"]}}],"collection":[{"href":"https:\/\/www.europesays.com\/fr\/wp-json\/wp\/v2\/posts"}],"about":[{"href":"https:\/\/www.europesays.com\/fr\/wp-json\/wp\/v2\/types\/post"}],"author":[{"embeddable":true,"href":"https:\/\/www.europesays.com\/fr\/wp-json\/wp\/v2\/users\/2"}],"replies":[{"embeddable":true,"href":"https:\/\/www.europesays.com\/fr\/wp-json\/wp\/v2\/comments?post=164442"}],"version-history":[{"count":0,"href":"https:\/\/www.europesays.com\/fr\/wp-json\/wp\/v2\/posts\/164442\/revisions"}],"wp:featuredmedia":[{"embeddable":true,"href":"https:\/\/www.europesays.com\/fr\/wp-json\/wp\/v2\/media\/164443"}],"wp:attachment":[{"href":"https:\/\/www.europesays.com\/fr\/wp-json\/wp\/v2\/media?parent=164442"}],"wp:term":[{"taxonomy":"category","embeddable":true,"href":"https:\/\/www.europesays.com\/fr\/wp-json\/wp\/v2\/categories?post=164442"},{"taxonomy":"post_tag","embeddable":true,"href":"https:\/\/www.europesays.com\/fr\/wp-json\/wp\/v2\/tags?post=164442"}],"curies":[{"name":"wp","href":"https:\/\/api.w.org\/{rel}","templated":true}]}}