{"id":164450,"date":"2025-06-10T00:35:10","date_gmt":"2025-06-10T00:35:10","guid":{"rendered":"https:\/\/www.europesays.com\/fr\/164450\/"},"modified":"2025-06-10T00:35:10","modified_gmt":"2025-06-10T00:35:10","slug":"ou-et-quand-admirer-la-parade-de-debord-de-loire","status":"publish","type":"post","link":"https:\/\/www.europesays.com\/fr\/164450\/","title":{"rendered":"o\u00f9 et quand admirer la parade de D\u00e9bord de Loire"},"content":{"rendered":"<p>Publi\u00e9 par Soizick David, le 09 Juin 2025 \u00e0 09:21<\/p>\n<p itemprop=\"description\" class=\"chapo\">La parade nautique remontera la Loire le samedi 14 juin et s&rsquo;\u00e9lancera \u00e0 14h40 sous le Pont de Saint-Nazaire.<\/p>\n<p>\nLe Belem lors de l&rsquo;\u00e9dition 2019 de D\u00e9bord de Loire \u00a9 Webmaster Ace Wikipedia\n<\/p>\n<p>Pr\u00e9parez-vous \u00e0 lever l\u2019ancre pour une semaine de f\u00eate sur les rives de la Loire ! Du 12 au 18 juin 2025, l\u2019\u00e9v\u00e9nement nautique le plus festif de l\u2019Ouest revient pour une 4e \u00e9dition qui promet du grand spectacle, avec un th\u00e8me r\u00e9solument tourn\u00e9 vers l\u2019aventure : les routes maritimes.<\/p>\n<p>200 bateaux, des histoires, et des voiles de l\u00e9gende<\/p>\n<p>Entre Saint-Br\u00e9vin-les-Pins et Mauves-sur-Loire, la Loire se transforme en sc\u00e8ne vivante, entre traditions marines, culture, et esprit de f\u00eate. D\u00e9bord de Loire rassemblera plus de 200 bateaux, dont certains venus tout droit d\u2019un autre temps. Parmi les vedettes de cette grande travers\u00e9e fluviale, le Belem tiendra la barre. Le majestueux trois-m\u00e2ts, n\u00e9 \u00e0 Nantes en 1896, revient sur son fleuve natal apr\u00e8s avoir brillamment transport\u00e9 <a href=\"https:\/\/www.saintnazairenews.fr\/news\/actuellement-a-saint-nazaire-le-belem-ramenera-la-flamme-olympique-en-france-en-2024\" target=\"_blank\" rel=\"noopener\">la flamme olympique<\/a> d&rsquo;Ath\u00e8nes \u00e0 Marseille en 2024. \u00c0 ses c\u00f4t\u00e9s : L\u2019\u00c9toile du Roy, une r\u00e9plique spectaculaire d\u2019une fr\u00e9gate anglaise du XVIIIe si\u00e8cle, qui a jou\u00e9 les stars au cin\u00e9ma dans Le Comte de Monte-Cristo, et La Recouvrance, la go\u00e9lette embl\u00e9matique de Brest. Le public pourra \u00e9galement admirer <a href=\"https:\/\/www.saintnazairenews.fr\/news\/au-depart-de-saint-nazaire-une-croisiere-en-bateau-a-vapeur-pour-remonter-la-loire\" target=\"_blank\" rel=\"noopener\">l\u2019\u00e9l\u00e9gant Hydrograaf<\/a>, ancien navire de la marine n\u00e9erlandaise devenu bateau-mus\u00e9e.<\/p>\n<p>Un d\u00e9fil\u00e9 maritime spectaculaire<\/p>\n<p>Clou du spectacle, la grande parade nautique est pr\u00e9vue pour le <strong>samedi 14 juin<\/strong>. D\u00e8s <strong>14h40<\/strong>, sous le pont de Saint-Nazaire, les plus beaux navires se mettront en route vers Nantes, dans un cort\u00e8ge flottant qui m\u00ealera vieux gr\u00e9ements, voiliers modernes, bateaux de travail et sportifs. Parmi eux, <a href=\"https:\/\/www.saintnazairenews.fr\/news\/saint-nazaire-2-sportifs-de-haut-niveau-en-conference-au-jobdating-special-industrie\" target=\"_blank\" rel=\"noopener\">l\u2019Imoca Les P\u2019tits Doudous<\/a>, skipp\u00e9 par le Nantais Armel Tripon, qui se pr\u00e9pare d\u00e9j\u00e0 pour le Vend\u00e9e Globe 2028. O\u00f9 encore une remarquable r\u00e9plique de <a href=\"https:\/\/www.saintnazairenews.fr\/news\/port-de-pornichet-une-replique-de-drakkar-viking-ouverte-a-la-visite-durant-3-jours\" target=\"_blank\" rel=\"noopener\">drakkar viking<\/a> ! Une rencontre entre pass\u00e9, pr\u00e9sent et futur du monde maritime. La flotte fera escale ou passera \u00e0 proximit\u00e9 de plusieurs communes, chacune apportant sa touche festive sur ses berges : Paimb\u0153uf \u00e0 15h48, Cordemais \u00e0 16h22, Le Pellerin \u00e0 18h22 (moment fort avec la jonction des flottes), Cou\u00ebron \u00e0 18h36, Haute-Indre \u00e0 19h16, Pont de Chevir\u00e9 \u00e0 19h31, Trentemoult \u00e0 20h00, et enfin Nantes \u2013 Quai de la Fosse \u00e0 20h10.<\/p>\n<p>D\u00e9bord de Loire du 12 au 18 juin 2025 \u2022 Programme complet des visites de bateaux, des animations et temps forts sur www.deborddeloire.fr.<\/p>\n","protected":false},"excerpt":{"rendered":"Publi\u00e9 par Soizick David, le 09 Juin 2025 \u00e0 09:21 La parade nautique remontera la Loire le samedi&hellip;\n","protected":false},"author":2,"featured_media":164451,"comment_status":"","ping_status":"","sticky":false,"template":"","format":"standard","meta":{"footnotes":""},"categories":[2818],"tags":[1111,11,3723,1777,674,1011,27,1114,766,13694,12,2636,25,3213],"class_list":{"0":"post-164450","1":"post","2":"type-post","3":"status-publish","4":"format-standard","5":"has-post-thumbnail","7":"category-nantes","8":"tag-actu","9":"tag-actualites","10":"tag-actus","11":"tag-eu","12":"tag-europe","13":"tag-fr","14":"tag-france","15":"tag-infos","16":"tag-nantes","17":"tag-nazaire","18":"tag-news","19":"tag-pays-de-la-loire","20":"tag-republique-francaise","21":"tag-saint"},"share_on_mastodon":{"url":"https:\/\/pubeurope.com\/@fr\/114656268989316584","error":""},"_links":{"self":[{"href":"https:\/\/www.europesays.com\/fr\/wp-json\/wp\/v2\/posts\/164450","targetHints":{"allow":["GET"]}}],"collection":[{"href":"https:\/\/www.europesays.com\/fr\/wp-json\/wp\/v2\/posts"}],"about":[{"href":"https:\/\/www.europesays.com\/fr\/wp-json\/wp\/v2\/types\/post"}],"author":[{"embeddable":true,"href":"https:\/\/www.europesays.com\/fr\/wp-json\/wp\/v2\/users\/2"}],"replies":[{"embeddable":true,"href":"https:\/\/www.europesays.com\/fr\/wp-json\/wp\/v2\/comments?post=164450"}],"version-history":[{"count":0,"href":"https:\/\/www.europesays.com\/fr\/wp-json\/wp\/v2\/posts\/164450\/revisions"}],"wp:featuredmedia":[{"embeddable":true,"href":"https:\/\/www.europesays.com\/fr\/wp-json\/wp\/v2\/media\/164451"}],"wp:attachment":[{"href":"https:\/\/www.europesays.com\/fr\/wp-json\/wp\/v2\/media?parent=164450"}],"wp:term":[{"taxonomy":"category","embeddable":true,"href":"https:\/\/www.europesays.com\/fr\/wp-json\/wp\/v2\/categories?post=164450"},{"taxonomy":"post_tag","embeddable":true,"href":"https:\/\/www.europesays.com\/fr\/wp-json\/wp\/v2\/tags?post=164450"}],"curies":[{"name":"wp","href":"https:\/\/api.w.org\/{rel}","templated":true}]}}