{"id":164455,"date":"2025-06-10T00:38:13","date_gmt":"2025-06-10T00:38:13","guid":{"rendered":"https:\/\/www.europesays.com\/fr\/164455\/"},"modified":"2025-06-10T00:38:13","modified_gmt":"2025-06-10T00:38:13","slug":"la-voile-blanche-adresse-mythique-de-toulouse-veut-marquer-les-esprits-pour-son-grand-opening","status":"publish","type":"post","link":"https:\/\/www.europesays.com\/fr\/164455\/","title":{"rendered":"La Voile Blanche, adresse mythique de Toulouse, veut marquer les esprits pour son grand opening"},"content":{"rendered":"<p>            Par<br \/>\n        <strong><br \/>\n            <a href=\"https:\/\/actu.fr\/auteur\/pascal-pallas\" title=\"Consulter tous les articles de Pascal Pallas\" target=\"_blank\" rel=\"noopener\">Pascal Pallas<\/a><br \/>\n        <\/strong><\/p>\n<p>        Publi\u00e9 le<\/p>\n<p>            9 juin 2025 \u00e0 18h20        <\/p>\n<p>Adresse incontournable de l\u2019\u00e9t\u00e9 \u00e0 <strong><a href=\"http:\/\/actu.fr\/toulouse\" target=\"_blank\" rel=\"noopener\">Toulouse<\/a><\/strong>, <strong>La Voile Blanche<\/strong> lance sa saison estivale samedi 14 juin 2025. Et en grande pompe !<\/p>\n<p class=\" wall-content\">\u00ab\u00a0On veut en faire <strong>un moment fort<\/strong> pour les Toulousains\u00a0\u00bb, scande <strong>Jean-Christophe Gonzalez<\/strong>, directeur du d\u00e9sormais c\u00e9l\u00e8bre \u00e9tablissement de la zone de Sesqui\u00e8res, au nord de la Ville rose.\u00a0<\/p>\n<p>Plateau de DJ\u2019s, performers sc\u00e9nique et feu d\u2019artifice<\/p>\n<p class=\" wall-content\">\u00ab\u00a0On a cherch\u00e9 \u00e0 cr\u00e9er un \u00e9v\u00e9nement spectaculaire qui fera vibrer le public d\u00e8s les premi\u00e8res notes\u00a0\u00bb, promet Jean-Christophe Gonzalez.\u00a0<\/p>\n<p class=\" wall-content\">Au menu, du bon son : saxophoniste en live, duo de chanteurs en ouverture puis un plateau de DJ\u2019s reconnus : <strong>DJ Tay<\/strong>, <strong>Jaja &amp; RK<\/strong>. Et de sacr\u00e9es performances : un show feu impressionnant ainsi que des performers sc\u00e9niques : Danseurs by \u00ab\u00a0l\u2019Agence By Rosa\u00a0\u00bb et Performeurs de feu. Un <strong>feu d\u2019artifice<\/strong> cl\u00f4turera les festivit\u00e9s.\u00a0<\/p>\n<p class=\" wall-content\">Durant cette soir\u00e9e, et comme tout au long de l\u2019\u00e9t\u00e9, La Voile Blanche propose \u00e9galement la <strong>nouvelle carte<\/strong> de son restaurant et de son bar \u00e0 tapas d\u00e8s 19h30.\u00a0<\/p>\n<p>Vid\u00e9os : en ce moment sur Actu<\/p>\n<p class=\" wall-content\"><strong>Showcase de Gims et Tayc<\/strong><\/p>\n<p class=\" wall-content\">Ce \u00ab\u00a0grand opening\u00a0\u00bb inaugurera une saison qui promet d\u2019\u00eatre constamment ambianc\u00e9e par des soir\u00e9es \u00e0 th\u00e8mes ou de show d\u2019artistes en vue.\u00a0 Parmi les soir\u00e9es \u00e0 ne pas manquer :<\/p>\n<ul class=\" wall-content\">\n<li>Samedi 28 juin : soir\u00e9e Cuba<\/li>\n<li>Vendredi 4 juillet : anniversaire de La Voile Blanche<\/li>\n<li>Vendredi 18 juillet : showcase de Gims<\/li>\n<li>Vendredi 25 juillet : Soir\u00e9e Rose<\/li>\n<li>Vendredi 1er ao\u00fbt : showcase de Tayc<\/li>\n<li>Jeudi 28 ao\u00fbt : Soir\u00e9e Blanche<\/li>\n<\/ul>\n<p>Des pool partys tout l\u2019\u00e9t\u00e9<\/p>\n<p class=\" wall-content\">La Voile Blanche est \u00e9galement ouverte en mode <strong>pool party<\/strong> les mercredis et dimanches apr\u00e8s-midi ainsi qu\u2019en mode \u00ab\u00a0Beach Club\u00a0\u00bb en journ\u00e9e du jeudi au samedi.\u00a0<\/p>\n<p class=\" wall-content\">Un \u00e9v\u00e9nement pool party avec DJ K est aussi programm\u00e9 dimanche 24 ao\u00fbt.\u00a0<\/p>\n<p><strong>Infos pratiques :<br \/><\/strong>La Voile Blanche<br \/>\nParc de Sesqui\u00e8res, 26 All. des Foulques, 31200 Toulouse.<br \/>\nOuverture restaurant : service midi : du mardi au vendredi de 12h \u00e0 14h \u2013 service du soir : du jeudi au samedi de 19h30 \u00e0 23h.<br \/>\nR\u00e9servations : 05 62 27 07 45.\u00a0<br \/>\nSite : <a href=\"https:\/\/www.lavoile-blanche.fr\/\" target=\"_blank\" rel=\"noopener\">lavoile-blanche.fr<\/a><\/p>\n<p class=\" wall-content\">Suivez toute l\u2019actualit\u00e9 de vos villes et m\u00e9dias favoris en vous inscrivant \u00e0 <a href=\"https:\/\/moncompte.actu.fr\" title=\"D\u00e9couvez Mon Actu\" rel=\"nofollow noopener\" data-trk=\"{&quot;cta&quot;:{&quot;action&quot;:&quot;https:\\\/\\\/moncompte.actu.fr&quot;,&quot;category&quot;:&quot;mon compte&quot;,&quot;from&quot;:&quot;article footer&quot;,&quot;name&quot;:&quot;Mon actu&quot;,&quot;type&quot;:&quot;cta&quot;}}\" target=\"_blank\">Mon Actu<\/a>.<\/p>\n<ul class=\"ac-article-tag wall-content\">\n<li><a href=\"https:\/\/actu.fr\/tag\/guinguettes-a-toulouse\" data-trk=\"{&quot;cta&quot;:{&quot;action&quot;:&quot;Guinguettes \\u00e0 Toulouse&quot;,&quot;category&quot;:&quot;tag&quot;,&quot;from&quot;:&quot;article footer&quot;,&quot;name&quot;:&quot;Guinguettes \\u00e0 Toulouse&quot;,&quot;type&quot;:&quot;cta&quot;}}\" target=\"_blank\" rel=\"noopener\">#Guinguettes \u00e0 Toulouse<\/a><\/li>\n<li><a href=\"https:\/\/actu.fr\/tag\/sortir-a-toulouse\" data-trk=\"{&quot;cta&quot;:{&quot;action&quot;:&quot;Sortir \\u00e0 Toulouse&quot;,&quot;category&quot;:&quot;tag&quot;,&quot;from&quot;:&quot;article footer&quot;,&quot;name&quot;:&quot;Sortir \\u00e0 Toulouse&quot;,&quot;type&quot;:&quot;cta&quot;}}\" target=\"_blank\" rel=\"noopener\">#Sortir \u00e0 Toulouse<\/a><\/li>\n<\/ul>\n","protected":false},"excerpt":{"rendered":"Par Pascal Pallas Publi\u00e9 le 9 juin 2025 \u00e0 18h20 Adresse incontournable de l\u2019\u00e9t\u00e9 \u00e0 Toulouse, La Voile&hellip;\n","protected":false},"author":2,"featured_media":164456,"comment_status":"","ping_status":"","sticky":false,"template":"","format":"standard","meta":{"footnotes":""},"categories":[2816],"tags":[1111,11,1777,674,1011,27,14574,1652,12,2680,25,1341,2312],"class_list":{"0":"post-164455","1":"post","2":"type-post","3":"status-publish","4":"format-standard","5":"has-post-thumbnail","7":"category-toulouse","8":"tag-actu","9":"tag-actualites","10":"tag-eu","11":"tag-europe","12":"tag-fr","13":"tag-france","14":"tag-guinguettes-a-toulouse","15":"tag-loisirs-culture","16":"tag-news","17":"tag-occitanie","18":"tag-republique-francaise","19":"tag-sortir-a-toulouse","20":"tag-toulouse"},"share_on_mastodon":{"url":"https:\/\/pubeurope.com\/@fr\/114656282188396894","error":""},"_links":{"self":[{"href":"https:\/\/www.europesays.com\/fr\/wp-json\/wp\/v2\/posts\/164455","targetHints":{"allow":["GET"]}}],"collection":[{"href":"https:\/\/www.europesays.com\/fr\/wp-json\/wp\/v2\/posts"}],"about":[{"href":"https:\/\/www.europesays.com\/fr\/wp-json\/wp\/v2\/types\/post"}],"author":[{"embeddable":true,"href":"https:\/\/www.europesays.com\/fr\/wp-json\/wp\/v2\/users\/2"}],"replies":[{"embeddable":true,"href":"https:\/\/www.europesays.com\/fr\/wp-json\/wp\/v2\/comments?post=164455"}],"version-history":[{"count":0,"href":"https:\/\/www.europesays.com\/fr\/wp-json\/wp\/v2\/posts\/164455\/revisions"}],"wp:featuredmedia":[{"embeddable":true,"href":"https:\/\/www.europesays.com\/fr\/wp-json\/wp\/v2\/media\/164456"}],"wp:attachment":[{"href":"https:\/\/www.europesays.com\/fr\/wp-json\/wp\/v2\/media?parent=164455"}],"wp:term":[{"taxonomy":"category","embeddable":true,"href":"https:\/\/www.europesays.com\/fr\/wp-json\/wp\/v2\/categories?post=164455"},{"taxonomy":"post_tag","embeddable":true,"href":"https:\/\/www.europesays.com\/fr\/wp-json\/wp\/v2\/tags?post=164455"}],"curies":[{"name":"wp","href":"https:\/\/api.w.org\/{rel}","templated":true}]}}