{"id":164469,"date":"2025-06-10T00:49:15","date_gmt":"2025-06-10T00:49:15","guid":{"rendered":"https:\/\/www.europesays.com\/fr\/164469\/"},"modified":"2025-06-10T00:49:15","modified_gmt":"2025-06-10T00:49:15","slug":"le-comite-dorganisation-des-jo-de-paris-2024-annonce-un-excedent-de-76-millions-deuros-trois-fois-plus-que-prevu-liberation","status":"publish","type":"post","link":"https:\/\/www.europesays.com\/fr\/164469\/","title":{"rendered":"Le Comit\u00e9 d\u2019organisation des JO de Paris\u00a02024 annonce un exc\u00e9dent de 76\u00a0millions d\u2019euros, trois fois plus que pr\u00e9vu \u2013 Lib\u00e9ration"},"content":{"rendered":"<p class=\"sc-ksZaOG ehjQrN text-element\">Une divine surprise. Le Comit\u00e9 d\u2019organisation des Jeux olympiques de Paris-2024 (Cojo) a revu \u00e0 la hausse l\u2019exc\u00e9dent de son budget \u00e0 environ 76 millions d\u2019euros, <a href=\"https:\/\/www.liberation.fr\/sports\/jeux-olympiques\/jo-de-paris-2024-le-cojo-annonce-un-excedent-de-budget-et-des-emissions-de-co2-en-baisse-par-rapport-aux-editions-precedentes-20241211_GY3APSXOC5EE5CRA2GRXPNWBXI\/#:~:text=Apr%C3%A8s%20avoir%20fait%20les%20ultimes,millions%20d&#039;euros%20aux%20d%C3%A9penses.\" target=\"_blank\" rel=\"noopener\" title=\"https:\/\/www.liberation.fr\/sports\/jeux-olympiques\/jo-de-paris-2024-le-cojo-annonce-un-excedent-de-budget-et-des-emissions-de-co2-en-baisse-par-rapport-aux-editions-precedentes-20241211_GY3APSXOC5EE5CRA2GRXPNWBXI\/#:~:text=Apr%C3%A8s%20avoir%20fait%20les%20ultimes,millions%20d&#039;euros%20aux%20d%C3%A9penses.\">contre 27 annonc\u00e9s en d\u00e9cembre<\/a>, ont indiqu\u00e9 dimanche les organisateurs \u00e0 quelques jours de la cl\u00f4ture des comptes. \u00abLes \u00e9volutions ont permis de pr\u00e9senter une am\u00e9lioration, avec un chiffre consolid\u00e9 autour de 76 millions d\u2019euros d\u2019exc\u00e9dent pour Paris 2024\u00bb, a d\u00e9clar\u00e9 Tony Estanguet, pr\u00e9sident du Comit\u00e9 d\u2019organisation, \u00e0 quelques journalistes, dont l\u2019AFP.<\/p>\n<p class=\"sc-ksZaOG ehjQrN text-element\">Selon Fabrice Lacroix, directeur financier de Paris 2024, <a href=\"https:\/\/www.liberation.fr\/economie\/jo-de-paris-2024-un-cout-maitrise-et-des-retombees-esperees-20240423_L6CSFNR525BQ5ECQHOFL4F7LPY\/\" target=\"_blank\" rel=\"noopener\" title=\"https:\/\/www.liberation.fr\/economie\/jo-de-paris-2024-un-cout-maitrise-et-des-retombees-esperees-20240423_L6CSFNR525BQ5ECQHOFL4F7LPY\/\">le budget de l\u2019organisation des Jeux <\/a>s\u2019\u00e9tablit \u00e0 4,494 milliards d\u2019euros pour la partie recettes et 4,418 milliards pour les d\u00e9penses (dans le dossier de candidature, le budget \u00e9tait estim\u00e9 \u00e0 3,2 milliards et avait \u00e9t\u00e9 revu \u00e0 3,8 milliards en 2018).<\/p>\n<p class=\"sc-ksZaOG ehjQrN text-element\"><a href=\"https:\/\/www.liberation.fr\/sports\/jeux-olympiques\/les-jo-de-paris-pourraient-couter-entre-trois-et-cinq-milliards-deuros-dargent-public-20240326_ZHCJJ27PTRHBVNWRPZ6A4WOQUQ\/\" target=\"_blank\" rel=\"noopener\" title=\"https:\/\/www.liberation.fr\/sports\/jeux-olympiques\/les-jo-de-paris-pourraient-couter-entre-trois-et-cinq-milliards-deuros-dargent-public-20240326_ZHCJJ27PTRHBVNWRPZ6A4WOQUQ\/\">Les recettes budg\u00e9taires du Cojo sont quasi enti\u00e8rement priv\u00e9es<\/a>, reposant sur les sponsors, la dotation vers\u00e9e par le Comit\u00e9 international olympique (CIO) et la billetterie. C\u00f4t\u00e9 argent public (Etat et collectivit\u00e9s), le montant encore incomplet des co\u00fbts publics, couvrant notamment une partie de la construction des ouvrages olympiques, figure \u00e0 hauteur de 2,46 milliards d\u2019euros dans un document du budget 2025. Mais le premier pr\u00e9sident de la Cour des comptes, Pierre Moscovici, avait \u00e9voqu\u00e9 en mars 2024 un co\u00fbt public \u00abentre 3 et 5 milliards\u00bb.<\/p>\n<p class=\"sc-ksZaOG ehjQrN text-element\">L\u2019annonce de la hausse de l\u2019exc\u00e9dent intervient quelques jours avant la r\u00e9union du conseil d\u2019administration du Cojo, le 17 juin, qui cl\u00f4turera les comptes et laissera la place \u00e0 un liquidateur en vue de la dissolution du comit\u00e9 organisateur. L\u2019exc\u00e9dent final sera \u00abau-del\u00e0\u00bb des 76 millions d\u2019euros, a avanc\u00e9 Tony Estanguet.<\/p>\n<p class=\"sc-ksZaOG ehjQrN text-element\">Le directeur financier a pr\u00e9cis\u00e9 que le passage de 27 \u00e0 76 millions d\u2019exc\u00e9dent \u00e9tait d\u00fb \u00e0 des cl\u00f4tures de n\u00e9gociations et autres ajustements de contrats avec des fournisseurs, ainsi qu\u2019\u00e0 quelques \u00abbonnes nouvelles\u00bb comme des \u00e9volutions de taux de change, des r\u00e9sultats de placements, des recettes de billetterie et de produits licenci\u00e9s.<\/p>\n<p class=\"sc-ksZaOG ehjQrN text-element\">Tony Estanguet a soulign\u00e9 que les 76 millions d\u2019euros d\u2019exc\u00e9dent, \u00abc\u2019est de l\u2019argent qui va au sport\u00bb : 20 % seront revers\u00e9s au Comit\u00e9 olympique fran\u00e7ais (CNOSF), 60 % au fonds de dotation de Paris 2024, g\u00e9r\u00e9 entre autres par le CNOSF, le Comit\u00e9 paralympique, la ville de Paris et la r\u00e9gion Ile-de-France. Les derniers 20 % reviennent au Comit\u00e9 international olympique (CIO).<\/p>\n<p class=\"sc-ksZaOG ehjQrN text-element\">Le Cojo a \u00e9galement pr\u00e9vu de contribuer \u00e0 hauteur de 5 millions d\u2019euros au retour de la vasque olympique dans les jardins des Tuileries, \u00e0 Paris, pendant les trois prochains \u00e9t\u00e9s.<\/p>\n","protected":false},"excerpt":{"rendered":"Une divine surprise. Le Comit\u00e9 d\u2019organisation des Jeux olympiques de Paris-2024 (Cojo) a revu \u00e0 la hausse l\u2019exc\u00e9dent&hellip;\n","protected":false},"author":2,"featured_media":164470,"comment_status":"","ping_status":"","sticky":false,"template":"","format":"standard","meta":{"footnotes":""},"categories":[1888],"tags":[1111,1928,11,1927,1777,674,1011,27,7941,12,1926,626,1925,25,29441],"class_list":{"0":"post-164469","1":"post","2":"type-post","3":"status-publish","4":"format-standard","5":"has-post-thumbnail","7":"category-paris","8":"tag-actu","9":"tag-actu-paris","10":"tag-actualites","11":"tag-actualites-paris","12":"tag-eu","13":"tag-europe","14":"tag-fr","15":"tag-france","16":"tag-jo-paris-2024","17":"tag-news","18":"tag-news-paris","19":"tag-paris","20":"tag-paris-news","21":"tag-republique-francaise","22":"tag-tony-estanguet"},"share_on_mastodon":{"url":"https:\/\/pubeurope.com\/@fr\/114656324042107466","error":""},"_links":{"self":[{"href":"https:\/\/www.europesays.com\/fr\/wp-json\/wp\/v2\/posts\/164469","targetHints":{"allow":["GET"]}}],"collection":[{"href":"https:\/\/www.europesays.com\/fr\/wp-json\/wp\/v2\/posts"}],"about":[{"href":"https:\/\/www.europesays.com\/fr\/wp-json\/wp\/v2\/types\/post"}],"author":[{"embeddable":true,"href":"https:\/\/www.europesays.com\/fr\/wp-json\/wp\/v2\/users\/2"}],"replies":[{"embeddable":true,"href":"https:\/\/www.europesays.com\/fr\/wp-json\/wp\/v2\/comments?post=164469"}],"version-history":[{"count":0,"href":"https:\/\/www.europesays.com\/fr\/wp-json\/wp\/v2\/posts\/164469\/revisions"}],"wp:featuredmedia":[{"embeddable":true,"href":"https:\/\/www.europesays.com\/fr\/wp-json\/wp\/v2\/media\/164470"}],"wp:attachment":[{"href":"https:\/\/www.europesays.com\/fr\/wp-json\/wp\/v2\/media?parent=164469"}],"wp:term":[{"taxonomy":"category","embeddable":true,"href":"https:\/\/www.europesays.com\/fr\/wp-json\/wp\/v2\/categories?post=164469"},{"taxonomy":"post_tag","embeddable":true,"href":"https:\/\/www.europesays.com\/fr\/wp-json\/wp\/v2\/tags?post=164469"}],"curies":[{"name":"wp","href":"https:\/\/api.w.org\/{rel}","templated":true}]}}