{"id":164475,"date":"2025-06-10T00:52:11","date_gmt":"2025-06-10T00:52:11","guid":{"rendered":"https:\/\/www.europesays.com\/fr\/164475\/"},"modified":"2025-06-10T00:52:11","modified_gmt":"2025-06-10T00:52:11","slug":"lukraine-et-la-russie-entament-un-nouvel-echange-de-prisonniers-de-guerre","status":"publish","type":"post","link":"https:\/\/www.europesays.com\/fr\/164475\/","title":{"rendered":"L&rsquo;Ukraine et la Russie entament un nouvel \u00e9change de prisonniers de guerre"},"content":{"rendered":"<p>L&rsquo;Ukraine et la Russie ont entam\u00e9 un nouvel \u00e9change de prisonniers de guerre, \u00e0 la suite de l&rsquo;accord conclu lors du deuxi\u00e8me cycle de n\u00e9gociations directes qui s&rsquo;est tenu \u00e0 Istanbul lundi dernier.<\/p>\n<p>\u00ab\u00a0Les Ukrainiens reviennent de la captivit\u00e9 russe\u00a0\u00bb, a d\u00e9clar\u00e9 le pr\u00e9sident <strong>Volodymyr Zelensky<\/strong> dans un communiqu\u00e9.<\/p>\n<p>\u00ab\u00a0L&rsquo;\u00e9change a commenc\u00e9 aujourd&rsquo;hui et se poursuivra en plusieurs \u00e9tapes au cours des prochains jours. Parmi les personnes renvoy\u00e9es figurent des prisonniers bless\u00e9s ou gravement bless\u00e9s, ainsi que des personnes \u00e2g\u00e9es de moins de 25 ans\u00a0\u00bb, a ajout\u00e9 le pr\u00e9sident ukrainien.<\/p>\n<p>Le minist\u00e8re russe de la D\u00e9fense a confirm\u00e9 le retour du premier groupe de ses prisonniers de guerre, sans donner de d\u00e9tails sur les soldats \u00e9chang\u00e9s.<\/p>\n<p>Le quartier g\u00e9n\u00e9ral ukrainien de coordination pour le traitement des prisonniers de guerre a d\u00e9clar\u00e9 que le premier groupe de prisonniers lib\u00e9r\u00e9s comprenait des membres de la marine, des forces terrestres, de l&rsquo;arm\u00e9e de l&rsquo;air, de la garde nationale, du service des gardes-fronti\u00e8res, de la d\u00e9fense territoriale et du service de transport sp\u00e9cial de l&rsquo;Ukraine.<\/p>\n<p>Les d\u00e9fenseurs de <a href=\"https:\/\/fr.news.yahoo.com\/mort-%C3%A9tait-in%C3%A9vitable-prisonniers-guerre-105232219.html\" data-ylk=\"slk:Mariupol;elm:context_link;itc:0;sec:content-canvas;outcm:mb_qualified_link;_E:mb_qualified_link;ct:story;\" class=\"link  yahoo-link\" rel=\"nofollow noopener\" target=\"_blank\"><strong>Mariupol<\/strong><\/a>, qui ont pass\u00e9 plus de trois ans en captivit\u00e9 en Russie, font partie des prisonniers restitu\u00e9s lundi.<\/p>\n<p>\u00ab\u00a0La plupart des personnes restitu\u00e9es ont \u00e9t\u00e9 captur\u00e9es au cours des premiers jours de l&rsquo;invasion russe de 2022\u00a0\u00bb, a d\u00e9clar\u00e9 le m\u00e9diateur ukrainien, <strong>Dmytro Lubinets<\/strong>.<\/p>\n<p>\u00ab\u00a0Nous accueillons chaleureusement tous ceux qui peuvent d\u00e9sormais respirer l&rsquo;air de leur patrie apr\u00e8s des ann\u00e9es de captivit\u00e9\u00a0\u00bb, notre \u00e9quipe partage la joie des familles qui ont re\u00e7u cet appel pr\u00e9cieux et tant attendu, a-t-il ajout\u00e9.<\/p>\n<p>Kyiv n&rsquo;a pas divulgu\u00e9 le nombre total de prisonniers de guerre rapatri\u00e9s lundi, invoquant des raisons de s\u00e9curit\u00e9.<\/p>\n<p>Il y a quelques jours, Volodymyr Zelensky avait d\u00e9clar\u00e9 que l&rsquo;Ukraine souhaitait rapatrier 500 prisonniers dans le cadre de l&rsquo;\u00e9change qui a eu lieu samedi et dimanche, mais qui n&rsquo;a finalement pas eu lieu.<\/p>\n<p><img decoding=\"async\" class=\"caas-img caas-lazy has-preview\" alt=\"Des soldats ukrainiens r\u00e9agissent apr\u00e8s leur retour de captivit\u00e9 lors d'un \u00e9change entre la Russie et l'Ukraine.\" src=\"https:\/\/www.europesays.com\/fr\/wp-content\/uploads\/2025\/06\/5155526d379d2837716bfe8f9cd74efb.jpeg\"\/><\/p>\n<p> Des soldats ukrainiens r\u00e9agissent apr\u00e8s leur retour de captivit\u00e9 lors d&rsquo;un \u00e9change entre la Russie et l&rsquo;Ukraine.   &#8211; AP\/Ukrainian Presidential Press Office <\/p>\n<p><strong>Restitution des corps des soldats tomb\u00e9s au combat<\/strong><\/p>\n<p>Kyiv et Moscou ont convenu que l&rsquo;\u00e9change inclurait les jeunes soldats de moins de 25 ans, les bless\u00e9s graves et les personnes gravement malades. Les deux parties ont \u00e9galement convenu d&rsquo;\u00e9changer les corps des militaires d\u00e9c\u00e9d\u00e9s.<\/p>\n<p>Dimanche, la Russie a accus\u00e9 l&rsquo;Ukraine de reporter l&rsquo;\u00e9change et de ne pas respecter l&rsquo;accord.<\/p>\n<p>Moscou a d\u00e9clar\u00e9 que les trains transportant les corps des soldats ukrainiens devaient partir en direction de la fronti\u00e8re ukrainienne, accusant Kyiv de \u00ab\u00a0ne pas les r\u00e9cup\u00e9rer\u00a0\u00bb.<\/p>\n<p>Un des n\u00e9gociateurs, le Lieutenant-G\u00e9n\u00e9ral <strong>Alexander Zorin<\/strong> a d\u00e9clar\u00e9 \u00e0 l&rsquo;agence de presse \u00e9tatique TASS, que le transfert de \u00ab\u00a0plus de 6 000 corps (ukrainiens)\u00a0\u00bb avait \u00e9t\u00e9 convenu lors des pourparlers en Turquie.<\/p>\n<p><b class=\"c-widget-related__title__text\">Related<\/b><\/p>\n<p><strong>Kyrylo Budanov<\/strong>, chef des services de renseignement de la d\u00e9fense ukrainienne, a d\u00e9clar\u00e9 que l&rsquo;Ukraine respectait scrupuleusement les accords conclus lors du deuxi\u00e8me cycle de n\u00e9gociations \u00e0 Istanbul.<\/p>\n<p>Budanov a affirm\u00e9 que le d\u00e9but des \u00ab\u00a0mesures de rapatriement\u00a0\u00bb \u00e9tait pr\u00e9vu pour la semaine prochaine, ce dont la partie russe l&rsquo;aurait inform\u00e9 il y a quelques jours.<\/p>\n<p>Dans son discours de dimanche, Zelensky a accus\u00e9 la Russie de \u00ab\u00a0jouer un sale jeu politique et d&rsquo;information\u00a0\u00bb sur l&rsquo;\u00e9change convenu de prisonniers de guerre.<\/p>\n<p>Kyiv affirme avoir ramen\u00e9 plus de 5 000 prisonniers de guerre dans le cadre d&rsquo;une s\u00e9rie d&rsquo;\u00e9changes depuis mars.<\/p>\n<p>L&rsquo;Ukraine continue de proposer \u00e0 la Russie un \u00e9change \u00ab\u00a0<strong>tous contre tous<\/strong>\u00ab\u00a0, proposition que Moscou a rejet\u00e9e jusqu&rsquo;\u00e0 pr\u00e9sent.<\/p>\n","protected":false},"excerpt":{"rendered":"L&rsquo;Ukraine et la Russie ont entam\u00e9 un nouvel \u00e9change de prisonniers de guerre, \u00e0 la suite de l&rsquo;accord&hellip;\n","protected":false},"author":2,"featured_media":164476,"comment_status":"","ping_status":"","sticky":false,"template":"","format":"standard","meta":{"footnotes":""},"categories":[1591],"tags":[11,29750,1887,5493,1877,12,15307,1885,1886,132,134],"class_list":{"0":"post-164475","1":"post","2":"type-post","3":"status-publish","4":"format-standard","5":"has-post-thumbnail","7":"category-russie","8":"tag-actualites","9":"tag-deuxieme-cycle","10":"tag-federation-de-russie","11":"tag-lukraine","12":"tag-la-defense","13":"tag-news","14":"tag-prisonniers-de-guerre","15":"tag-russia","16":"tag-russian-federation","17":"tag-russie","18":"tag-volodymyr-zelensky"},"share_on_mastodon":{"url":"https:\/\/pubeurope.com\/@fr\/114656336084509399","error":""},"_links":{"self":[{"href":"https:\/\/www.europesays.com\/fr\/wp-json\/wp\/v2\/posts\/164475","targetHints":{"allow":["GET"]}}],"collection":[{"href":"https:\/\/www.europesays.com\/fr\/wp-json\/wp\/v2\/posts"}],"about":[{"href":"https:\/\/www.europesays.com\/fr\/wp-json\/wp\/v2\/types\/post"}],"author":[{"embeddable":true,"href":"https:\/\/www.europesays.com\/fr\/wp-json\/wp\/v2\/users\/2"}],"replies":[{"embeddable":true,"href":"https:\/\/www.europesays.com\/fr\/wp-json\/wp\/v2\/comments?post=164475"}],"version-history":[{"count":0,"href":"https:\/\/www.europesays.com\/fr\/wp-json\/wp\/v2\/posts\/164475\/revisions"}],"wp:featuredmedia":[{"embeddable":true,"href":"https:\/\/www.europesays.com\/fr\/wp-json\/wp\/v2\/media\/164476"}],"wp:attachment":[{"href":"https:\/\/www.europesays.com\/fr\/wp-json\/wp\/v2\/media?parent=164475"}],"wp:term":[{"taxonomy":"category","embeddable":true,"href":"https:\/\/www.europesays.com\/fr\/wp-json\/wp\/v2\/categories?post=164475"},{"taxonomy":"post_tag","embeddable":true,"href":"https:\/\/www.europesays.com\/fr\/wp-json\/wp\/v2\/tags?post=164475"}],"curies":[{"name":"wp","href":"https:\/\/api.w.org\/{rel}","templated":true}]}}