{"id":164477,"date":"2025-06-10T00:53:14","date_gmt":"2025-06-10T00:53:14","guid":{"rendered":"https:\/\/www.europesays.com\/fr\/164477\/"},"modified":"2025-06-10T00:53:14","modified_gmt":"2025-06-10T00:53:14","slug":"un-nouveau-groupe-de-prisonniers-de-guerre-echange-entre-la-russie-et-lukraine-liberation","status":"publish","type":"post","link":"https:\/\/www.europesays.com\/fr\/164477\/","title":{"rendered":"Un nouveau groupe de prisonniers de guerre \u00e9chang\u00e9 entre la Russie et l\u2019Ukraine \u2013 Lib\u00e9ration"},"content":{"rendered":"<p class=\"sc-ksZaOG ehjQrN text-element\">L\u2019un des rares r\u00e9sultats des r\u00e9cents pourparlers. L\u2019Ukraine et la Russie ont annonc\u00e9 ce lundi 9 juin le d\u00e9but <a href=\"https:\/\/www.liberation.fr\/international\/europe\/lukraine-annonce-lechange-de-prisonniers-avec-la-russie-pour-la-semaine-prochaine-20250608_FU3RHZJNGZB3VNQESKD7PJCOPQ\/\" target=\"_blank\" rel=\"nofollow noopener\" title=\"https:\/\/www.liberation.fr\/international\/europe\/lukraine-annonce-lechange-de-prisonniers-avec-la-russie-pour-la-semaine-prochaine-20250608_FU3RHZJNGZB3VNQESKD7PJCOPQ\/\">d\u2019un nouvel \u00e9change de prisonniers de guerre<\/a> qui se poursuivra ces prochains jours. Ceux-ci n\u2019ont pas pr\u00e9cis\u00e9, pour des raisons de s\u00e9curit\u00e9, selon Kyiv, le nombre des soldats impliqu\u00e9s dans cet \u00e9change qui avait \u00e9t\u00e9 d\u00e9cid\u00e9 <a href=\"https:\/\/www.liberation.fr\/international\/la-russie-et-lukraine-entament-un-deuxieme-round-de-pourparlers-a-istanbul-20250602_CNC7KM22INAH7CSGS7QLLLUKGY\/\" target=\"_blank\" rel=\"nofollow noopener\" title=\"https:\/\/www.liberation.fr\/international\/la-russie-et-lukraine-entament-un-deuxieme-round-de-pourparlers-a-istanbul-20250602_CNC7KM22INAH7CSGS7QLLLUKGY\/\">au cours d\u2019un deuxi\u00e8me cycle de n\u00e9gociations directes<\/a>, \u00e0 Istanbul, le 2 juin.<\/p>\n<p class=\"sc-ksZaOG ehjQrN text-element\">Russes et Ukrainiens avaient alors convenu de lib\u00e9rer tous les prisonniers de guerre gri\u00e8vement bless\u00e9s ou malades et ceux \u00e2g\u00e9s de moins de 25 ans. Il s\u2019agissait de l\u2019un des seuls points d\u2019accord trouv\u00e9s pendant ces pourparlers, en plus d\u2019un \u00e9change \u00e0 venir de plusieurs milliers de corps de soldats tu\u00e9s au combat. Hormis cela, les n\u00e9gociations de paix sont dans l\u2019impasse.<\/p>\n<p class=\"sc-ksZaOG ehjQrN text-element\">\u00abUn premier groupe de militaires russes \u00e2g\u00e9s de moins de 25 ans a \u00e9t\u00e9 rapatri\u00e9 du territoire sous le contr\u00f4le du r\u00e9gime de Kyiv. En \u00e9change, le m\u00eame nombre de militaires de l\u2019arm\u00e9e ukrainienne a \u00e9t\u00e9 transf\u00e9r\u00e9\u00bb, a annonc\u00e9 le minist\u00e8re russe de la D\u00e9fense dans un communiqu\u00e9. Ce nouvel \u00ab\u00e9change a commenc\u00e9 aujourd\u2019hui et se d\u00e9roulera en plusieurs \u00e9tapes dans les prochains jours\u00bb, a ensuite expliqu\u00e9 le pr\u00e9sident ukrainien, Volodymyr Zelensky, pr\u00e9cisant que \u00able processus [\u00e9tait] assez complexe\u00bb et que \u00ables n\u00e9gociations se poursuivent pratiquement tous les jours\u00bb.<\/p>\n<p class=\"sc-ksZaOG ehjQrN text-element\">\u00abPour des raisons de s\u00e9curit\u00e9, le nombre final des personnes lib\u00e9r\u00e9es sera rendu public une fois le processus d\u2019\u00e9change termin\u00e9\u00bb, a pour sa part soulign\u00e9 le centre ukrainien de coordination pour les prisonniers de guerre, ajoutant que l\u2019on continuait aussi \u00e0 travailler au rapatriement des corps de soldats tu\u00e9s, comme convenu en Turquie.<\/p>\n<p class=\"sc-ksZaOG ehjQrN text-element\">Selon cette source, c\u2019est le 66e \u00e9change de prisonniers entre Kyiv et Moscou depuis le d\u00e9but de l\u2019invasion russe de grande ampleur en f\u00e9vrier 2022. Le m\u00e9diateur ukrainien pour les droits humains, Dmytro Loubinets, a, quant \u00e0 lui, d\u00e9clar\u00e9 que les militaires de son pays \u00e9chang\u00e9s lundi \u00e9taient \u00abdans leur vaste majorit\u00e9\u00bb en captivit\u00e9 depuis 2022.<\/p>\n<p class=\"sc-ksZaOG ehjQrN text-element\">Cela fait plus de trois ans que la Russie et l\u2019Ukraine proc\u00e8dent r\u00e9guli\u00e8rement \u00e0 des \u00e9changes de prisonniers et de d\u00e9pouilles de soldats. Les deux bellig\u00e9rants avaient d\u00e9j\u00e0 \u00e9chang\u00e9 <a href=\"https:\/\/www.liberation.fr\/international\/europe\/avec-lukraine-la-russie-echange-des-prisonniers-de-guerre-et-largue-ses-bombes-20250525_TMSBUZVJHFAH5BSHIOPYZCKFJQ\/\" target=\"_blank\" rel=\"noreferrer nofollow noopener\" title=\"https:\/\/www.liberation.fr\/international\/europe\/avec-lukraine-la-russie-echange-des-prisonniers-de-guerre-et-largue-ses-bombes-20250525_TMSBUZVJHFAH5BSHIOPYZCKFJQ\/\">quelque 1 000 personnes<\/a> de chaque camp, militaires et civils, \u00e0 l\u2019issue du premier nouveau cycle de n\u00e9gociations directes \u00e0 Istanbul, en mai. Ils sont toutefois loin d\u2019un r\u00e8glement durable du conflit ou m\u00eame d\u2019un cessez-le-feu.<\/p>\n<p class=\"sc-ksZaOG ehjQrN text-element\">Dans la nuit de dimanche \u00e0 lundi, des frappes russes ont eu lieu, comme quasiment quotidiennement. La Russie a lanc\u00e9 <a href=\"https:\/\/www.liberation.fr\/international\/europe\/la-russie-a-lance-dans-la-nuit-un-nombre-record-de-479-drones-sur-lukraine-20250609_SUUIAHNYIBFMDMQJNZI3FWX6Y4\/\" target=\"_blank\" rel=\"nofollow noopener\" title=\"https:\/\/www.liberation.fr\/international\/europe\/la-russie-a-lance-dans-la-nuit-un-nombre-record-de-479-drones-sur-lukraine-20250609_SUUIAHNYIBFMDMQJNZI3FWX6Y4\/\">un nombre record de 479 drones explosifs<\/a> sur l\u2019Ukraine, a annonc\u00e9 l\u2019arm\u00e9e de l\u2019air ukrainienne. La veille, l\u2019arm\u00e9e russe avait affirm\u00e9 attaquer la r\u00e9gion ukrainienne de Dnipropetrovsk, qui borde celles de Donetsk et de Zaporijia d\u00e9j\u00e0 partiellement sous contr\u00f4le russe, une premi\u00e8re en plus de trois ans de conflit.<\/p>\n<p class=\"sc-ksZaOG ehjQrN text-element\">La Russie continue d\u2019avancer des demandes maximalistes, \u00e0 savoir que l\u2019Ukraine lui c\u00e8de les territoires dont elle revendique l\u2019annexion et renonce \u00e0 entrer dans l\u2019Otan. Elle rejette la tr\u00eave \u00abinconditionnelle\u00bb de trente jours voulue par Kyiv et les Europ\u00e9ens, jugeant qu\u2019elle permettrait aux forces ukrainiennes de se r\u00e9armer gr\u00e2ce aux livraisons occidentales. L\u2019Ukraine r\u00e9clame, de son c\u00f4t\u00e9, le retrait pur et simple des troupes russes de son territoire et des \u00abgaranties de s\u00e9curit\u00e9\u00bb de la part des Occidentaux, que ce soit le d\u00e9ploiement de troupes sur place ou des accords militaires. Elle qualifie les exigences russes d\u2019\u00abultimatums\u00bb.<\/p>\n<p class=\"sc-ksZaOG ehjQrN text-element\">En d\u00e9cembre 2024, les autorit\u00e9s ukrainiennes avaient estim\u00e9 que plus de 16 000 civils ukrainiens \u00e9taient d\u00e9tenus par la Russie, sans pr\u00e9ciser le nombre des militaires prisonniers. Le nombre des soldats russes d\u00e9tenus en Ukraine n\u2019a pas \u00e9t\u00e9 d\u00e9voil\u00e9. Les deux camps s\u2019accusent mutuellement de violer la Convention de Gen\u00e8ve relative au traitement des prisonniers de guerre. Plusieurs militaires ukrainiens ont dit \u00e0 l\u2019AFP avoir \u00e9t\u00e9 tortur\u00e9s en captivit\u00e9.<\/p>\n","protected":false},"excerpt":{"rendered":"L\u2019un des rares r\u00e9sultats des r\u00e9cents pourparlers. L\u2019Ukraine et la Russie ont annonc\u00e9 ce lundi 9 juin le&hellip;\n","protected":false},"author":2,"featured_media":164478,"comment_status":"","ping_status":"","sticky":false,"template":"","format":"standard","meta":{"footnotes":""},"categories":[1590],"tags":[11,1777,674,12,132,220,297],"class_list":{"0":"post-164477","1":"post","2":"type-post","3":"status-publish","4":"format-standard","5":"has-post-thumbnail","7":"category-ukraine","8":"tag-actualites","9":"tag-eu","10":"tag-europe","11":"tag-news","12":"tag-russie","13":"tag-ukraine","14":"tag-ukraine-la-crise"},"share_on_mastodon":{"url":"https:\/\/pubeurope.com\/@fr\/114656339827530326","error":""},"_links":{"self":[{"href":"https:\/\/www.europesays.com\/fr\/wp-json\/wp\/v2\/posts\/164477","targetHints":{"allow":["GET"]}}],"collection":[{"href":"https:\/\/www.europesays.com\/fr\/wp-json\/wp\/v2\/posts"}],"about":[{"href":"https:\/\/www.europesays.com\/fr\/wp-json\/wp\/v2\/types\/post"}],"author":[{"embeddable":true,"href":"https:\/\/www.europesays.com\/fr\/wp-json\/wp\/v2\/users\/2"}],"replies":[{"embeddable":true,"href":"https:\/\/www.europesays.com\/fr\/wp-json\/wp\/v2\/comments?post=164477"}],"version-history":[{"count":0,"href":"https:\/\/www.europesays.com\/fr\/wp-json\/wp\/v2\/posts\/164477\/revisions"}],"wp:featuredmedia":[{"embeddable":true,"href":"https:\/\/www.europesays.com\/fr\/wp-json\/wp\/v2\/media\/164478"}],"wp:attachment":[{"href":"https:\/\/www.europesays.com\/fr\/wp-json\/wp\/v2\/media?parent=164477"}],"wp:term":[{"taxonomy":"category","embeddable":true,"href":"https:\/\/www.europesays.com\/fr\/wp-json\/wp\/v2\/categories?post=164477"},{"taxonomy":"post_tag","embeddable":true,"href":"https:\/\/www.europesays.com\/fr\/wp-json\/wp\/v2\/tags?post=164477"}],"curies":[{"name":"wp","href":"https:\/\/api.w.org\/{rel}","templated":true}]}}