{"id":164493,"date":"2025-06-10T01:01:14","date_gmt":"2025-06-10T01:01:14","guid":{"rendered":"https:\/\/www.europesays.com\/fr\/164493\/"},"modified":"2025-06-10T01:01:14","modified_gmt":"2025-06-10T01:01:14","slug":"la-france-change-de-doctrine-sur-les-embarcations-dexiles-qui-tentent-de-traverser-la-manche","status":"publish","type":"post","link":"https:\/\/www.europesays.com\/fr\/164493\/","title":{"rendered":"La France change de doctrine sur les embarcations d&rsquo;exil\u00e9s qui tentent de traverser la Manche"},"content":{"rendered":"<p>Apr\u00e8s des arriv\u00e9es records d&#8217;embarcation de migrants au Royaume-Uni, au d\u00e9part des c\u00f4tes fran\u00e7aises, Paris envisage de changer de doctrine et de mener des inspections de bateaux en pleine mer, ce qu&rsquo;elle refusait de faire jusque-l\u00e0 malgr\u00e9 les pressions de Londres. Pr\u00e8s de 1 200 personnes ont d\u00e9barqu\u00e9 dans la seule journ\u00e9e du samedi 2 juin, un record depuis pr\u00e8s de deux ans. Apr\u00e8s une baisse des travers\u00e9es en 2023, les travers\u00e9es ill\u00e9gales ont connu un bon net en 2024 et suivent encore cette tendance cette ann\u00e9e. Mais l&rsquo;intervention des forces de l&rsquo;ordre en pleine mer pourrait faire courir de nouveaux risques aux candidats aux d\u00e9parts.<\/p>\n<p>Si la situation de ces bateaux pneumatiques se retrouve \u00e0 la crois\u00e9e de plusieurs conventions maritimes, la <strong><a href=\"https:\/\/www.rfi.fr\/fr\/tag\/france\/\" class=\"link \" rel=\"nofollow noopener\" target=\"_blank\" data-ylk=\"slk:France;elm:context_link;itc:0;sec:content-canvas\">France<\/a> <\/strong>a jusque-l\u00e0 choisi de n&rsquo;intervenir qu&rsquo;en cas de danger pour les occupants.<\/p>\n<p>\u00ab Depuis le d\u00e9but des travers\u00e9es maritimes en direction du <strong><a href=\"https:\/\/www.rfi.fr\/fr\/tag\/royaume-uni\/\" class=\"link \" rel=\"nofollow noopener\" target=\"_blank\" data-ylk=\"slk:Royaume-Uni;elm:context_link;itc:0;sec:content-canvas\">Royaume-Uni<\/a><\/strong>, l&rsquo;\u00c9tat fran\u00e7ais a choisi de hi\u00e9rarchiser le sauvetage en mer comme prenant la primeur sur toutes ces conventions \u00bb, explique Camille Martel, doctorante en g\u00e9ographie qui travaille sur le sauvetage dans la fronti\u00e8re franco-britannique. \u00ab Une fois que les embarcations se trouvent en mer, elles sont consid\u00e9r\u00e9es par le prisme du sauvetage en mer avant tout. \u00bb<\/p>\n<p>Si Paris envisage aujourd&rsquo;hui d&rsquo;arraisonner des bateaux en pleine mer, c&rsquo;est que la technique des passeurs a \u00e9volu\u00e9. Avec le d\u00e9veloppement depuis 2022 des \u00ab taxi-boats \u00bb, qui emp\u00eache les arrestations sur les plages.<\/p>\n<p><a href=\"https:\/\/www.rfi.fr\/fr\/france\/20250609-la-france-change-de-doctrine-sur-les-embarcations-d-exil%C3%A9s-qui-tentent-de-traverser-la-manche\" rel=\"nofollow noopener\" target=\"_blank\" data-ylk=\"slk:Lire la suite sur RFI;elm:context_link;itc:0;sec:content-canvas\" class=\"link \">Lire la suite sur RFI<\/a><\/p>\n","protected":false},"excerpt":{"rendered":"Apr\u00e8s des arriv\u00e9es records d&#8217;embarcation de migrants au Royaume-Uni, au d\u00e9part des c\u00f4tes fran\u00e7aises, Paris envisage de changer&hellip;\n","protected":false},"author":2,"featured_media":164494,"comment_status":"","ping_status":"","sticky":false,"template":"","format":"standard","meta":{"footnotes":""},"categories":[4],"tags":[11,29751,29752,3160,1011,27,29753,8514,12,25],"class_list":{"0":"post-164493","1":"post","2":"type-post","3":"status-publish","4":"format-standard","5":"has-post-thumbnail","7":"category-france","8":"tag-actualites","9":"tag-bateaux-pneumatiques","10":"tag-camille-martel","11":"tag-forces-de-lordre","12":"tag-fr","13":"tag-france","14":"tag-la-croisee","15":"tag-la-frontiere","16":"tag-news","17":"tag-republique-francaise"},"share_on_mastodon":{"url":"https:\/\/pubeurope.com\/@fr\/114656371410890222","error":""},"_links":{"self":[{"href":"https:\/\/www.europesays.com\/fr\/wp-json\/wp\/v2\/posts\/164493","targetHints":{"allow":["GET"]}}],"collection":[{"href":"https:\/\/www.europesays.com\/fr\/wp-json\/wp\/v2\/posts"}],"about":[{"href":"https:\/\/www.europesays.com\/fr\/wp-json\/wp\/v2\/types\/post"}],"author":[{"embeddable":true,"href":"https:\/\/www.europesays.com\/fr\/wp-json\/wp\/v2\/users\/2"}],"replies":[{"embeddable":true,"href":"https:\/\/www.europesays.com\/fr\/wp-json\/wp\/v2\/comments?post=164493"}],"version-history":[{"count":0,"href":"https:\/\/www.europesays.com\/fr\/wp-json\/wp\/v2\/posts\/164493\/revisions"}],"wp:featuredmedia":[{"embeddable":true,"href":"https:\/\/www.europesays.com\/fr\/wp-json\/wp\/v2\/media\/164494"}],"wp:attachment":[{"href":"https:\/\/www.europesays.com\/fr\/wp-json\/wp\/v2\/media?parent=164493"}],"wp:term":[{"taxonomy":"category","embeddable":true,"href":"https:\/\/www.europesays.com\/fr\/wp-json\/wp\/v2\/categories?post=164493"},{"taxonomy":"post_tag","embeddable":true,"href":"https:\/\/www.europesays.com\/fr\/wp-json\/wp\/v2\/tags?post=164493"}],"curies":[{"name":"wp","href":"https:\/\/api.w.org\/{rel}","templated":true}]}}