{"id":164503,"date":"2025-06-10T01:08:09","date_gmt":"2025-06-10T01:08:09","guid":{"rendered":"https:\/\/www.europesays.com\/fr\/164503\/"},"modified":"2025-06-10T01:08:09","modified_gmt":"2025-06-10T01:08:09","slug":"lavertissement-epique-de-george-russell-devoile-le-tumulte-de-la-f1-au-milieu-dun-chaos-de-style-jenga","status":"publish","type":"post","link":"https:\/\/www.europesays.com\/fr\/164503\/","title":{"rendered":"L&rsquo;avertissement \u00e9pique de George Russell d\u00e9voile le tumulte de la F1 au milieu d&rsquo;un chaos de style Jenga."},"content":{"rendered":"<p>La star de la Formule 1 George Russell lance un avertissement alarmant sur l\u2019effondrement du championnat  <\/p>\n<p>Dans une r\u00e9v\u00e9lation choquante, le pilote de Formule 1 George Russell a tir\u00e9 la sonnette d\u2019alarme sur l\u2019\u00e9tat pr\u00e9caire du championnat de F1, le comparant \u00e0 une tour Jenga fragile au bord de l\u2019effondrement. \u00c2g\u00e9 de 27 ans et connu pour sa nature franche, il est directeur de l\u2019Association des Pilotes de Grand Prix (GPDA) et a exprim\u00e9 ses inqui\u00e9tudes concernant les tensions croissantes entre la F1 et la FIA, l\u2019organe dirigeant du sport.  <\/p>\n<p>Russell, triple vainqueur de Grand Prix, a fait part de son malaise face au paysage actuel de la F1 sous la direction du pr\u00e9sident Mohammed Ben Sulayem, dont les d\u00e9cisions controvers\u00e9es ont divis\u00e9 la communaut\u00e9 du sport automobile. Malgr\u00e9 son r\u00f4le central au sein de la GPDA, Russell attribue une grande partie du travail de l\u2019organisation \u00e0 d\u2019autres figures cl\u00e9s, comme le pr\u00e9sident de la GPDA Alex Wurz et la conseill\u00e8re juridique Anastasia Fowle.  <\/p>\n<p>Le pilote de Mercedes a r\u00e9v\u00e9l\u00e9 : \u00ab\u00a0Au cours des 18 derniers mois, nous avons \u00e9t\u00e9 beaucoup plus impliqu\u00e9s que nous ne l\u2019avions initialement pr\u00e9vu, car les choses sont devenues tellement divis\u00e9es.\u00a0\u00bb Russell a soulign\u00e9 le changement inattendu vers un environnement plus charg\u00e9 politiquement au sein de la F1, un sc\u00e9nario qu\u2019il n\u2019avait pas anticip\u00e9 en rejoignant la GPDA. Il a admis avoir \u00e9t\u00e9 surpris par l\u2019ampleur de son implication dans la navigation des dynamiques complexes entre le syndicat des pilotes et la FIA.  <\/p>\n<p>Alors que les tensions continuent d\u2019escalader dans le domaine de la F1, l\u2019avertissement de Russell sert de rappel s\u00e9v\u00e8re du fragile \u00e9quilibre qui existe actuellement au sein du sport. Avec le championnat vacillant sur le bord tel une tour Jenga pr\u00e9caire, l\u2019avenir de la Formule 1 est en jeu, attendant une r\u00e9solution des conflits croissants entre les principales parties prenantes.<\/p>\n","protected":false},"excerpt":{"rendered":"La star de la Formule 1 George Russell lance un avertissement alarmant sur l\u2019effondrement du championnat Dans une&hellip;\n","protected":false},"author":2,"featured_media":164504,"comment_status":"","ping_status":"","sticky":false,"template":"","format":"standard","meta":{"footnotes":""},"categories":[1412],"tags":[1451,1452,1453,1454,1455,1011,27,29754,60],"class_list":{"0":"post-164503","1":"post","2":"type-post","3":"status-publish","4":"format-standard","5":"has-post-thumbnail","7":"category-f1","8":"tag-f1","9":"tag-formula-1","10":"tag-formula1","11":"tag-formule-1","12":"tag-formule1","13":"tag-fr","14":"tag-france","15":"tag-george-russells","16":"tag-sports"},"share_on_mastodon":{"url":"https:\/\/pubeurope.com\/@fr\/114656399061583747","error":""},"_links":{"self":[{"href":"https:\/\/www.europesays.com\/fr\/wp-json\/wp\/v2\/posts\/164503","targetHints":{"allow":["GET"]}}],"collection":[{"href":"https:\/\/www.europesays.com\/fr\/wp-json\/wp\/v2\/posts"}],"about":[{"href":"https:\/\/www.europesays.com\/fr\/wp-json\/wp\/v2\/types\/post"}],"author":[{"embeddable":true,"href":"https:\/\/www.europesays.com\/fr\/wp-json\/wp\/v2\/users\/2"}],"replies":[{"embeddable":true,"href":"https:\/\/www.europesays.com\/fr\/wp-json\/wp\/v2\/comments?post=164503"}],"version-history":[{"count":0,"href":"https:\/\/www.europesays.com\/fr\/wp-json\/wp\/v2\/posts\/164503\/revisions"}],"wp:featuredmedia":[{"embeddable":true,"href":"https:\/\/www.europesays.com\/fr\/wp-json\/wp\/v2\/media\/164504"}],"wp:attachment":[{"href":"https:\/\/www.europesays.com\/fr\/wp-json\/wp\/v2\/media?parent=164503"}],"wp:term":[{"taxonomy":"category","embeddable":true,"href":"https:\/\/www.europesays.com\/fr\/wp-json\/wp\/v2\/categories?post=164503"},{"taxonomy":"post_tag","embeddable":true,"href":"https:\/\/www.europesays.com\/fr\/wp-json\/wp\/v2\/tags?post=164503"}],"curies":[{"name":"wp","href":"https:\/\/api.w.org\/{rel}","templated":true}]}}