{"id":164509,"date":"2025-06-10T01:11:08","date_gmt":"2025-06-10T01:11:08","guid":{"rendered":"https:\/\/www.europesays.com\/fr\/164509\/"},"modified":"2025-06-10T01:11:08","modified_gmt":"2025-06-10T01:11:08","slug":"lactrice-americaine-eva-longoria-dans-les-cuisines-de-ce-restaurant-de-la-pointe-saint-mathieu","status":"publish","type":"post","link":"https:\/\/www.europesays.com\/fr\/164509\/","title":{"rendered":"L&rsquo;actrice am\u00e9ricaine Eva Longoria dans les cuisines de ce restaurant de la pointe Saint-Mathieu"},"content":{"rendered":"<p>            Par<br \/>\n        <strong><br \/>\n            <a href=\"https:\/\/actu.fr\/auteur\/emmanuel-verdeaux\" title=\"Consulter tous les articles de Emmanuel Verdeaux\" rel=\"nofollow noopener\" target=\"_blank\">Emmanuel Verdeaux<\/a><br \/>\n        <\/strong><\/p>\n<p>        Publi\u00e9 le<\/p>\n<p>            9 juin 2025 \u00e0 18h35        <\/p>\n<p>Apr\u00e8s Cancale et Saint-Malo, la <b>star am\u00e9ricaine Eva Longoria, <\/b>de passage en Bretagne, a fait une halte devant les fourneaux d\u2019un c\u00e9l\u00e8bre restaurant de la pointe Saint Mathieu, \u00e0 <b>Plougonvelin<\/b>.<\/p>\n<p>L\u2019\u00e9mission de CNN Searching for\u2026<\/p>\n<p class=\" wall-content\">Celle qui s\u2019est faite conna\u00eetre pour son r\u00f4le de <a href=\"https:\/\/desperatehousewives.fandom.com\/fr\/wiki\/Gabrielle_Solis\" rel=\"nofollow noopener\" target=\"_blank\"><b>Gabrielle Solis dans Desperate housewives<\/b><\/a> \u00e9tait pr\u00e9sente dans le cadre du tournage d\u2019une s\u00e9rie d\u2019\u00e9pisodes de l\u2019\u00e9mission de <b>CNN Searching for\u2026 <\/b>Elle a d\u00e9j\u00e0 enregistr\u00e9 toute une <a href=\"https:\/\/edition.cnn.com\/travel\/searching-for-spain\" rel=\"nofollow noopener\" target=\"_blank\"><b>s\u00e9rie en Espagne<\/b><\/a>.<\/p>\n<p class=\" wall-content\">Le programme s\u2019inscrit \u00ab\u00a0dans la lign\u00e9e de <a href=\"https:\/\/www.france.tv\/france-5\/echappees-belles\/\" rel=\"nofollow noopener\" target=\"_blank\"><b>l\u2019\u00e9mission \u00c9chapp\u00e9es belles<\/b><\/a>\u00ab\u00a0, explique Tanguy Corre, directeur g\u00e9n\u00e9ral de <a href=\"https:\/\/www.pointe-saint-mathieu.com\/\" rel=\"nofollow noopener\" target=\"_blank\">l\u2019Hostellerie de la pointe Saint-Mathieu<\/a>, \u00e0 Plougonvelin.<\/p>\n<p>Menu pr\u00e9par\u00e9 avec la cheffe \u00e9toil\u00e9e Nolwenn Corre<\/p>\n<p class=\" wall-content\">Mais comment se fait-il que l\u2019h\u00f4telier en sache autant ? Tout simplement parce qu\u2019Eva Longoria a pris ses quartiers dans les cuisines de l\u2019\u00e9tablissement, le temps d\u2019un tournage\u2026<\/p>\n<p class=\" wall-content\">Le programme de <a href=\"https:\/\/edition.cnn.com\/\" rel=\"nofollow noopener\" target=\"_blank\"><b>CNN <\/b><\/a>recherchant pour chaque \u00e9pisode un menu repr\u00e9sentatif de la r\u00e9gion travers\u00e9e, pr\u00e9par\u00e9 par une pointure culinaire, l\u2019escale \u00e0 <b>l\u2019Hostellerie de la pointe Saint-Mathieu<\/b> \u00e9tait une \u00e9vidence.<\/p>\n<p>Vid\u00e9os : en ce moment sur Actu<\/p>\n<p class=\" wall-content\">L\u2019\u00e9tablissement est en effet tenu par <b>Tanguy Corre et sa s\u0153ur Nolwen<\/b>. La <b>cheffe Nolwen Corre<\/b>, une <a href=\"https:\/\/actu.fr\/bretagne\/_29\/finistere-nolwenn-corre-decroche-une-etoile-guide-michelin_20953927.html\" rel=\"nofollow noopener\" target=\"_blank\">\u00e9toile au Michelin d\u00e9croch\u00e9e en 2019<\/a>.<\/p>\n<p class=\" wall-content\">Une <b>belle exp\u00e9rience<\/b> pour les cuisines de l\u2019h\u00f4tel restaurant de la pointe Saint-Mathieu, et un repas faisant la part belle aux <b>produits r\u00e9gionaux<\/b>. Eva Longoria aura ainsi cuisin\u00e9, avec Nolwen Corre, un <b>repas <\/b>fait de <b>sardines, de lieu jaune, et d\u2019un dessert aux fraises et algues<\/b>.<\/p>\n<p class=\" wall-content\">La s\u00e9rie d\u2019\u00e9missions tourn\u00e9es en France devrait \u00eatre diffus\u00e9e en 2026 sur l\u2019antenne de CNN.<\/p>\n<p class=\" wall-content\">Suivez toute l\u2019actualit\u00e9 de vos villes et m\u00e9dias favoris en vous inscrivant \u00e0 <a href=\"https:\/\/moncompte.actu.fr\" title=\"D\u00e9couvez Mon Actu\" rel=\"nofollow noopener\" data-trk=\"{&quot;cta&quot;:{&quot;action&quot;:&quot;https:\\\/\\\/moncompte.actu.fr&quot;,&quot;category&quot;:&quot;mon compte&quot;,&quot;from&quot;:&quot;article footer&quot;,&quot;name&quot;:&quot;Mon actu&quot;,&quot;type&quot;:&quot;cta&quot;}}\" target=\"_blank\">Mon Actu<\/a>.<\/p>\n","protected":false},"excerpt":{"rendered":"Par Emmanuel Verdeaux Publi\u00e9 le 9 juin 2025 \u00e0 18h35 Apr\u00e8s Cancale et Saint-Malo, la star am\u00e9ricaine Eva&hellip;\n","protected":false},"author":2,"featured_media":164510,"comment_status":"","ping_status":"","sticky":false,"template":"","format":"standard","meta":{"footnotes":""},"categories":[1359],"tags":[9439,902,58,59,1011,27,1652,973],"class_list":{"0":"post-164509","1":"post","2":"type-post","3":"status-publish","4":"format-standard","5":"has-post-thumbnail","7":"category-people","8":"tag-bretagne-nord","9":"tag-cuisine","10":"tag-divertissement","11":"tag-entertainment","12":"tag-fr","13":"tag-france","14":"tag-loisirs-culture","15":"tag-people"},"share_on_mastodon":{"url":"https:\/\/pubeurope.com\/@fr\/114656410641883151","error":""},"_links":{"self":[{"href":"https:\/\/www.europesays.com\/fr\/wp-json\/wp\/v2\/posts\/164509","targetHints":{"allow":["GET"]}}],"collection":[{"href":"https:\/\/www.europesays.com\/fr\/wp-json\/wp\/v2\/posts"}],"about":[{"href":"https:\/\/www.europesays.com\/fr\/wp-json\/wp\/v2\/types\/post"}],"author":[{"embeddable":true,"href":"https:\/\/www.europesays.com\/fr\/wp-json\/wp\/v2\/users\/2"}],"replies":[{"embeddable":true,"href":"https:\/\/www.europesays.com\/fr\/wp-json\/wp\/v2\/comments?post=164509"}],"version-history":[{"count":0,"href":"https:\/\/www.europesays.com\/fr\/wp-json\/wp\/v2\/posts\/164509\/revisions"}],"wp:featuredmedia":[{"embeddable":true,"href":"https:\/\/www.europesays.com\/fr\/wp-json\/wp\/v2\/media\/164510"}],"wp:attachment":[{"href":"https:\/\/www.europesays.com\/fr\/wp-json\/wp\/v2\/media?parent=164509"}],"wp:term":[{"taxonomy":"category","embeddable":true,"href":"https:\/\/www.europesays.com\/fr\/wp-json\/wp\/v2\/categories?post=164509"},{"taxonomy":"post_tag","embeddable":true,"href":"https:\/\/www.europesays.com\/fr\/wp-json\/wp\/v2\/tags?post=164509"}],"curies":[{"name":"wp","href":"https:\/\/api.w.org\/{rel}","templated":true}]}}