{"id":164515,"date":"2025-06-10T01:15:25","date_gmt":"2025-06-10T01:15:25","guid":{"rendered":"https:\/\/www.europesays.com\/fr\/164515\/"},"modified":"2025-06-10T01:15:25","modified_gmt":"2025-06-10T01:15:25","slug":"on-pourrait-remettre-nos-alliances","status":"publish","type":"post","link":"https:\/\/www.europesays.com\/fr\/164515\/","title":{"rendered":"On pourrait remettre nos alliances"},"content":{"rendered":"<p>David et Marina connaissent un d\u00e9but d&rsquo;histoire compliqu\u00e9 dans Mari\u00e9s au premier regard. Gr\u00e2ce \u00e0 la m\u00e8re de la mari\u00e9e, les deux \u00e9poux se sont revus et semblent sur la bonne voie pour enfin vivre quelque chose.<\/p>\n<p><a href=\"https:\/\/www.programme-tv.net\/news\/tele-realite\/371158-maries-au-premier-regard-2025-date-de-diffusion-deux-expertes-nouveautes-les-premieres-infos-sur-la-saison-9\/\" data-api-deeplink=\"teleloisirs:\/\/news\/371158\" target=\"_blank\" rel=\"noopener\">Mari\u00e9s au premier regard<\/a> offre de nombreux rebondissements. Dans cette neuvi\u00e8me saison, si ce n&rsquo;est Cl\u00e9mence et Malik, chaque couple a connu des temp\u00eates qui ont plus ou moins \u00e9t\u00e9 travers\u00e9es. Parmi ces couples, David et Marina. D\u00e8s le d\u00e9but, leur union n&rsquo;\u00e9tait pas une \u00e9vidence. Le suspense \u00e9tait total, au moment de se dire \u00ab\u00a0oui\u00a0\u00bb ou \u00ab\u00a0non\u00a0\u00bb \u00e0 Gibraltar car David ne correspond pas du tout aux crit\u00e8res physiques demand\u00e9s par Marina, qui ne voulait pas d&rsquo;un partenaire chauve. Apr\u00e8s s&rsquo;\u00eatre finalement donn\u00e9 une chance, Marina <a href=\"https:\/\/www.programme-tv.net\/news\/tele-realite\/380172-je-mennuie-cest-plat-marina-maries-au-premier-regard-2025-envisage-la-rupture-avec-david-dans-le-prochain-episode-diffuse-ce-soir\/\" data-api-deeplink=\"teleloisirs:\/\/news\/380172\" target=\"_blank\" rel=\"noopener\">ne s&rsquo;est pas \u00e9panouie lors de la lune de miel<\/a> et a d\u00e9cid\u00e9 de mettre fin au mariage. Une d\u00e9cision qui a \u00e9teint les espoirs de David, qui avait \u00e9t\u00e9 s\u00e9duit par son \u00e9pouse : \u00ab\u00a0J\u2019aurais vraiment aim\u00e9 \u00eatre le petit plus dans sa vie\u00a0\u00bb.<\/p>\n<p>La m\u00e8re de Marina a tout tent\u00e9 pour d\u00e9bloquer la situation entre sa fille et David dans Mari\u00e9s au premier regard 2025<\/p>\n<p>\u00c0 leur retour en France, Val\u00e9rie,<a href=\"https:\/\/www.programme-tv.net\/news\/tele-realite\/380268-une-premiere-dans-maries-au-premier-regard-on-sait-pourquoi-marina-et-david-se-sont-revus-dans-le-prochain-episode-a-voir-des-maintenant\/\" data-api-deeplink=\"teleloisirs:\/\/news\/380268\" target=\"_blank\" rel=\"noopener\"> la m\u00e8re de Marina a pris une initiative in\u00e9dite dans l&rsquo;histoire de l&rsquo;\u00e9mission<\/a> en convoquant les deux \u00e9poux pour tenter de sauver le mariage. Quelques jours apr\u00e8s cet \u00e9change, Marina a souhait\u00e9 revoir son mari. Apr\u00e8s avoir eu besoin de s&rsquo;entretenir avec Marie Tapernoux pour comprendre comment mettre \u00e0 l\u2019aise sa femme, David a convi\u00e9 Marina chez lui et avait pr\u00e9par\u00e9 une activit\u00e9 autour de ses go\u00fbts. \u00ab\u00a0Je vois une diff\u00e9rence entre le David du voyage de noces et celui-l\u00e0, qui est celui du mariage. L\u2019\u00e9change est plus fluide\u00a0\u00bb, explique l&#8217;employ\u00e9e de la fonction publique, pr\u00eate elle aussi \u00e0 faire des efforts pour donner une seconde chance \u00e0 leur histoire.<\/p>\n<p>                        David et Marina plus proches que jamais dans Mari\u00e9s au premier regard 2025<\/p>\n<p>David a donc choisi de pr\u00e9parer des \u00e9clairs au chocolat avec sa belle. Un atelier cuisine lors duquel il tente quelques rapprochements qui fonctionnent. \u00ab\u00a0<b>On se r\u00e9apprivoise, je la sens plus ouverte, moins sur la d\u00e9fensive<\/b>\u00ab\u00a0, livre tr\u00e8s heureux David. \u00ab\u00a0Je suis contente qu\u2019on ait pris la d\u00e9cision de se revoir, je pense que \u00e7a a \u00e9t\u00e9 b\u00e9n\u00e9fique\u00a0\u00bb, avoue Marina. Ils pr\u00e9voient d&rsquo;organiser une rencontre avec quelques amis. Si l&rsquo;ambiance de cet apr\u00e8s-midi perdure, Marina envisage de faire un geste tr\u00e8s symbolique : \u00ab\u00a0Je suis contente qu\u2019on ait pris la d\u00e9cision de se revoir, je pense que \u00e7a a \u00e9t\u00e9 b\u00e9n\u00e9fique (&#8230;) <b>On pourrait se dire qu\u2019on remet nos alliances<\/b>\u00ab\u00a0. Tout semble aller pour le mieux pour le couple&#8230; Mais arriveront-ils vraiment \u00e0 repartir sur de bonnes bases ? Affaire \u00e0 suivre.<\/p>\n","protected":false},"excerpt":{"rendered":"David et Marina connaissent un d\u00e9but d&rsquo;histoire compliqu\u00e9 dans Mari\u00e9s au premier regard. Gr\u00e2ce \u00e0 la m\u00e8re de&hellip;\n","protected":false},"author":2,"featured_media":164516,"comment_status":"","ping_status":"","sticky":false,"template":"","format":"standard","meta":{"footnotes":""},"categories":[1356],"tags":[244,16730,58,59,1011,27,494,16729,5214,252,1364],"class_list":{"0":"post-164515","1":"post","2":"type-post","3":"status-publish","4":"format-standard","5":"has-post-thumbnail","7":"category-television","8":"tag-commentaire","9":"tag-david-mariu00e9s-au-premier-regard-9","10":"tag-divertissement","11":"tag-entertainment","12":"tag-fr","13":"tag-france","14":"tag-m6","15":"tag-marina-mariu00e9s-au-premier-regard-9","16":"tag-mariu00e9s-au-premier-regard","17":"tag-television","18":"tag-tv"},"share_on_mastodon":{"url":"https:\/\/pubeurope.com\/@fr\/114656426321152024","error":""},"_links":{"self":[{"href":"https:\/\/www.europesays.com\/fr\/wp-json\/wp\/v2\/posts\/164515","targetHints":{"allow":["GET"]}}],"collection":[{"href":"https:\/\/www.europesays.com\/fr\/wp-json\/wp\/v2\/posts"}],"about":[{"href":"https:\/\/www.europesays.com\/fr\/wp-json\/wp\/v2\/types\/post"}],"author":[{"embeddable":true,"href":"https:\/\/www.europesays.com\/fr\/wp-json\/wp\/v2\/users\/2"}],"replies":[{"embeddable":true,"href":"https:\/\/www.europesays.com\/fr\/wp-json\/wp\/v2\/comments?post=164515"}],"version-history":[{"count":0,"href":"https:\/\/www.europesays.com\/fr\/wp-json\/wp\/v2\/posts\/164515\/revisions"}],"wp:featuredmedia":[{"embeddable":true,"href":"https:\/\/www.europesays.com\/fr\/wp-json\/wp\/v2\/media\/164516"}],"wp:attachment":[{"href":"https:\/\/www.europesays.com\/fr\/wp-json\/wp\/v2\/media?parent=164515"}],"wp:term":[{"taxonomy":"category","embeddable":true,"href":"https:\/\/www.europesays.com\/fr\/wp-json\/wp\/v2\/categories?post=164515"},{"taxonomy":"post_tag","embeddable":true,"href":"https:\/\/www.europesays.com\/fr\/wp-json\/wp\/v2\/tags?post=164515"}],"curies":[{"name":"wp","href":"https:\/\/api.w.org\/{rel}","templated":true}]}}