{"id":164521,"date":"2025-06-10T01:18:10","date_gmt":"2025-06-10T01:18:10","guid":{"rendered":"https:\/\/www.europesays.com\/fr\/164521\/"},"modified":"2025-06-10T01:18:10","modified_gmt":"2025-06-10T01:18:10","slug":"les-medecins-pensent-a-une-amygdalite-la-fillette-de-5-ans-decede-12-heures-plus-tard-dans-les-bras-de-sa-mere","status":"publish","type":"post","link":"https:\/\/www.europesays.com\/fr\/164521\/","title":{"rendered":"Les m\u00e9decins pensent \u00e0 une amygdalite : la fillette de 5 ans d\u00e9c\u00e8de 12 heures plus tard dans les bras de sa m\u00e8re"},"content":{"rendered":"<p class=\"post-excerpt\">Elle pensait qu\u2019il ne s\u2019agissait que d\u2019une angine. En quelques heures, la petite Lila a perdu la vie. Une trag\u00e9die \u00e9vitable, qui rappelle d\u2019autres drames o\u00f9 des maladies graves ont \u00e9t\u00e9 m\u00e9prises pour des affections b\u00e9nignes.<\/p>\n<p>Il existe des histoires bouleversantes o\u00f9 les <strong>premiers signes d\u2019une maladie grave<\/strong> sont pris pour de simples maux passagers. Une femme s\u2019\u00e9tonnait de <a href=\"https:\/\/www.aufeminin.com\/societe\/elle-pensait-que-ses-bleus-etaient-dus-au-hasard-puis-un-diagnostic-brutal-a-tout-change-2595271.html\" target=\"_blank\" rel=\"noopener\">ses bleus inexpliqu\u00e9s<\/a> : elle souffrait en r\u00e9alit\u00e9 d\u2019un lip\u0153d\u00e8me. Une autre, \u00e2g\u00e9e de 30 ans, <a href=\"https:\/\/www.aufeminin.com\/societe\/news-societe\/a-30-ans-on-lui-diagnostique-de-lanxiete-apres-des-douleurs-a-la-poitrine-mais-elle-decouvre-quelle-a-un-cancer-de-stade-4-2598620.html\" target=\"_blank\" rel=\"noopener\">pensait faire des crises d\u2019anxi\u00e9t\u00e9<\/a>. Elle recevra, des mois plus tard, un diagnostic de cancer en phase terminale. Dans le cas de Lila Marsland, une <a href=\"https:\/\/people.com\/girl-5-dies-12-hours-after-she-diagnosed-with-tonsillitis-meningitis-fatal-11741731\" target=\"_blank\" rel=\"noopener\">fillette de 5 ans vivant \u00e0 Manchester<\/a>, c\u2019est un <strong>mal de t\u00eate accompagn\u00e9 de vomissements<\/strong> qui a sem\u00e9 l\u2019inqui\u00e9tude chez sa m\u00e8re, ancienne infirmi\u00e8re. Elle redoutait une m\u00e9ningite. Les m\u00e9decins ont parl\u00e9 d\u2019une simple amygdalite.<\/p>\n<p>Le lendemain matin, la petite fille \u00e9tait morte. Ce drame a profond\u00e9ment boulevers\u00e9 la famille de Lila. Sa m\u00e8re, Rachael Mincherton, avait pourtant <strong>alert\u00e9 le personnel m\u00e9dical<\/strong> de la gravit\u00e9 des sympt\u00f4mes. Fi\u00e8vre, douleurs cervicales, vomissements et fatigue inhabituelle. Malgr\u00e9 ces signaux d\u2019alerte, l\u2019enfant est <strong>renvoy\u00e9e chez elle avec un traitement antibiotique<\/strong> standard. Quelques heures plus tard, elle ne r\u00e9pondait plus. Les secours, arriv\u00e9s rapidement, n\u2019ont pas pu la ranimer. Un <strong>diagnostic post-mortem<\/strong> a r\u00e9v\u00e9l\u00e9 la pr\u00e9sence d\u2019une <a href=\"https:\/\/www.aufeminin.com\/sante-femme\/meningite-explosion-des-cas-apres-la-decouverte-de-deux-clusters-les-autorites-sanitaires-appellent-a-la-prudence-s4108802.html\" target=\"_blank\" rel=\"noopener\">m\u00e9ningite bact\u00e9rienne<\/a>, une pathologie qui peut progresser extr\u00eamement rapidement, surtout chez les jeunes enfants. <\/p>\n<p> La m\u00e9ningite : une urgence vitale trop souvent sous-estim\u00e9e <\/p>\n<p>La <strong>m\u00e9ningite bact\u00e9rienne<\/strong> est une urgence m\u00e9dicale absolue. Selon les sp\u00e9cialistes, elle peut entra\u00eener la mort ou des s\u00e9quelles graves en quelques heures. Ses sympt\u00f4mes \u2014 fi\u00e8vre, maux de t\u00eate, vomissements, raideur de la nuque \u2014 ressemblent \u00e0 ceux d\u2019infections virales banales, ce qui rend son diagnostic difficile, surtout en premi\u00e8re intention. C\u2019est pourquoi la <strong>vigilance doit \u00eatre extr\u00eame<\/strong>, en particulier chez les enfants dont l\u2019\u00e9tat peut se d\u00e9t\u00e9riorer tr\u00e8s vite. Les proches de Lila avaient raison de se m\u00e9fier. Sa m\u00e8re, infirmi\u00e8re de formation, avait pr\u00e9cis\u00e9ment \u00e9voqu\u00e9 la m\u00e9ningite, en vain.<\/p>\n<p>Face \u00e0 des professionnels qui n\u2019ont pas pouss\u00e9 plus loin les examens, Lila est rentr\u00e9e chez elle avec un traitement qui n\u2019avait aucune chance d\u2019enrayer l\u2019infection. La nuit suivante, Rachael s\u2019est r\u00e9veill\u00e9e pour d\u00e9couvrir sa fille inerte : <strong>\u00ab\u2009\u00c0 mon r\u00e9veil, elle ne r\u00e9agissait plus\u2009\u00bb<\/strong>. \u00ab\u2009Ils ont fait tout ce qu\u2019ils pouvaient\u2009\u00bb, dit-elle \u00e0 propos des ambulanciers, \u00ab\u2009mais c\u2019\u00e9tait trop tard\u2009\u00bb. Pour la famille, c\u2019est un choc qui ne s\u2019effacera jamais. Et une question qui revient sans cesse : <strong>cette mort aurait-elle pu \u00eatre \u00e9vit\u00e9e\u2009?<\/strong> Depuis le d\u00e9c\u00e8s de leur fille, Rachael Mincherton et Darren Marsland, les parents de Lila, tentent de donner un sens \u00e0 l\u2019insens\u00e9.<\/p>\n<p><img loading=\"lazy\" itemprop=\"thumbnailUrl\" decoding=\"async\" class=\"alignnone wp-image-2599351 img-responsive  size-large pinit-here\" src=\"https:\/\/www.europesays.com\/fr\/wp-content\/uploads\/2025\/06\/design-sans-titre-2025-06-09t174550.644-1024x496.jpg\" alt=\"&lt;p&gt;Les m\u00e9decins pensent \u00e0 une amygdalite : la fillette de 5 ans d\u00e9c\u00e8de 12 heures plus tard dans les bras de sa m\u00e8re&lt;\/p&gt;\" width=\"1024\" height=\"496\" data-pin-media=\"https:\/\/sf2.afcdn.com\/wp-content\/uploads\/aufeminin\/2025\/06\/design-sans-titre-2025-06-09t174550.644-736x357.jpg\"\/> \u00a9  Yurii_Yarema &#8211; Shutterstock <\/p>\n<p> Pr\u00e9venir pour ne pas revivre <\/p>\n<p>Ils ont fond\u00e9 une <strong>association, Lila\u2019s Light<\/strong>, pour accompagner les enfants endeuill\u00e9s, notamment les fr\u00e8res et s\u0153urs de victimes. Leur fille a\u00een\u00e9e, Ava, 15 ans, essaie de surmonter l\u2019absence. Mais la douleur est toujours aussi vive. \u00ab\u2009Lila avait une joie de vivre immense\u2009\u00bb, raconte sa m\u00e8re. \u00ab\u2009Elle avait plein d\u2019amis, et les professeurs l\u2019adoraient. J\u2019allais chercher Lila et il me fallait une demi-heure pour partir, car elle serrait tous les professeurs dans ses bras\u2009\u00bb. Aujourd\u2019hui, les souvenirs sont tout ce qu\u2019il leur reste. Et un combat : que <strong>les erreurs de diagnostic<\/strong> soient prises au s\u00e9rieux.<\/p>\n<p>L\u2019histoire de Lila n\u2019est pas isol\u00e9e. D\u2019autres familles ont v\u00e9cu des drames comparables, o\u00f9 des <strong>sympt\u00f4mes graves ont \u00e9t\u00e9 pris \u00e0 la l\u00e9g\u00e8re<\/strong>. Un simple doute, une suspicion non v\u00e9rifi\u00e9e, et la vie peut basculer. Dans ces contextes, le r\u00f4le des professionnels de sant\u00e9 est capital. Ils doivent prendre en compte non seulement les sympt\u00f4mes, mais aussi l\u2019intuition des proches. Rachael, en tant qu\u2019ancienne infirmi\u00e8re, connaissait les signaux de la m\u00e9ningite. Elle a exprim\u00e9 ses inqui\u00e9tudes. Elles ont \u00e9t\u00e9 ignor\u00e9es. Sa douleur, partag\u00e9e publiquement, a \u00e9mu au-del\u00e0 des fronti\u00e8res du Royaume-Uni.<\/p>\n","protected":false},"excerpt":{"rendered":"Elle pensait qu\u2019il ne s\u2019agissait que d\u2019une angine. En quelques heures, la petite Lila a perdu la vie.&hellip;\n","protected":false},"author":2,"featured_media":164522,"comment_status":"","ping_status":"","sticky":false,"template":"","format":"standard","meta":{"footnotes":""},"categories":[10],"tags":[29763,29764,1011,27,72,226,4696,71,29765],"class_list":{"0":"post-164521","1":"post","2":"type-post","3":"status-publish","4":"format-standard","5":"has-post-thumbnail","7":"category-sante","8":"tag-angine","9":"tag-bebe-sante","10":"tag-fr","11":"tag-france","12":"tag-health","13":"tag-maladie","14":"tag-meningite","15":"tag-sante","16":"tag-symptomes"},"share_on_mastodon":{"url":"https:\/\/pubeurope.com\/@fr\/114656438082972483","error":""},"_links":{"self":[{"href":"https:\/\/www.europesays.com\/fr\/wp-json\/wp\/v2\/posts\/164521","targetHints":{"allow":["GET"]}}],"collection":[{"href":"https:\/\/www.europesays.com\/fr\/wp-json\/wp\/v2\/posts"}],"about":[{"href":"https:\/\/www.europesays.com\/fr\/wp-json\/wp\/v2\/types\/post"}],"author":[{"embeddable":true,"href":"https:\/\/www.europesays.com\/fr\/wp-json\/wp\/v2\/users\/2"}],"replies":[{"embeddable":true,"href":"https:\/\/www.europesays.com\/fr\/wp-json\/wp\/v2\/comments?post=164521"}],"version-history":[{"count":0,"href":"https:\/\/www.europesays.com\/fr\/wp-json\/wp\/v2\/posts\/164521\/revisions"}],"wp:featuredmedia":[{"embeddable":true,"href":"https:\/\/www.europesays.com\/fr\/wp-json\/wp\/v2\/media\/164522"}],"wp:attachment":[{"href":"https:\/\/www.europesays.com\/fr\/wp-json\/wp\/v2\/media?parent=164521"}],"wp:term":[{"taxonomy":"category","embeddable":true,"href":"https:\/\/www.europesays.com\/fr\/wp-json\/wp\/v2\/categories?post=164521"},{"taxonomy":"post_tag","embeddable":true,"href":"https:\/\/www.europesays.com\/fr\/wp-json\/wp\/v2\/tags?post=164521"}],"curies":[{"name":"wp","href":"https:\/\/api.w.org\/{rel}","templated":true}]}}