{"id":164525,"date":"2025-06-10T01:20:09","date_gmt":"2025-06-10T01:20:09","guid":{"rendered":"https:\/\/www.europesays.com\/fr\/164525\/"},"modified":"2025-06-10T01:20:09","modified_gmt":"2025-06-10T01:20:09","slug":"malade-et-distant-une-souffrance-jeremy-frerot-les-raisons-de-sa-separation-avec-flo-delavega-et-la-fin-de-leur-duo","status":"publish","type":"post","link":"https:\/\/www.europesays.com\/fr\/164525\/","title":{"rendered":"\u00ab\u00a0Malade\u00a0\u00bb et \u00ab\u00a0distant\u00a0\u00bb, \u00ab\u00a0une souffrance\u00a0\u00bb : J\u00e9r\u00e9my Fr\u00e9rot, les raisons de sa s\u00e9paration avec Flo Delavega et la fin de leur duo"},"content":{"rendered":"<p>En 2014, la France d\u00e9couvrait le duo des Fr\u00e9ro Delavega dans l\u2019\u00e9mission <strong>\u00ab\u00a0The Voice\u00a0\u00bb<\/strong>. M\u00eame si le duo, compos\u00e9 de <a href=\"https:\/\/www.public.fr\/jeremy-frerot-sa-chanson-dadieu-a-laure-manaudou-evidemment-quelle-a-ete-touchee\" target=\"_blank\" rel=\"noopener\">J\u00e9r\u00e9my Fr\u00e9rot<\/a> et Flo Delavega n\u2019a pas remport\u00e9 le programme de TF1, l\u2019exposition m\u00e9diatique lui a permis de conna\u00eetre un franc succ\u00e8s en l\u2019espace de quelques mois.<\/p>\n<p>Cela lui permettant d\u2019encha\u00eener les succ\u00e8s et sortir deux albums. N\u00e9anmoins, le groupe va surprendre tout le monde. En effet, alors qu\u2019un nouveau single, <strong>\u00ab\u00a0\u00c0 l\u2019\u00e9quilibre\u00a0\u00bb<\/strong>, a vu le jour le 18 d\u00e9cembre 2016, <a href=\"https:\/\/vsd.fr\/13234-people-pourquoi-les-frero-delavega-se-separent-ils\/\" target=\"_blank\" rel=\"noopener\">il annonce sa s\u00e9paration<\/a> \u00e0 venir un mois plus t\u00f4t.\u00a0<\/p>\n<p>Pour mieux faire dig\u00e9r\u00e9 la pilule, J\u00e9r\u00e9my Fr\u00e9rot et Flo Delavega indiquent qu\u2019une derni\u00e8re tourn\u00e9e va avoir lieu et que leur s\u00e9paration ne sera effective qu\u2019en juin 2017. Mais au final, pour quelles raisons les deux artistes ont fait le choix de se s\u00e9parer ?<\/p>\n<p>J\u00e9r\u00e9my Fr\u00e9rot a senti son partenaire \u00ab\u00a0distant\u00a0\u00bb et \u00ab\u00a0malade\u00a0\u00bb<\/p>\n<p>L\u2019ancien compagnon de <a href=\"https:\/\/www.public.fr\/tag\/laure-manaudou\" target=\"_blank\" rel=\"noopener\">Laure Manaudou<\/a> a justement donn\u00e9 un \u00e9l\u00e9ment de r\u00e9ponse ce lundi 9 juin 2025. Invit\u00e9 de Nathalie Levy dans <strong>\u00ab\u00a0En Apart\u00e9\u00a0\u00bb<\/strong>, J\u00e9r\u00e9my Fr\u00e9rot a d\u2019abord accept\u00e9 de se rem\u00e9morer le moment durant lequel son acolyte lui fait part de son souhait de tout arr\u00eater.\u00a0<\/p>\n<p>\u00ab\u00a0Je me retrouve au P\u00e9rou avec Flo dans un tuk-tuk. <strong>Et pendant tout le voyage, je le sens tr\u00e8s mal.\u00a0Je le sens pas bien, je le sens malade, je le sens distant<\/strong>.\u00a0Et dans ce tuk-tuk, il m&rsquo;annonce qu&rsquo;on ne fera pas de troisi\u00e8me album et que lui d\u00e9sire s&rsquo;arr\u00eater parce qu&rsquo;il est fatigu\u00e9. Parce que c&rsquo;est trop, parce qu&rsquo;il a besoin de faire autre chose pour se sentir heureux\u00a0\u00bb, se souvient dans un premier temps l\u2019interpr\u00e8te de <strong>\u00ab\u00a0Un homme\u00a0\u00bb<\/strong>.\u00a0<\/p>\n<p>\u00ab\u00a0Et on rentre en France avec cette annonce, alors qu&rsquo;on avait d\u00e9j\u00e0 pr\u00e9vu une tourn\u00e9e de 20 dates. Je peux vous dire que quand vous annoncez qu&rsquo;un groupe s&rsquo;arr\u00eate avant une tourn\u00e9e.\u00a0Vous \u00eates s\u00fbr que toutes les dates de cette tourn\u00e9e vont \u00eatre unique\u00a0\u00bb, poursuit J\u00e9r\u00e9my Fr\u00e9rot qui reconna\u00eet avoir eu \u00ab\u00a0du mal \u00e0 l\u2019accepter\u00a0\u00bb au d\u00e9part.<\/p>\n<p>Un retour du duo est une possibilit\u00e9<\/p>\n<p>En effet, le chanteur \u00e2g\u00e9 de 35 ans ne comprenait et s\u2019en voulait de ne pas avoir ressenti la mal-\u00eatre de son acolyte. \u00ab\u00a0Et en m\u00eame temps,\u00a0j&rsquo;avais de l&rsquo;incompr\u00e9hension. Je ne comprenais pas pourquoi ?\u00a0J&rsquo;avais vraiment l&rsquo;impression que c&rsquo;\u00e9tait de ma faute\u00a0\u00bb, explique-t-il \u00e0 nouveau avant de se rem\u00e9morer : \u00ab\u00a0<strong>Chaque date est une souffrance. Chaque date est un arrachement du c\u0153ur<\/strong>. Je me souviens, on commen\u00e7ait le concert les yeux dans les yeux, face-\u00e0-face, \u00e0 se regarder sans se parler. Et en se disant : &lsquo;Mec put*** c&rsquo;est la derni\u00e8re quoi\u2019\u00a0\u00bb.<\/p>\n<p>Malgr\u00e9 cette s\u00e9paration, J\u00e9r\u00e9my Fr\u00e9rot l\u2019assure, il n\u2019y a jamais eu \u00ab\u00a0d\u2019embrouilles\u00a0\u00bb avec Flo Delavega. M\u00eame aujourd\u2019hui, il continue d\u2019avoir des nouvelles de son ancien acolyte. \u00ab\u00a0<strong>On ne s&rsquo;est jamais embrouill\u00e9. Jamais de la vie.<\/strong>\u00a0Je m&rsquo;en suis surtout voulu \u00e0 moi parce que je ne comprenais pas et que j&rsquo;ai eu besoin de comprendre\u00a0\u00bb, assure-t-il.<\/p>\n<p>Avant d\u2019ajouter : \u00ab\u00a0Mais ce n&rsquo;est pas forc\u00e9ment ce qu&rsquo;il m&rsquo;a dit qui m&rsquo;a fait ouvrir les yeux. Il fallait que moi je comprenne tout seul de mon c\u00f4t\u00e9. Et c&rsquo;est ce que j&rsquo;ai fait avec mon premier album en solo\u00a0\u00bb. De plus, J\u00e9r\u00e9my Fr\u00e9rot n\u2019exclut pas un retour d\u2019un duo dans les ann\u00e9es \u00e0 venir : \u00ab\u00a0<strong>On pourrait compl\u00e8tement. Bien s\u00fbr.<\/strong>\u00a0Maintenant, est-ce qu&rsquo;on va r\u00e9ussir \u00e0 le faire ? \u00c7a c&rsquo;est autre chose mais l&rsquo;envie est l\u00e0\u00a0\u00bb.<\/p>\n<p>      Mentionn\u00e9s dans cet article<\/p>\n<p>\u00c0 lire aussi<\/p>\n","protected":false},"excerpt":{"rendered":"En 2014, la France d\u00e9couvrait le duo des Fr\u00e9ro Delavega dans l\u2019\u00e9mission \u00ab\u00a0The Voice\u00a0\u00bb. M\u00eame si le duo,&hellip;\n","protected":false},"author":2,"featured_media":164526,"comment_status":"","ping_status":"","sticky":false,"template":"","format":"standard","meta":{"footnotes":""},"categories":[8],"tags":[58,59,1011,27,29766,6882,2117],"class_list":{"0":"post-164525","1":"post","2":"type-post","3":"status-publish","4":"format-standard","5":"has-post-thumbnail","7":"category-divertissement","8":"tag-divertissement","9":"tag-entertainment","10":"tag-fr","11":"tag-france","12":"tag-frero-delavega","13":"tag-jeremy-frerot","14":"tag-laure-manaudou"},"share_on_mastodon":{"url":"https:\/\/pubeurope.com\/@fr\/114656446077192110","error":""},"_links":{"self":[{"href":"https:\/\/www.europesays.com\/fr\/wp-json\/wp\/v2\/posts\/164525","targetHints":{"allow":["GET"]}}],"collection":[{"href":"https:\/\/www.europesays.com\/fr\/wp-json\/wp\/v2\/posts"}],"about":[{"href":"https:\/\/www.europesays.com\/fr\/wp-json\/wp\/v2\/types\/post"}],"author":[{"embeddable":true,"href":"https:\/\/www.europesays.com\/fr\/wp-json\/wp\/v2\/users\/2"}],"replies":[{"embeddable":true,"href":"https:\/\/www.europesays.com\/fr\/wp-json\/wp\/v2\/comments?post=164525"}],"version-history":[{"count":0,"href":"https:\/\/www.europesays.com\/fr\/wp-json\/wp\/v2\/posts\/164525\/revisions"}],"wp:featuredmedia":[{"embeddable":true,"href":"https:\/\/www.europesays.com\/fr\/wp-json\/wp\/v2\/media\/164526"}],"wp:attachment":[{"href":"https:\/\/www.europesays.com\/fr\/wp-json\/wp\/v2\/media?parent=164525"}],"wp:term":[{"taxonomy":"category","embeddable":true,"href":"https:\/\/www.europesays.com\/fr\/wp-json\/wp\/v2\/categories?post=164525"},{"taxonomy":"post_tag","embeddable":true,"href":"https:\/\/www.europesays.com\/fr\/wp-json\/wp\/v2\/tags?post=164525"}],"curies":[{"name":"wp","href":"https:\/\/api.w.org\/{rel}","templated":true}]}}