{"id":164529,"date":"2025-06-10T01:22:04","date_gmt":"2025-06-10T01:22:04","guid":{"rendered":"https:\/\/www.europesays.com\/fr\/164529\/"},"modified":"2025-06-10T01:22:04","modified_gmt":"2025-06-10T01:22:04","slug":"le-trafic-des-trains-perturbe-apres-un-accident-de-personne-dans-la-manche","status":"publish","type":"post","link":"https:\/\/www.europesays.com\/fr\/164529\/","title":{"rendered":"Le trafic des trains perturb\u00e9 apr\u00e8s un accident de personne dans la Manche"},"content":{"rendered":"<p>            Par<br \/>\n        <strong><br \/>\n            <a href=\"https:\/\/actu.fr\/auteur\/redaction-pressemanche\" title=\"Consulter tous les articles de R\u00e9daction La Presse de la Manche\" target=\"_blank\" rel=\"noopener\">R\u00e9daction La Presse de la Manche<\/a><br \/>\n        <\/strong><\/p>\n<p>        Publi\u00e9 le<\/p>\n<p>            9 juin 2025 \u00e0 20h48        <\/p>\n<p>Ce<b> lundi 9\u00a0juin 2025<\/b>, vers 19\u2009h\u200920, un <b>accident de personne<\/b> s\u2019est produit sur la ligne ferroviaire dans le secteur de <a href=\"https:\/\/actu.fr\/normandie\/coutances_50147\" target=\"_blank\" rel=\"noopener\">Coutances <\/a>(Manche).<\/p>\n<p>Trafic perturb\u00e9<\/p>\n<p class=\" wall-content\">Le <b>trafic des trains <\/b>a aussit\u00f4t \u00e9t\u00e9 <b>interrompu <\/b>entre <a href=\"https:\/\/actu.fr\/normandie\/lison_14367\" target=\"_blank\" rel=\"noopener\">Lison <\/a>(Calvados) et <a href=\"https:\/\/actu.fr\/normandie\/folligny_50188\" target=\"_blank\" rel=\"noopener\">Folligny<\/a>, dans les<b> deux sens de circulation<\/b>, alors que les <b>sapeurs-pompiers<\/b> et la<b> police judiciaire<\/b> ont \u00e9t\u00e9 d\u00e9ploy\u00e9s sur place.<\/p>\n<p>    <a href=\"https:\/\/www.google.com\/maps\/embed?pb=!1m18!1m12!1m3!1d2615.3042388300855!2d-1.4441707882806027!3d49.042838587589536!2m3!1f0!2f0!3f0!3m2!1i1024!2i768!4f13.1!3m3!1m2!1s0x480c74d8047a866b%3A0x90b5a7328c1e14d1!2sGare%20de%20Coutances!5e0!3m2!1sfr!2sfr!4v1749494687976!5m2!1sfr!2sfr\" title=\"Ouvrie le lien\" target=\"_blank\" rel=\"noopener\">Cliquez ici pour visualiser le contenu<\/a><\/p>\n<p class=\" wall-content\">\u00c0 20\u00a0heures pass\u00e9es, la <a href=\"https:\/\/x.com\/train_nomad?ref_src=twsrc%5Egoogle%7Ctwcamp%5Eserp%7Ctwgr%5Eauthor\">SNCF Nomad Train<\/a> informait que <b>des cars <\/b>\u00e9taient mis \u00e0 disposition pour<b> les voyageurs <\/b>en gare coutan\u00e7aise, vers Caen, Paris et Granville.<\/p>\n<p class=\" wall-content\">Plus d\u2019informations \u00e0 venir\u2026<\/p>\n<p class=\" wall-content\">Suivez toute l\u2019actualit\u00e9 de vos villes et m\u00e9dias favoris en vous inscrivant \u00e0 <a href=\"https:\/\/moncompte.actu.fr\" title=\"D\u00e9couvez Mon Actu\" rel=\"nofollow noopener\" data-trk=\"{&quot;cta&quot;:{&quot;action&quot;:&quot;https:\\\/\\\/moncompte.actu.fr&quot;,&quot;category&quot;:&quot;mon compte&quot;,&quot;from&quot;:&quot;article footer&quot;,&quot;name&quot;:&quot;Mon actu&quot;,&quot;type&quot;:&quot;cta&quot;}}\" target=\"_blank\">Mon Actu<\/a>.<\/p>\n","protected":false},"excerpt":{"rendered":"Par R\u00e9daction La Presse de la Manche Publi\u00e9 le 9 juin 2025 \u00e0 20h48 Ce lundi 9\u00a0juin 2025,&hellip;\n","protected":false},"author":2,"featured_media":164530,"comment_status":"","ping_status":"","sticky":false,"template":"","format":"standard","meta":{"footnotes":""},"categories":[6],"tags":[119,35,33,34,118,1011,27,2215],"class_list":{"0":"post-164529","1":"post","2":"type-post","3":"status-publish","4":"format-standard","5":"has-post-thumbnail","7":"category-economie","8":"tag-accident","9":"tag-business","10":"tag-economie","11":"tag-economy","12":"tag-faits-divers","13":"tag-fr","14":"tag-france","15":"tag-sncf"},"share_on_mastodon":{"url":"https:\/\/pubeurope.com\/@fr\/114656453863192308","error":""},"_links":{"self":[{"href":"https:\/\/www.europesays.com\/fr\/wp-json\/wp\/v2\/posts\/164529","targetHints":{"allow":["GET"]}}],"collection":[{"href":"https:\/\/www.europesays.com\/fr\/wp-json\/wp\/v2\/posts"}],"about":[{"href":"https:\/\/www.europesays.com\/fr\/wp-json\/wp\/v2\/types\/post"}],"author":[{"embeddable":true,"href":"https:\/\/www.europesays.com\/fr\/wp-json\/wp\/v2\/users\/2"}],"replies":[{"embeddable":true,"href":"https:\/\/www.europesays.com\/fr\/wp-json\/wp\/v2\/comments?post=164529"}],"version-history":[{"count":0,"href":"https:\/\/www.europesays.com\/fr\/wp-json\/wp\/v2\/posts\/164529\/revisions"}],"wp:featuredmedia":[{"embeddable":true,"href":"https:\/\/www.europesays.com\/fr\/wp-json\/wp\/v2\/media\/164530"}],"wp:attachment":[{"href":"https:\/\/www.europesays.com\/fr\/wp-json\/wp\/v2\/media?parent=164529"}],"wp:term":[{"taxonomy":"category","embeddable":true,"href":"https:\/\/www.europesays.com\/fr\/wp-json\/wp\/v2\/categories?post=164529"},{"taxonomy":"post_tag","embeddable":true,"href":"https:\/\/www.europesays.com\/fr\/wp-json\/wp\/v2\/tags?post=164529"}],"curies":[{"name":"wp","href":"https:\/\/api.w.org\/{rel}","templated":true}]}}