{"id":164531,"date":"2025-06-10T01:23:04","date_gmt":"2025-06-10T01:23:04","guid":{"rendered":"https:\/\/www.europesays.com\/fr\/164531\/"},"modified":"2025-06-10T01:23:04","modified_gmt":"2025-06-10T01:23:04","slug":"voici-ce-quil-se-passe-3","status":"publish","type":"post","link":"https:\/\/www.europesays.com\/fr\/164531\/","title":{"rendered":"voici ce qu&rsquo;il se passe"},"content":{"rendered":"<p>            Par<br \/>\n        <strong><br \/>\n            <a href=\"https:\/\/actu.fr\/auteur\/fabien-binacchi\" title=\"Consulter tous les articles de Fabien Binacchi\" target=\"_blank\" rel=\"noopener\">Fabien Binacchi<\/a><br \/>\n        <\/strong><\/p>\n<p>        Publi\u00e9 le<\/p>\n<p>            9 juin 2025 \u00e0 17h15        <\/p>\n<p>Si vous pensiez avoir la vision troubl\u00e9e ce lundi, ne vous rendez pas forc\u00e9ment tout de suite chez un ophtalmologue. <strong>Un ph\u00e9nom\u00e8ne venu de tr\u00e8s loin<\/strong> entra\u00eene un ciel voil\u00e9, voire carr\u00e9ment \u00ab\u2009laiteux\u2009\u00bb ce lundi 9\u00a0juin 2025 \u00e0 <a href=\"https:\/\/actu.fr\/marseille\/\" target=\"_blank\" rel=\"noopener\">Marseille<\/a> et dans les <a href=\"https:\/\/actu.fr\/provence-alpes-cote-d-azur\/bouches-du-rhone_13\" target=\"_blank\" rel=\"noopener\">Bouches-du-Rh\u00f4ne<\/a>.<\/p>\n<p class=\" wall-content\">Voici ce qu\u2019il se passe et jusqu\u2019\u00e0 quand \u00e7a va durer.<\/p>\n<p>Des \u00ab\u2009m\u00e9gas\u2009\u00bb incendies au Canada<\/p>\n<p class=\" wall-content\">Une impression de \u00ab\u2009pur\u00e9e de pois\u2009\u00bb ce lundi 9\u00a0juin 2025 dans les Bouches-du-Rh\u00f4ne\u2009? C\u2019est normal. Enfin, \u00e7a s\u2019explique, en regardant \u00e0 des milliers de kilom\u00e8tres de l\u00e0. \u00ab\u2009De l\u2019autre c\u00f4t\u00e9 de l\u2019Atlantique\u2009\u00bb, en Am\u00e9rique de Nord et <strong>au Canada<\/strong> exactement, r\u00e9v\u00e8le le m\u00e9t\u00e9orologue Paul Marquis, fondateur de La M\u00e9t\u00e9o du 13.<\/p>\n<p class=\" wall-content\">Le pays \u00ab\u2009subit des \u2018m\u00e9gas\u2019 feux depuis plusieurs semaines et les fum\u00e9es traversent l\u2019atlantique pour se retrouver en Europe jusque chez nous\u2009\u00bb, rappelle le sp\u00e9cialiste.<\/p>\n<p class=\" wall-content\">En fin de semaine derni\u00e8re, <strong>plus de 200 incendies<\/strong> \u00e9taient toujours actifs, dont la moiti\u00e9 jug\u00e9e hors de contr\u00f4le, dans les provinces de la Saskatchewan et du Manitoba.<\/p>\n<p>Vid\u00e9os : en ce moment sur ActuJusqu\u2019\u00e0 demain\u2026 avant un autre ph\u00e9nom\u00e8ne<\/p>\n<p class=\" wall-content\">Ce lundi 9\u00a0juin, ce ph\u00e9nom\u00e8ne de ciel laiteux \u00e9tait encore bien visible dans les Bouches-du-Rh\u00f4ne, notamment \u00e0 Marseille. Une image d\u2019une webcam positionn\u00e9e sur les <strong>plages de Pointe-Rouge<\/strong>, et partag\u00e9e par Paul Marquis, laissait clairement appara\u00eetre un voile.<\/p>\n<p>    <a href=\"https:\/\/www.facebook.com\/plugins\/post.php?href=https%3A%2F%2Fwww.facebook.com%2Flameteodu13%2Fposts%2Fpfbid0225pqgb9rAnykk54iKHtbKTKhSWq4KwFwZJz3EbjCptffkhETCk5u1CxVzewqdUUcl&amp;show_text=true&amp;width=350\" title=\"Ouvrie le lien\" target=\"_blank\" rel=\"noopener\">Cliquez ici pour visualiser le contenu<\/a><\/p>\n<p class=\" wall-content\">\u00ab\u2009Les fum\u00e9es des incendies du Canada continuent de survoler les Bouches-du-Rh\u00f4ne ainsi que toute la r\u00e9gion et cela sera encore le cas <strong>jusqu\u2019\u00e0 demain<\/strong>\u2009\u00bb mardi, pr\u00e9dit l\u2019expert.<\/p>\n<p class=\" wall-content\">Difficile, ensuite, de retrouver un ciel vraiment bleu puisque <strong>les poussi\u00e8res du Sahara<\/strong> prendront le relais, mercredi ou jeudi. Tout \u00e7a sous des temp\u00e9ratures tr\u00e8s hautes pour la saison. Il fait <strong>jusqu\u2019\u00e0 32\u00b0C<\/strong> ce lundi dans le d\u00e9partement.<\/p>\n<p class=\" wall-content\">Suivez toute l\u2019actualit\u00e9 de vos villes et m\u00e9dias favoris en vous inscrivant \u00e0 <a href=\"https:\/\/moncompte.actu.fr\" title=\"D\u00e9couvez Mon Actu\" rel=\"nofollow noopener\" data-trk=\"{&quot;cta&quot;:{&quot;action&quot;:&quot;https:\\\/\\\/moncompte.actu.fr&quot;,&quot;category&quot;:&quot;mon compte&quot;,&quot;from&quot;:&quot;article footer&quot;,&quot;name&quot;:&quot;Mon actu&quot;,&quot;type&quot;:&quot;cta&quot;}}\" target=\"_blank\">Mon Actu<\/a>.<\/p>\n","protected":false},"excerpt":{"rendered":"Par Fabien Binacchi Publi\u00e9 le 9 juin 2025 \u00e0 17h15 Si vous pensiez avoir la vision troubl\u00e9e ce&hellip;\n","protected":false},"author":2,"featured_media":164532,"comment_status":"","ping_status":"","sticky":false,"template":"","format":"standard","meta":{"footnotes":""},"categories":[5],"tags":[11,574,1011,27,1310,14,2487,2357,12,28],"class_list":{"0":"post-164531","1":"post","2":"type-post","3":"status-publish","4":"format-standard","5":"has-post-thumbnail","7":"category-international","8":"tag-actualites","9":"tag-canada","10":"tag-fr","11":"tag-france","12":"tag-incendie","13":"tag-international","14":"tag-meteo","15":"tag-meteo-france","16":"tag-news","17":"tag-world"},"share_on_mastodon":{"url":"https:\/\/pubeurope.com\/@fr\/114656457702329035","error":""},"_links":{"self":[{"href":"https:\/\/www.europesays.com\/fr\/wp-json\/wp\/v2\/posts\/164531","targetHints":{"allow":["GET"]}}],"collection":[{"href":"https:\/\/www.europesays.com\/fr\/wp-json\/wp\/v2\/posts"}],"about":[{"href":"https:\/\/www.europesays.com\/fr\/wp-json\/wp\/v2\/types\/post"}],"author":[{"embeddable":true,"href":"https:\/\/www.europesays.com\/fr\/wp-json\/wp\/v2\/users\/2"}],"replies":[{"embeddable":true,"href":"https:\/\/www.europesays.com\/fr\/wp-json\/wp\/v2\/comments?post=164531"}],"version-history":[{"count":0,"href":"https:\/\/www.europesays.com\/fr\/wp-json\/wp\/v2\/posts\/164531\/revisions"}],"wp:featuredmedia":[{"embeddable":true,"href":"https:\/\/www.europesays.com\/fr\/wp-json\/wp\/v2\/media\/164532"}],"wp:attachment":[{"href":"https:\/\/www.europesays.com\/fr\/wp-json\/wp\/v2\/media?parent=164531"}],"wp:term":[{"taxonomy":"category","embeddable":true,"href":"https:\/\/www.europesays.com\/fr\/wp-json\/wp\/v2\/categories?post=164531"},{"taxonomy":"post_tag","embeddable":true,"href":"https:\/\/www.europesays.com\/fr\/wp-json\/wp\/v2\/tags?post=164531"}],"curies":[{"name":"wp","href":"https:\/\/api.w.org\/{rel}","templated":true}]}}