{"id":164534,"date":"2025-06-10T01:25:15","date_gmt":"2025-06-10T01:25:15","guid":{"rendered":"https:\/\/www.europesays.com\/fr\/164534\/"},"modified":"2025-06-10T01:25:15","modified_gmt":"2025-06-10T01:25:15","slug":"a-monaco-et-a-nice-emmanuel-macron-enjambe-lencombrant-anniversaire-de-la-dissolution","status":"publish","type":"post","link":"https:\/\/www.europesays.com\/fr\/164534\/","title":{"rendered":"\u00c0 Monaco et \u00e0 Nice, Emmanuel Macron enjambe l\u2019encombrant anniversaire de la dissolution"},"content":{"rendered":"<p>            <a href=\"https:\/\/www.lefigaro.fr\/politique\/presidentielle-edouard-philippe-peint-en-noir-la-france-d-emmanuel-macron-pour-ne-pas-endosser-son-heritage-20250605\" class=\"fig-ranking-profile-link\" aria-label=\"Pr\u00e9sidentielle\u00a0: \u00c9douard Philippe peint en noir la France d\u2019Emmanuel Macron pour ne pas endosser son h\u00e9ritage (article Premium)\" title=\"Pr\u00e9sidentielle\u00a0: \u00c9douard Philippe peint en noir la France d\u2019Emmanuel Macron pour ne pas endosser son h\u00e9ritage (article Premium)\" data-fig-domain=\"LEFIGARO\" target=\"_blank\" rel=\"noopener\"><\/p>\n<p>        Pr\u00e9sidentielle\u00a0: \u00c9douard Philippe peint en noir la France d\u2019Emmanuel Macron pour ne pas endosser son h\u00e9ritage<\/p>\n<p>                                                                        <\/a><\/p>\n<p>        <img   class=\"fig-img fig-ranking-profile-media-small-picture__photo\" alt=\"Pr\u00e9sidentielle\u00a0: \u00c9douard Philippe peint en noir la France d\u2019Emmanuel Macron pour ne pas endosser son h\u00e9ritage\" height=\"2000\" width=\"3000\"\/><\/p>\n<p class=\"fig-ranking-profile-standfirst\">\n    <strong>R\u00c9CIT &#8211; <\/strong>Le candidat Horizons, qui se dit \u00abmalade de col\u00e8re\u00bb dans son dernier livre, Le Prix de nos mensonges, fait un pari compliqu\u00e9\u00a0: concilier la critique du bilan du pr\u00e9sident avec son pass\u00e9 \u00e0 Matignon, sans appara\u00eetre incons\u00e9quent.\n<\/p>\n<p>            <a href=\"https:\/\/www.lefigaro.fr\/politique\/emmanuel-macron-a-offert-un-mont-sous-marin-au-prince-albert-ii-de-monaco-20250607\" class=\"fig-ranking-profile-link\" data-fig-domain=\"LEFIGARO\" target=\"_blank\" rel=\"noopener\"><\/p>\n<p>        Emmanuel Macron a offert un mont sous-marin au prince Albert II de Monaco<\/p>\n<p>                                                                        <\/a><\/p>\n<p>        <img   class=\"fig-img fig-ranking-profile-media-small-picture__photo\" alt=\"Emmanuel Macron a offert un mont sous-marin au prince Albert II de Monaco\" height=\"1603\" width=\"2850\"\/><\/p>\n<p class=\"fig-ranking-profile-standfirst\">\n    Lors de la visite du pr\u00e9sident fran\u00e7ais dans la principaut\u00e9, Albert II s\u2019est vu offrir un \u00abrelief sous-marin majeur\u00bb situ\u00e9 dans l\u2019oc\u00e9an Indien, mesurant 1958 m\u00e8tres, \u00abcomme la date de naissance du prince\u00bb,a pr\u00e9cis\u00e9 l\u2019\u00c9lys\u00e9e.\n<\/p>\n<p>            <a href=\"https:\/\/www.lefigaro.fr\/politique\/l-assemblee-nationale-adopte-une-resolution-d-abrogation-de-la-reforme-des-retraites-20250605\" class=\"fig-ranking-profile-link\" data-fig-domain=\"LEFIGARO\" target=\"_blank\" rel=\"noopener\"><\/p>\n<p>        L\u2019Assembl\u00e9e nationale adopte une r\u00e9solution d\u2019abrogation de la r\u00e9forme des retraites<\/p>\n<p>                                                                        <\/a><\/p>\n<p>        <img   class=\"fig-img fig-ranking-profile-media-small-picture__photo\" alt=\"L\u2019Assembl\u00e9e nationale adopte une r\u00e9solution d\u2019abrogation de la r\u00e9forme des retraites\" height=\"2000\" width=\"3000\"\/><\/p>\n<p class=\"fig-ranking-profile-standfirst\">\n    \u00c0 deux semaines de la fin du conclave sur les retraites, les d\u00e9put\u00e9s ont mis la pression sur l\u2019ex\u00e9cutif en adoptant tr\u00e8s largement, ce jeudi un texte non contraignant d\u00e9fendu par le Parti communiste.<\/p>\n","protected":false},"excerpt":{"rendered":"Pr\u00e9sidentielle\u00a0: \u00c9douard Philippe peint en noir la France d\u2019Emmanuel Macron pour ne pas endosser son h\u00e9ritage R\u00c9CIT &#8211;&hellip;\n","protected":false},"author":2,"featured_media":164535,"comment_status":"","ping_status":"","sticky":false,"template":"","format":"standard","meta":{"footnotes":""},"categories":[2],"tags":[11,426,427,422,423,13281,1073,436,1011,27,418,424,425,420,421,12,419,316,429,428],"class_list":{"0":"post-164534","1":"post","2":"type-post","3":"status-publish","4":"format-standard","5":"has-post-thumbnail","7":"category-actualites","8":"tag-actualites","9":"tag-candidat","10":"tag-candidats","11":"tag-depute","12":"tag-deputes","13":"tag-dissolution-de-lassemblee-nationale","14":"tag-emmanuel-macron","15":"tag-environnement","16":"tag-fr","17":"tag-france","18":"tag-gouvernement","19":"tag-institution","20":"tag-institutions","21":"tag-loi","22":"tag-lois","23":"tag-news","24":"tag-opposition","25":"tag-politique","26":"tag-ps","27":"tag-ump"},"share_on_mastodon":{"url":"https:\/\/pubeurope.com\/@fr\/114656465575189044","error":""},"_links":{"self":[{"href":"https:\/\/www.europesays.com\/fr\/wp-json\/wp\/v2\/posts\/164534","targetHints":{"allow":["GET"]}}],"collection":[{"href":"https:\/\/www.europesays.com\/fr\/wp-json\/wp\/v2\/posts"}],"about":[{"href":"https:\/\/www.europesays.com\/fr\/wp-json\/wp\/v2\/types\/post"}],"author":[{"embeddable":true,"href":"https:\/\/www.europesays.com\/fr\/wp-json\/wp\/v2\/users\/2"}],"replies":[{"embeddable":true,"href":"https:\/\/www.europesays.com\/fr\/wp-json\/wp\/v2\/comments?post=164534"}],"version-history":[{"count":0,"href":"https:\/\/www.europesays.com\/fr\/wp-json\/wp\/v2\/posts\/164534\/revisions"}],"wp:featuredmedia":[{"embeddable":true,"href":"https:\/\/www.europesays.com\/fr\/wp-json\/wp\/v2\/media\/164535"}],"wp:attachment":[{"href":"https:\/\/www.europesays.com\/fr\/wp-json\/wp\/v2\/media?parent=164534"}],"wp:term":[{"taxonomy":"category","embeddable":true,"href":"https:\/\/www.europesays.com\/fr\/wp-json\/wp\/v2\/categories?post=164534"},{"taxonomy":"post_tag","embeddable":true,"href":"https:\/\/www.europesays.com\/fr\/wp-json\/wp\/v2\/tags?post=164534"}],"curies":[{"name":"wp","href":"https:\/\/api.w.org\/{rel}","templated":true}]}}